{"id":374668,"date":"2026-09-04T08:29:14","date_gmt":"2026-09-04T08:29:14","guid":{"rendered":"https:\/\/www.europesays.com\/at\/374668\/"},"modified":"2026-09-04T08:29:14","modified_gmt":"2026-09-04T08:29:14","slug":"bei-wahl-sieg-dann-hat-ulrich-siegmund-mit-der-afd-einen-regierungsbildungsauftrag-sagt-cdu-politiker-mueller","status":"publish","type":"post","link":"https:\/\/www.europesays.com\/at\/374668\/","title":{"rendered":"Bei Wahl-Sieg: \u201eDann hat Ulrich Siegmund mit der AfD einen Regierungsbildungsauftrag\u201c, sagt CDU-Politiker M\u00fcller"},"content":{"rendered":"<p class=\"is-first-paragraph\" data-external=\"Article.FirstParagraph\">Der Vorsitzende der CDU-Landesgruppe Sachsen-Anhalt im Bundestag, <a class=\"is-link c-block-items__link c-link--rich-text-renderer\" href=\"https:\/\/www.welt.de\/videos\/video6a3e0d2dafe845031b3aec18\/sepp-mueller-cdu-die-menschen-haben-sorge-um-ihr-einkommen-das-ist-nicht-von-der-hand-zu-weisen.html\" target=\"_blank\" title=\"Link wird in einem neuen Tab ge\u00f6ffnet\" rel=\"noopener nofollow\" data-internal-tracking-enabled=\"true\" data-internal-tracking=\"{&quot;action&quot;:&quot;click&quot;,&quot;label&quot;:&quot;link&quot;,&quot;name&quot;:&quot;Inline Element&quot;,&quot;data&quot;:{&quot;source&quot;:&quot;&quot;,&quot;target&quot;:&quot;https:\/\/www.welt.de\/videos\/video6a3e0d2dafe845031b3aec18\/sepp-mueller-cdu-die-menschen-haben-sorge-um-ihr-einkommen-das-ist-nicht-von-der-hand-zu-weisen.html&quot;,&quot;trackingName&quot;:&quot;&quot;,&quot;trackingLabel&quot;:&quot;&quot;}}\">Sepp M\u00fcller<\/a>, sieht die Verantwortung zur Regierungsbildung nach der Landtagswahl am kommenden Sonntag bei der AfD. \u201eSollten die Umfrageergebnisse Wahlergebnisse werden, dann hat Ulrich Siegmund mit der AfD einen Regierungsbildungsauftrag\u201c, sagte M\u00fcller im 200-Sekunden-Interview des \u201eBerlin Playbook\u201c-Podcasts der WELT-Partnerpublikation \u201ePolitico\u201c.<\/p>\n<p>\u201eF\u00fcr uns ist ganz klar, dass wir aus der Mitte heraus die Mehrheit organisieren wollen\u201c, so M\u00fcller weiter. Zugleich stellte er klar, dass seine Partei keine Koalition mit der Linken oder der AfD eingehen werde. \u201eWenn das nicht m\u00f6glich ist, dann liegt der Regierungsbildungsauftrag bei der st\u00e4rksten Fraktion\u201c, so M\u00fcller.<\/p>\n<p>Wenige Tage vor der Landtagswahl in Sachsen-Anhalt liegt die AfD einer Umfrage zufolge <a class=\"is-link c-block-items__link c-link--rich-text-renderer\" href=\"https:\/\/www.welt.de\/politik\/deutschland\/article6a99d0f662f362fd3a92c10a\/umfrage-afd-erreicht-neuen-rekordwert-mehr-als-ein-viertel-noch-unentschlossen.html\" data-internal-tracking-enabled=\"true\" data-internal-tracking=\"{&quot;action&quot;:&quot;click&quot;,&quot;label&quot;:&quot;link&quot;,&quot;name&quot;:&quot;Inline Element&quot;,&quot;data&quot;:{&quot;source&quot;:&quot;&quot;,&quot;target&quot;:&quot;https:\/\/www.welt.de\/politik\/deutschland\/article6a99d0f662f362fd3a92c10a\/umfrage-afd-erreicht-neuen-rekordwert-mehr-als-ein-viertel-noch-unentschlossen.html&quot;,&quot;trackingName&quot;:&quot;&quot;,&quot;trackingLabel&quot;:&quot;&quot;}}\" rel=\"nofollow noopener\" target=\"_blank\">mit gro\u00dfem Abstand auf dem ersten Platz<\/a>. Die Partei k\u00e4me mit 41 Prozent der Stimmen auf einen neuen Rekordwert und w\u00fcrde damit ihr Ergebnis von vor f\u00fcnf Jahren in etwa verdoppeln, wie aus dem aktuellen ZDF-Politbarometer hervorgeht. Bei der Landtagswahl 2021 kam die Partei auf 20,8 Prozent.<\/p>\n<p>Die CDU von Ministerpr\u00e4sident Sven Schulze bleibt im Vergleich zur letzten Umfrage unver\u00e4ndert (23 Prozent), m\u00fcsste aber dennoch im Vergleich zur letzten Landtagswahl mit starken Verlusten rechnen. Damals kam die Partei auf 37,1 Prozent.<\/p>\n<p>Die Ergebnisse des Politbarometers im \u00dcberblick:AfD: 41 Prozent (+1 Punkt)CDU: 23 Prozent (+\/-0)Linke: 11,5 Prozent (-1,5 Punkte)SPD: 8,5 Prozent (-0,5 Punkte)Gr\u00fcne: 6 Prozent (+\/-0)BSW: 4 Prozent (+1)FDP: 3 Prozent (+\/-0)<\/p>\n<p>Die Erhebung ist lediglich ein Stimmungsbild. Die Meinungsforscher wiesen darauf hin, dass 26 Prozent der Befragten noch unentschlossen seien. Bei der Wahl vor f\u00fcnf Jahren war \u200cdie CDU mit 37,1 Prozent noch st\u00e4rkste \u200cKraft geworden. Die AfD landete damals mit 20,8 Prozent auf dem zweiten Platz, gefolgt von der Linken mit \u200c11,0 Prozent, der SPD mit 8,4, der FDP \u200cmit 6,4 \u200cund den Gr\u00fcnen mit 5,9 Prozent.<\/p>\n<p>Berichten \u00fcber eine angebliche Shortlist der AfD mit CDU-Abgeordneten, die f\u00fcr die Wahl von AfD-Spitzenkandidat Ulrich Siegmund zum Ministerpr\u00e4sidenten gewonnen werden k\u00f6nnten, widersprach M\u00fcller. \u201eAlso ich glaube, das ist eher eine Ente, die medial gespielt wird\u201c, sagte er. \u201eSven Schulze hat hier eine Landesliste aufgestellt, wo jeder Kandidat ihn auch unterst\u00fctzen wird.\u201c F\u00fcr den Fall, dass keine Mehrheit zustande kommt, k\u00fcndigte M\u00fcller an: \u201eUnsere Regierung bleibt gesch\u00e4ftsf\u00fchrend im Amt, sofern sie keine Mehrheit hat. Das Land wird also weiterhin regiert mit Sven Schulze an der Spitze.\u201c<\/p>\n","protected":false},"excerpt":{"rendered":"Der Vorsitzende der CDU-Landesgruppe Sachsen-Anhalt im Bundestag, Sepp M\u00fcller, sieht die Verantwortung zur Regierungsbildung nach der Landtagswahl am&hellip;\n","protected":false},"author":2,"featured_media":374669,"comment_status":"","ping_status":"","sticky":false,"template":"","format":"standard","meta":{"footnotes":"","_share_on_mastodon":"0"},"categories":[12],"tags":[5120,2840,40,41,78958,2256,39,70138,90677,81384,210,90678,66,65,64],"class_list":["post-374668","post","type-post","status-publish","format-standard","has-post-thumbnail","category-welt","tag-afd","tag-cdu","tag-nachrichten","tag-news","tag-newsos-import-welt","tag-newsteam","tag-schlagzeilen","tag-schulze","tag-siegmund","tag-sven","tag-texttospeech","tag-ulrich-afd","tag-welt","tag-world","tag-world-news"],"share_on_mastodon":{"url":"https:\/\/pubeurope.com\/@at\/117211834881652206","error":""},"_links":{"self":[{"href":"https:\/\/www.europesays.com\/at\/wp-json\/wp\/v2\/posts\/374668","targetHints":{"allow":["GET"]}}],"collection":[{"href":"https:\/\/www.europesays.com\/at\/wp-json\/wp\/v2\/posts"}],"about":[{"href":"https:\/\/www.europesays.com\/at\/wp-json\/wp\/v2\/types\/post"}],"author":[{"embeddable":true,"href":"https:\/\/www.europesays.com\/at\/wp-json\/wp\/v2\/users\/2"}],"replies":[{"embeddable":true,"href":"https:\/\/www.europesays.com\/at\/wp-json\/wp\/v2\/comments?post=374668"}],"version-history":[{"count":0,"href":"https:\/\/www.europesays.com\/at\/wp-json\/wp\/v2\/posts\/374668\/revisions"}],"wp:featuredmedia":[{"embeddable":true,"href":"https:\/\/www.europesays.com\/at\/wp-json\/wp\/v2\/media\/374669"}],"wp:attachment":[{"href":"https:\/\/www.europesays.com\/at\/wp-json\/wp\/v2\/media?parent=374668"}],"wp:term":[{"taxonomy":"category","embeddable":true,"href":"https:\/\/www.europesays.com\/at\/wp-json\/wp\/v2\/categories?post=374668"},{"taxonomy":"post_tag","embeddable":true,"href":"https:\/\/www.europesays.com\/at\/wp-json\/wp\/v2\/tags?post=374668"}],"curies":[{"name":"wp","href":"https:\/\/api.w.org\/{rel}","templated":true}]}}