{"id":374682,"date":"2026-09-04T08:37:17","date_gmt":"2026-09-04T08:37:17","guid":{"rendered":"https:\/\/www.europesays.com\/at\/374682\/"},"modified":"2026-09-04T08:37:17","modified_gmt":"2026-09-04T08:37:17","slug":"harry-und-meghan-schule-verschickt-warnbriefe-wegen-archie-und-lilibet","status":"publish","type":"post","link":"https:\/\/www.europesays.com\/at\/374682\/","title":{"rendered":"Harry und Meghan: Schule verschickt Warnbriefe wegen Archie und Lilibet"},"content":{"rendered":"<p>R\u00fcckkehr nach Gro\u00dfbritannien <\/p>\n<p>Schule verschickt Warnbriefe wegen Harry und Meghans Kindern<\/p>\n<p>03.09.2026 &#8211; 12:32 UhrLesedauer: 2 Min.<\/p>\n<p><a href=\"#focus-0\" class=\"transition-colors block text-current relative\" data-sctrack=\"FocusGalleryImage.Reference\"><img fetchpriority=\"high\" data-testid=\"Opener.Image\"   loading=\"eager\" src=\"https:\/\/www.europesays.com\/at\/wp-content\/uploads\/2026\/09\/herzogin-meghan-und-prinz-harry-sie-wohnen-wieder-in-grossbritannien.jpg\" alt=\"Herzogin Meghan und Prinz Harry: Sie wohnen wieder in Gro\u00dfbritannien.\" title=\"Herzogin Meghan und Prinz Harry: Sie wohnen wieder in Gro\u00dfbritannien.\" width=\"1769\" height=\"995\" class=\"bg-[url:var(--lqipURL)] bg-cover bg-center flex h-full w-full max-w-full\" style=\"--lqipURL:url('https:\/\/images.t-online.de\/2025\/04\/FmjLvmEl3HB9\/117x0:1769x995\/fit-in\/150x0\/filters:blur(25)\/herzogin-meghan-und-prinz-harry-sie-wohnen-wieder-in-grossbritannien.jpg')\" decoding=\"async\"\/><img loading=\"lazy\" src=\"https:\/\/www.t-online.de\/s\/paper\/_next\/static\/media\/zoom-in.f7dae02f.svg\" alt=\"Vergr\u00f6\u00dfern des Bildes\" title=\"Vergr\u00f6\u00dfern des Bildes\" class=\"block h-[calc(var(--height)_\/_16_*_1rem)] w-[calc(var(--width)_\/_16_*_1rem)] max-w-none absolute right-8 bottom-8 rounded-4 bg-snow p-8\" style=\"--width:32;--height:32\" decoding=\"async\"\/><\/a><\/p>\n<p>Herzogin Meghan und Prinz Harry: Sie wohnen wieder in Gro\u00dfbritannien. (Quelle: Matt Dunham\/AP\/dpa\/dpa-bilder)<\/p>\n<p><img loading=\"lazy\" src=\"https:\/\/www.t-online.de\/s\/paper\/_next\/static\/media\/audio-volume.6689034c.svg\" alt=\"\" title=\"\" class=\"block h-[calc(var(--height)_\/_16_*_1rem)] w-[calc(var(--width)_\/_16_*_1rem)] max-w-none group-hover:brightness-0 group-hover:invert\" style=\"--width:16;--height:16\" decoding=\"async\"\/>Vorlesen<\/p>\n<p>Aktuelle Zeit:0:00Gesamtdauer:0:00<\/p>\n<p>1x<img loading=\"lazy\" src=\"https:\/\/www.t-online.de\/s\/paper\/_next\/static\/media\/font-sizes.32942e33.svg\" alt=\"\" title=\"\" class=\"block h-[calc(var(--height)_\/_16_*_1rem)] w-[calc(var(--width)_\/_16_*_1rem)] max-w-none group-hover:hidden group-aria-expanded:hidden\" style=\"--width:16;--height:16\" decoding=\"async\"\/><img loading=\"lazy\" src=\"https:\/\/www.t-online.de\/s\/paper\/_next\/static\/media\/font-sizes-dark-mode.e382645c.svg\" alt=\"\" title=\"\" class=\"block h-[calc(var(--height)_\/_16_*_1rem)] w-[calc(var(--width)_\/_16_*_1rem)] max-w-none hidden group-hover:block group-aria-expanded:block\" style=\"--width:16;--height:16\" decoding=\"async\"\/><img loading=\"lazy\" src=\"https:\/\/www.t-online.de\/s\/paper\/_next\/static\/media\/sharing-menu-icon.1eb71368.svg\" alt=\"\" title=\"\" class=\"block h-[calc(var(--height)_\/_16_*_1rem)] w-[calc(var(--width)_\/_16_*_1rem)] max-w-none group-hover:brightness-0 group-hover:invert\" style=\"--width:16;--height:16\" decoding=\"async\"\/>Artikel teilen<\/p>\n<p class=\"font-bold text-18 leading-17 user-text-lg:text-22 user-text-xl:text-24\">Prinz Harry und Herzogin Meghan leben wieder in England. Nun erregt der Brief einer Privatschule in den Cotswolds Aufsehen.<\/p>\n<p class=\"text-18 leading-17 user-text-lg:text-22 user-text-xl:text-24\">Eine Privatschule in den Cotswolds hat Eltern mit einem ungew\u00f6hnlichen Brief \u00fcberrascht. Der Grund: <a href=\"https:\/\/www.t-online.de\/themen\/prinz-harry\/\" class=\"transition-colors cursor-pointer no-underline md:hover:text-magenta md:focus:text-magenta border-b border-solid border-current text-salemsfur md:hover:border-magenta\" data-tracking=\"{&quot;action&quot;:&quot;click&quot;,&quot;category&quot;:&quot;intextLink&quot;,&quot;label&quot;:&quot;\/themen\/prinz-harry\/&quot;}\" data-sctrack=\"BodyAnchor\" rel=\"nofollow noopener\" target=\"_blank\">Prinz Harry<\/a> und Herzogin Meghan sind nach England zur\u00fcckgekehrt und wollen ihre Kinder Archie und Lilibet dort einschulen.<\/p>\n<p class=\"text-18 leading-17 user-text-lg:text-22 user-text-xl:text-24\">Wie die K\u00f6nigshaus-Expertin Kinsey Schofield dem US-Portal &#8222;Page Six&#8220; berichtete, wurden Familien in der Region bereits \u00fcber versch\u00e4rfte Verhaltensregeln informiert. In dem Schreiben hei\u00dft es, dass &#8222;manche Familien, die neu an die Schule kommen, ein gr\u00f6\u00dferes Interesse der \u00d6ffentlichkeit oder der Medien auf sich ziehen k\u00f6nnten&#8220;.<\/p>\n<p>&#8222;Kein Fan&#8220;: <a href=\"https:\/\/www.t-online.de\/unterhaltung\/royals\/id_101417720\/prinz-harry-und-herzogin-meghan-verlassen-usa-donald-trump-laestert.html\" class=\"transition-colors cursor-pointer no-underline md:hover:text-magenta md:focus:text-magenta border-b border-solid border-current text-salemsfur md:hover:border-magenta\" data-tracking=\"{&quot;action&quot;:&quot;click&quot;,&quot;category&quot;:&quot;intextLink&quot;,&quot;label&quot;:&quot;\/unterhaltung\/royals\/id_101417720\/prinz-harry-und-herzogin-meghan-verlassen-usa-donald-trump-laestert.html&quot;}\" data-sctrack=\"BodyAnchor\" rel=\"nofollow noopener\" target=\"_blank\">Prinz Harry und Herzogin Meghan verlassen die USA \u2013 Trump tritt nach<\/a><\/p>\n<p class=\"text-18 leading-17 user-text-lg:text-22 user-text-xl:text-24\">Die Schule fordert Eltern und Betreuungspersonen auf, andere Sch\u00fcler weder heimlich zu fotografieren noch zu filmen, sofern keine ausdr\u00fcckliche Genehmigung vorliegt. Auch das Teilen von Bildern, pers\u00f6nlichen Daten oder sonstigen Details \u00fcber Kinder und deren Familien in sozialen Netzwerken ist untersagt. Ziel sei es, allen Kindern einen Schulalltag in &#8222;einer sicheren, gl\u00fccklichen und privaten Umgebung&#8220; zu erm\u00f6glichen.<\/p>\n<p class=\"text-18 leading-17 user-text-lg:text-22 user-text-xl:text-24\">Schofield betonte, dass sich die Regeln keineswegs ausschlie\u00dflich an Eltern richteten, deren Kinder gemeinsam mit Archie und Lilibet unterrichtet werden k\u00f6nnten. Sie sollten die Privatsph\u00e4re s\u00e4mtlicher Sch\u00fclerinnen und Sch\u00fcler sch\u00fctzen. Der Name der Schule wird bislang nicht \u00f6ffentlich genannt. Ob Harry und Meghan von den Briefen vorab in Kenntnis gesetzt wurden, ist laut Schofield nicht bekannt. Die Sussexes hatten sich vor dem Umzug bei mehreren Bildungseinrichtungen umgesehen.<\/p>\n<p><img loading=\"lazy\" src=\"https:\/\/www.t-online.de\/s\/paper\/_next\/static\/media\/video-carousel-play.6f25714b.svg\" alt=\"\" title=\"\" class=\"block h-[calc(var(--height)_\/_16_*_1rem)] w-[calc(var(--width)_\/_16_*_1rem)] max-w-none undefined\" style=\"--height:12\" decoding=\"async\"\/><\/p>\n<p>Prinz Harry und Herzogin Meghan ziehen in Promi-Gegend<\/p>\n<p class=\"text-18 leading-17 user-text-lg:text-22 user-text-xl:text-24\">Mitte August war bekannt geworden, dass Harry und Meghan ihr rund 14 Millionen Dollar teures Anwesen im kalifornischen Montecito verlassen und &#8222;f\u00fcr einen l\u00e4ngeren Zeitraum&#8220; nach England zur\u00fcckkehren wollten. Berichten zufolge plant Harry einen Aufenthalt von bis zu 15 Jahren. Bei der Wohnungssuche zog es die Familie in die Cotswolds, wo sich mit Highgrove House der Landsitz von <a href=\"https:\/\/www.t-online.de\/themen\/koenig-charles\/\" class=\"transition-colors cursor-pointer no-underline md:hover:text-magenta md:focus:text-magenta border-b border-solid border-current text-salemsfur md:hover:border-magenta\" data-tracking=\"{&quot;action&quot;:&quot;click&quot;,&quot;category&quot;:&quot;intextLink&quot;,&quot;label&quot;:&quot;\/themen\/koenig-charles\/&quot;}\" data-sctrack=\"BodyAnchor\" rel=\"nofollow noopener\" target=\"_blank\">K\u00f6nig Charles<\/a> III. und <a href=\"https:\/\/www.t-online.de\/themen\/koenigin-camilla\/\" class=\"transition-colors cursor-pointer no-underline md:hover:text-magenta md:focus:text-magenta border-b border-solid border-current text-salemsfur md:hover:border-magenta\" data-tracking=\"{&quot;action&quot;:&quot;click&quot;,&quot;category&quot;:&quot;intextLink&quot;,&quot;label&quot;:&quot;\/themen\/koenigin-camilla\/&quot;}\" data-sctrack=\"BodyAnchor\" rel=\"nofollow noopener\" target=\"_blank\">K\u00f6nigin Camilla<\/a> befindet.<\/p>\n<p class=\"text-18 leading-17 user-text-lg:text-22 user-text-xl:text-24\">Die Cotswolds sind als Wohnort bei Prominenten beliebt. Unter anderem haben sich dort David und <a href=\"https:\/\/www.t-online.de\/themen\/victoria-beckham\/\" class=\"transition-colors cursor-pointer no-underline md:hover:text-magenta md:focus:text-magenta border-b border-solid border-current text-salemsfur md:hover:border-magenta\" data-tracking=\"{&quot;action&quot;:&quot;click&quot;,&quot;category&quot;:&quot;intextLink&quot;,&quot;label&quot;:&quot;\/themen\/victoria-beckham\/&quot;}\" data-sctrack=\"BodyAnchor\" rel=\"nofollow noopener\" target=\"_blank\">Victoria Beckham<\/a>, <a href=\"https:\/\/www.t-online.de\/themen\/kate-moss\/\" class=\"transition-colors cursor-pointer no-underline md:hover:text-magenta md:focus:text-magenta border-b border-solid border-current text-salemsfur md:hover:border-magenta\" data-tracking=\"{&quot;action&quot;:&quot;click&quot;,&quot;category&quot;:&quot;intextLink&quot;,&quot;label&quot;:&quot;\/themen\/kate-moss\/&quot;}\" data-sctrack=\"BodyAnchor\" rel=\"nofollow noopener\" target=\"_blank\">Kate Moss<\/a> sowie <a href=\"https:\/\/www.t-online.de\/themen\/simon-cowell\/\" class=\"transition-colors cursor-pointer no-underline md:hover:text-magenta md:focus:text-magenta border-b border-solid border-current text-salemsfur md:hover:border-magenta\" data-tracking=\"{&quot;action&quot;:&quot;click&quot;,&quot;category&quot;:&quot;intextLink&quot;,&quot;label&quot;:&quot;\/themen\/simon-cowell\/&quot;}\" data-sctrack=\"BodyAnchor\" rel=\"nofollow noopener\" target=\"_blank\">Simon Cowell<\/a> niedergelassen. <a href=\"https:\/\/www.t-online.de\/themen\/prinz-william\/\" class=\"transition-colors cursor-pointer no-underline md:hover:text-magenta md:focus:text-magenta border-b border-solid border-current text-salemsfur md:hover:border-magenta\" data-tracking=\"{&quot;action&quot;:&quot;click&quot;,&quot;category&quot;:&quot;intextLink&quot;,&quot;label&quot;:&quot;\/themen\/prinz-william\/&quot;}\" data-sctrack=\"BodyAnchor\" rel=\"nofollow noopener\" target=\"_blank\">Prinz William<\/a> lebt mit <a href=\"https:\/\/www.t-online.de\/themen\/catherine-prinzessin-von-wales\/\" class=\"transition-colors cursor-pointer no-underline md:hover:text-magenta md:focus:text-magenta border-b border-solid border-current text-salemsfur md:hover:border-magenta\" data-tracking=\"{&quot;action&quot;:&quot;click&quot;,&quot;category&quot;:&quot;intextLink&quot;,&quot;label&quot;:&quot;\/themen\/catherine-prinzessin-von-wales\/&quot;}\" data-sctrack=\"BodyAnchor\" rel=\"nofollow noopener\" target=\"_blank\">Prinzessin Kate<\/a> und den drei Kindern George, Charlotte und Louis rund zwei Autostunden entfernt in Windsor.<\/p>\n","protected":false},"excerpt":{"rendered":"R\u00fcckkehr nach Gro\u00dfbritannien Schule verschickt Warnbriefe wegen Harry und Meghans Kindern 03.09.2026 &#8211; 12:32 UhrLesedauer: 2 Min. Herzogin&hellip;\n","protected":false},"author":2,"featured_media":374683,"comment_status":"","ping_status":"","sticky":false,"template":"","format":"standard","meta":{"footnotes":"","_share_on_mastodon":"0"},"categories":[27],"tags":[737,2788,46,42,175,59467,6379,147,1415,85721,14606,44,2969,93793,176,262,148,439,93792],"class_list":["post-374682","post","type-post","status-publish","format-standard","has-post-thumbnail","category-prominente","tag-737","tag-2788","tag-at","tag-austria","tag-celebrities","tag-cotswolds","tag-england","tag-entertainment","tag-grossbritannien","tag-kinsey-schofield","tag-meghan-markle","tag-oesterreich","tag-prinz-harry","tag-privatschule","tag-prominente","tag-schule","tag-unterhaltung","tag-usa","tag-warnbrief"],"share_on_mastodon":{"url":"https:\/\/pubeurope.com\/@at\/117211867070137092","error":""},"_links":{"self":[{"href":"https:\/\/www.europesays.com\/at\/wp-json\/wp\/v2\/posts\/374682","targetHints":{"allow":["GET"]}}],"collection":[{"href":"https:\/\/www.europesays.com\/at\/wp-json\/wp\/v2\/posts"}],"about":[{"href":"https:\/\/www.europesays.com\/at\/wp-json\/wp\/v2\/types\/post"}],"author":[{"embeddable":true,"href":"https:\/\/www.europesays.com\/at\/wp-json\/wp\/v2\/users\/2"}],"replies":[{"embeddable":true,"href":"https:\/\/www.europesays.com\/at\/wp-json\/wp\/v2\/comments?post=374682"}],"version-history":[{"count":0,"href":"https:\/\/www.europesays.com\/at\/wp-json\/wp\/v2\/posts\/374682\/revisions"}],"wp:featuredmedia":[{"embeddable":true,"href":"https:\/\/www.europesays.com\/at\/wp-json\/wp\/v2\/media\/374683"}],"wp:attachment":[{"href":"https:\/\/www.europesays.com\/at\/wp-json\/wp\/v2\/media?parent=374682"}],"wp:term":[{"taxonomy":"category","embeddable":true,"href":"https:\/\/www.europesays.com\/at\/wp-json\/wp\/v2\/categories?post=374682"},{"taxonomy":"post_tag","embeddable":true,"href":"https:\/\/www.europesays.com\/at\/wp-json\/wp\/v2\/tags?post=374682"}],"curies":[{"name":"wp","href":"https:\/\/api.w.org\/{rel}","templated":true}]}}