{"id":374700,"date":"2026-09-04T08:49:09","date_gmt":"2026-09-04T08:49:09","guid":{"rendered":"https:\/\/www.europesays.com\/at\/374700\/"},"modified":"2026-09-04T08:49:09","modified_gmt":"2026-09-04T08:49:09","slug":"wie-fpoe-urgestein-axel-kassegger-skandale-anhaeufte-und-ploetzlich-zuruecktrat-oesterreich","status":"publish","type":"post","link":"https:\/\/www.europesays.com\/at\/374700\/","title":{"rendered":"Wie FP\u00d6-Urgestein Axel Kassegger Skandale anh\u00e4ufte \u2013 und pl\u00f6tzlich zur\u00fccktrat &#8211; \u00d6sterreich"},"content":{"rendered":"<p>Im Jahr 2023 war die Luft f\u00fcr Axel Kassegger schon einmal ganz d\u00fcnn. Damals tauchten die FP\u00d6-Urgesteine Andreas M\u00f6lzer und Johannes H\u00fcbner bei den Taliban in Afghanistan auf, um f\u00fcr eine Freilassung des rechtsextremen &#8222;Urlaubers&#8220; Herbert Fritz zu werben. Kassegger war damals au\u00dfenpolitischer Sprecher und in die Planung der Reise involviert. Wenig sp\u00e4ter musste er diese Funktion abgeben.<\/p>\n","protected":false},"excerpt":{"rendered":"Im Jahr 2023 war die Luft f\u00fcr Axel Kassegger schon einmal ganz d\u00fcnn. Damals tauchten die FP\u00d6-Urgesteine Andreas&hellip;\n","protected":false},"author":2,"featured_media":374701,"comment_status":"","ping_status":"","sticky":false,"template":"","format":"standard","meta":{"footnotes":"","_share_on_mastodon":"0"},"categories":[6],"tags":[46,42,44,43,45],"class_list":["post-374700","post","type-post","status-publish","format-standard","has-post-thumbnail","category-oesterreich","tag-at","tag-austria","tag-oesterreich","tag-republic-of-austria","tag-republik-oesterreich"],"share_on_mastodon":{"url":"https:\/\/pubeurope.com\/@at\/117211913652246334","error":""},"_links":{"self":[{"href":"https:\/\/www.europesays.com\/at\/wp-json\/wp\/v2\/posts\/374700","targetHints":{"allow":["GET"]}}],"collection":[{"href":"https:\/\/www.europesays.com\/at\/wp-json\/wp\/v2\/posts"}],"about":[{"href":"https:\/\/www.europesays.com\/at\/wp-json\/wp\/v2\/types\/post"}],"author":[{"embeddable":true,"href":"https:\/\/www.europesays.com\/at\/wp-json\/wp\/v2\/users\/2"}],"replies":[{"embeddable":true,"href":"https:\/\/www.europesays.com\/at\/wp-json\/wp\/v2\/comments?post=374700"}],"version-history":[{"count":0,"href":"https:\/\/www.europesays.com\/at\/wp-json\/wp\/v2\/posts\/374700\/revisions"}],"wp:featuredmedia":[{"embeddable":true,"href":"https:\/\/www.europesays.com\/at\/wp-json\/wp\/v2\/media\/374701"}],"wp:attachment":[{"href":"https:\/\/www.europesays.com\/at\/wp-json\/wp\/v2\/media?parent=374700"}],"wp:term":[{"taxonomy":"category","embeddable":true,"href":"https:\/\/www.europesays.com\/at\/wp-json\/wp\/v2\/categories?post=374700"},{"taxonomy":"post_tag","embeddable":true,"href":"https:\/\/www.europesays.com\/at\/wp-json\/wp\/v2\/tags?post=374700"}],"curies":[{"name":"wp","href":"https:\/\/api.w.org\/{rel}","templated":true}]}}