{"id":374728,"date":"2026-09-04T09:05:13","date_gmt":"2026-09-04T09:05:13","guid":{"rendered":"https:\/\/www.europesays.com\/at\/374728\/"},"modified":"2026-09-04T09:05:13","modified_gmt":"2026-09-04T09:05:13","slug":"tesla-startet-fahrerlose-cybercab-fahrten-in-texas","status":"publish","type":"post","link":"https:\/\/www.europesays.com\/at\/374728\/","title":{"rendered":"Tesla startet fahrerlose Cybercab-Fahrten in Texas"},"content":{"rendered":"<p>Einem schnellen Ausbau stehen regulatorische H\u00fcrden im Weg. US-Bundesgesetze begrenzen die Anzahl der Fahrzeuge ohne Lenkrad und Pedale, die ein Hersteller verkaufen darf. Im wichtigen Markt Kalifornien hat Tesla keine Genehmigung f\u00fcr einen Robotaxi-Dienst oder Tests ohne Sicherheitsfahrer. Auch bei der Flottengr\u00f6\u00dfe hinkt Tesla der Konkurrenz noch hinterher: Laut texanischen Beh\u00f6rden sind dort derzeit 420 autonome Tesla-Fahrzeuge registriert, darunter 45 Cybercabs. Die Alphabet-Tochter Waymo, der derzeitige Marktf\u00fchrer bei fahrerlosen Taxis in den USA, kommt in dem Bundesstaat auf 988 registrierte Fahrzeuge.<\/p>\n","protected":false},"excerpt":{"rendered":"Einem schnellen Ausbau stehen regulatorische H\u00fcrden im Weg. US-Bundesgesetze begrenzen die Anzahl der Fahrzeuge ohne Lenkrad und Pedale,&hellip;\n","protected":false},"author":2,"featured_media":374729,"comment_status":"","ping_status":"","sticky":false,"template":"","format":"standard","meta":{"footnotes":"","_share_on_mastodon":"0"},"categories":[14],"tags":[46,42,95,90,89,355,7140,7562,507,91,94,44,3412,2094,93,92,439,255],"class_list":["post-374728","post","type-post","status-publish","format-standard","has-post-thumbnail","category-unternehmen-maerkte","tag-at","tag-austria","tag-business","tag-companies","tag-companies-markets","tag-elektroauto","tag-it-business","tag-kfz-industrie","tag-ki","tag-markets","tag-maerkte","tag-oesterreich","tag-software","tag-tesla","tag-unternehmen","tag-unternehmen-maerkte","tag-usa","tag-wirtschaft"],"share_on_mastodon":{"url":"https:\/\/pubeurope.com\/@at\/117211976795183015","error":""},"_links":{"self":[{"href":"https:\/\/www.europesays.com\/at\/wp-json\/wp\/v2\/posts\/374728","targetHints":{"allow":["GET"]}}],"collection":[{"href":"https:\/\/www.europesays.com\/at\/wp-json\/wp\/v2\/posts"}],"about":[{"href":"https:\/\/www.europesays.com\/at\/wp-json\/wp\/v2\/types\/post"}],"author":[{"embeddable":true,"href":"https:\/\/www.europesays.com\/at\/wp-json\/wp\/v2\/users\/2"}],"replies":[{"embeddable":true,"href":"https:\/\/www.europesays.com\/at\/wp-json\/wp\/v2\/comments?post=374728"}],"version-history":[{"count":0,"href":"https:\/\/www.europesays.com\/at\/wp-json\/wp\/v2\/posts\/374728\/revisions"}],"wp:featuredmedia":[{"embeddable":true,"href":"https:\/\/www.europesays.com\/at\/wp-json\/wp\/v2\/media\/374729"}],"wp:attachment":[{"href":"https:\/\/www.europesays.com\/at\/wp-json\/wp\/v2\/media?parent=374728"}],"wp:term":[{"taxonomy":"category","embeddable":true,"href":"https:\/\/www.europesays.com\/at\/wp-json\/wp\/v2\/categories?post=374728"},{"taxonomy":"post_tag","embeddable":true,"href":"https:\/\/www.europesays.com\/at\/wp-json\/wp\/v2\/tags?post=374728"}],"curies":[{"name":"wp","href":"https:\/\/api.w.org\/{rel}","templated":true}]}}