{"id":374734,"date":"2026-09-04T09:08:09","date_gmt":"2026-09-04T09:08:09","guid":{"rendered":"https:\/\/www.europesays.com\/at\/374734\/"},"modified":"2026-09-04T09:08:09","modified_gmt":"2026-09-04T09:08:09","slug":"wien-erklingt-44-oesterreichisches-blasmusikfest-2026-am-samstag-in-der-innenstadt","status":"publish","type":"post","link":"https:\/\/www.europesays.com\/at\/374734\/","title":{"rendered":"Wien erklingt: 44. \u00d6sterreichisches Blasmusikfest 2026 am Samstag in der Innenstadt"},"content":{"rendered":"<p>Am Samstag, dem 5. September 2026, wird Wien erneut zur Blasmusikhauptstadt \u00d6sterreichs: Mehr als 900 Musiker*innen aus ganz \u00d6sterreich, S\u00fcdtirol und Deutschland verwandeln die Innenstadt in eine B\u00fchne f\u00fcr gelebte Musikkultur und farbenpr\u00e4chtige Trachten.<\/p>\n<p>Umfangreiches Programm vom Resselpark bis zum Rathausplatz<\/p>\n<p>Bereits am Vormittag laden zahlreiche Platzkonzerte von 11:00 bis 14:30 Uhr an zentralen Schaupl\u00e4tzen wie dem Heldenplatz, dem Maria-Theresien-Platz, dem Volksgarten und dem Resselpark zum Verweilen und Genie\u00dfen ein. Die Vielfalt der teilnehmenden Kapellen spiegelt die enorme kulturelle und soziale Breite moderner Blasmusik wider.<\/p>\n<p>Am Nachmittag erreicht das Fest seinen H\u00f6hepunkt: Ab 16:15 Uhr ziehen rund 20 Blasmusikkapellen entlang der Wiener Ringstra\u00dfe vom Maria-Theresien-Platz bis zum Burgtheater und bieten ein beeindruckendes Klang- und Farbenspiel am Weg zum pr\u00e4chtigen Rathaus. <\/p>\n<p>Den feierlichen Abschluss bildet um 17:00 Uhr ein gro\u00dfes Gesamtkonzert am Rathausplatz, im Rahmen des Film Festivals. Zu freiem Eintritt vereinen sich alle teilnehmenden Musiker*innen zu einem gemeinsamen Klangerlebnis, das die verbindende Kraft der Blasmusik eindrucksvoll erlebbar macht. <\/p>\n<p>Wie schon in den vergangenen Jahren steht das \u00d6sterreichische Blasmusikfest f\u00fcr gelebte Gemeinschaft, musikalische Qualit\u00e4t und die Freude am gemeinsamen Musizieren \u2013 ein Fest f\u00fcr alle Generationen, bei dem Tradition und Lebensfreude im Mittelpunkt stehen. <\/p>\n<p>Das Programm im Detail<\/p>\n<p>Resselpark \u2013 Karlskirche<br \/>12.00\u201312.30 Uhr: Musikverein Kehlen (Deutschland)<br \/>13.00\u201313.30 Uhr: Bundesbahner-Stadtkapelle Klagenfurt (K\u00e4rnten)<\/p>\n<p>Staatsoper<br \/>11.00\u201311.30 Uhr: Trachtenkapelle Retzbach (Nieder\u00f6sterreich)<br \/>12.00\u201312.30 Uhr: Stadtmusikkapelle H\u00f6tting (Tirol)<\/p>\n<p>Stephansplatz<br \/>13.00\u201313.30 Uhr: Musikverein Christkindl &amp; Musikverein Aschach an der Steyr (Ober\u00f6sterreich)<br \/>14.00\u201314.30 Uhr: Algunder Musikkapelle (S\u00fcdtirol)<\/p>\n<p>Graben<br \/>11.00\u201311.30 Uhr: Musikverein Th\u00fcringen (Vorarlberg)<br \/>12.00\u201312.30 Uhr: Musikkorps der Lazarus Union (Wien)<\/p>\n<p>Michaelerplatz<br \/>13.00\u201313.30 Uhr: Musikverein Leopoldau (Wien)<br \/>14.00\u201314.30 Uhr: Musikverein Oslip (Burgenland)<\/p>\n<p>Freyung<br \/>11.00\u201311.30 Uhr: Trachtenkapelle Guntersdorf (Nieder\u00f6sterreich)<br \/>12.00\u201312.30 Uhr: Freiwilliger Feuerwehr-Musikverein Gro\u00dfreifling (Steiermark)<\/p>\n<p>Volksgarten \u2013 Theseustempel<br \/>11.30\u201312.00 Uhr: Musikverein Donnerskirchen (Burgenland)<br \/>12.30\u201313.00 Uhr: Musikverein M\u00fcselbach (Vorarlberg)<br \/>13.30\u201314.00 Uhr: Kolpingmusik Klagenfurt (K\u00e4rnten)<\/p>\n<p>Heldenplatz<br \/>11.00\u201311.30 Uhr: Musikkapelle Mutters (Tirol)<br \/>12.00\u201312.30 Uhr: Musikverein Gleink (Ober\u00f6sterreich)<br \/>13.00\u201313.30 Uhr: Trachtenmusikkapelle Maxglan (Salzburg)<\/p>\n<p>Maria-Theresien-Platz<br \/>13.00\u201313.30 Uhr: Stadtkapelle Bad Aussee (Steiermark)<br \/>14.00\u201314.30 Uhr: Eisenbahner-Musikverein Salzburg (Salzburg)<\/p>\n<p>Musik in Bewegung<br \/>16.15 Uhr: Musikparade vom Maria-Theresien-Platz \u00fcber die Ringstra\u00dfe zum Rathausplatz<\/p>\n<p>Wiener Rathausplatz<br \/>17.00 Uhr: Abschlusskonzert mit bis zu 1.000 Blasmusiker*innen aus \u00d6sterreich und S\u00fcdtirol<\/p>\n<p>Das \u00d6sterreichische Blasmusikfest ist eine Veranstaltung der Kulturabteilung der Stadt Wien in Kooperation mit dem Wiener Blasmusikverband und dem \u00d6BV und wird von Stadt Wien Marketing im Auftrag der Kulturabteilung der Stadt Wien organisiert und durchgef\u00fchrt.<\/p>\n","protected":false},"excerpt":{"rendered":"Am Samstag, dem 5. September 2026, wird Wien erneut zur Blasmusikhauptstadt \u00d6sterreichs: Mehr als 900 Musiker*innen aus ganz&hellip;\n","protected":false},"author":2,"featured_media":374735,"comment_status":"","ping_status":"","sticky":false,"template":"","format":"standard","meta":{"footnotes":"","_share_on_mastodon":"0"},"categories":[6],"tags":[26393,26395,46,42,786,1132,154,44,26394,43,45],"class_list":["post-374734","post","type-post","status-publish","format-standard","has-post-thumbnail","category-oesterreich","tag-apa","tag-apa-ots","tag-at","tag-austria","tag-konzert","tag-kultur","tag-musik","tag-oesterreich","tag-ots","tag-republic-of-austria","tag-republik-oesterreich"],"share_on_mastodon":{"url":"https:\/\/pubeurope.com\/@at\/117211988188516167","error":""},"_links":{"self":[{"href":"https:\/\/www.europesays.com\/at\/wp-json\/wp\/v2\/posts\/374734","targetHints":{"allow":["GET"]}}],"collection":[{"href":"https:\/\/www.europesays.com\/at\/wp-json\/wp\/v2\/posts"}],"about":[{"href":"https:\/\/www.europesays.com\/at\/wp-json\/wp\/v2\/types\/post"}],"author":[{"embeddable":true,"href":"https:\/\/www.europesays.com\/at\/wp-json\/wp\/v2\/users\/2"}],"replies":[{"embeddable":true,"href":"https:\/\/www.europesays.com\/at\/wp-json\/wp\/v2\/comments?post=374734"}],"version-history":[{"count":0,"href":"https:\/\/www.europesays.com\/at\/wp-json\/wp\/v2\/posts\/374734\/revisions"}],"wp:featuredmedia":[{"embeddable":true,"href":"https:\/\/www.europesays.com\/at\/wp-json\/wp\/v2\/media\/374735"}],"wp:attachment":[{"href":"https:\/\/www.europesays.com\/at\/wp-json\/wp\/v2\/media?parent=374734"}],"wp:term":[{"taxonomy":"category","embeddable":true,"href":"https:\/\/www.europesays.com\/at\/wp-json\/wp\/v2\/categories?post=374734"},{"taxonomy":"post_tag","embeddable":true,"href":"https:\/\/www.europesays.com\/at\/wp-json\/wp\/v2\/tags?post=374734"}],"curies":[{"name":"wp","href":"https:\/\/api.w.org\/{rel}","templated":true}]}}