{"id":374740,"date":"2026-09-04T09:12:12","date_gmt":"2026-09-04T09:12:12","guid":{"rendered":"https:\/\/www.europesays.com\/at\/374740\/"},"modified":"2026-09-04T09:12:12","modified_gmt":"2026-09-04T09:12:12","slug":"gartenprofi-christian-kiennast-uebernimmt-morgentau-gaerten","status":"publish","type":"post","link":"https:\/\/www.europesays.com\/at\/374740\/","title":{"rendered":"Gartenprofi Christian Kiennast \u00fcbernimmt Morgentau G\u00e4rten"},"content":{"rendered":"<p> LINZ\/KREMSM\u00dcNSTER\/LEONDING. Die Morgentau G\u00e4rten bekommen einen neuen Betreiber. Demeterbauer und Biopionier Christian Stadler \u00fcbergibt das Selbsternte-Projekt an Gartenprofi Christian Kiennast aus Kremsm\u00fcnster. F\u00fcr die Hobbyg\u00e4rtner \u00e4ndert sich nichts: Alle Standorte bleiben bestehen, Gutscheine behalten ihre G\u00fcltigkeit. Buchungen f\u00fcr 2027 sind ab 21. September m\u00f6glich.<\/p>\n<p class=\"isSelectedEnd\">Christian Kiennast \u00fcbernimmt den gesamten Gesch\u00e4ftsbetrieb. Der 56-J\u00e4hrige ist unter anderem Mitbegr\u00fcnder der \u201eEssbaren Gemeinde\u201c Kremsm\u00fcnster und des Projekts \u201eEssbare Region\u201c.\u00a0<\/p>\n<p class=\"isSelectedEnd\">\u201eDie Morgentau G\u00e4rten sind eine wirklich tolle Gemeinschaft, die ich sehr gern weiterf\u00fchren und ausbauen m\u00f6chte. Das Prinzip \u201aurspr\u00fcngliches G\u00e4rtnern mit Ernteerfolgsgarantie\u2018 finde ich gro\u00dfartig und freue mich schon auf die n\u00e4chste Gartensaison\u201c, sagt Kiennast.<\/p>\n<p>Felder mitten in der Stadt<\/p>\n<p class=\"isSelectedEnd\">Die acht bestehenden Felder mitten in der Stadt Linz, Leonding und Graz bleiben erhalten.\u00a0 In Linz gibt es Standorte am Bindermichl, in Dornach, am Freinberg, am Froschberg und in der solarCity. In Leonding befindet sich eine Fl\u00e4che in der Georg-Erber-Stra\u00dfe.\u00a0<\/p>\n<p>Eigenes Gem\u00fcse anbauen und ernten<\/p>\n<p>Christian Stadler hatte mit den Morgentau G\u00e4rten seit 2015 eine attraktive M\u00f6glichkeit geboten, eigenes Biogem\u00fcse anzubauen und ernten. Er wird sich k\u00fcnftig mit Morgentau Biogem\u00fcse auf sein Kerngesch\u00e4ft fokussieren, war daher auf der Suche nach einem Betreiber f\u00fcr die Morgentau G\u00e4rten.\u00a0<\/p>\n<p>Durchschnittlich werden laut Morgentau pro 40 Quadratmeter-Parzelle 120 Kilogramm Biogem\u00fcse geerntet und es gibt eine Ernte-Erfolgsgarantie. Vor allem f\u00fcr Kinder sind die G\u00e4rten ein pr\u00e4gendes Erlebnis. Der Pflegeaufwand liegt bei etwa 1,5 Stunden pro Woche. Die \u00dcberlassung einer Parzelle erfolgt jeweils f\u00fcr eine Gartensaison, diese geht von April bis Oktober (je nach Wetterbedingungen).<\/p>\n<p>Buchung ab 21. September m\u00f6glich<\/p>\n<p>Aktuell l\u00e4uft die organisatorische und technische Umstellung. Buchungen f\u00fcr 2027 sind planm\u00e4\u00dfig ab 21. September 2026 wie gewohnt \u00fcber <a data-mce-href=\"https:\/\/www.morgentaugaerten.at\/\" rel=\"nofollow noopener\" target=\"_blank\" href=\"https:\/\/www.morgentaugaerten.at\/\" title=\"Morgentau\">www.morgentaugaerten.at <\/a>m\u00f6glich. <\/p>\n","protected":false},"excerpt":{"rendered":"LINZ\/KREMSM\u00dcNSTER\/LEONDING. Die Morgentau G\u00e4rten bekommen einen neuen Betreiber. Demeterbauer und Biopionier Christian Stadler \u00fcbergibt das Selbsternte-Projekt an Gartenprofi&hellip;\n","protected":false},"author":2,"featured_media":374741,"comment_status":"","ping_status":"","sticky":false,"template":"","format":"standard","meta":{"footnotes":"","_share_on_mastodon":"0"},"categories":[30],"tags":[46,42,93799,93800,184,93797,93798,44,93665,7186],"class_list":["post-374740","post","type-post","status-publish","format-standard","has-post-thumbnail","category-linz","tag-at","tag-austria","tag-christian-kiennast","tag-christian-stadler","tag-linz","tag-morgentau-gaerten","tag-neuer-betreiber","tag-oesterreich","tag-selbstversorgung","tag-uebernahme"],"share_on_mastodon":{"url":"https:\/\/pubeurope.com\/@at\/117212003958442304","error":""},"_links":{"self":[{"href":"https:\/\/www.europesays.com\/at\/wp-json\/wp\/v2\/posts\/374740","targetHints":{"allow":["GET"]}}],"collection":[{"href":"https:\/\/www.europesays.com\/at\/wp-json\/wp\/v2\/posts"}],"about":[{"href":"https:\/\/www.europesays.com\/at\/wp-json\/wp\/v2\/types\/post"}],"author":[{"embeddable":true,"href":"https:\/\/www.europesays.com\/at\/wp-json\/wp\/v2\/users\/2"}],"replies":[{"embeddable":true,"href":"https:\/\/www.europesays.com\/at\/wp-json\/wp\/v2\/comments?post=374740"}],"version-history":[{"count":0,"href":"https:\/\/www.europesays.com\/at\/wp-json\/wp\/v2\/posts\/374740\/revisions"}],"wp:featuredmedia":[{"embeddable":true,"href":"https:\/\/www.europesays.com\/at\/wp-json\/wp\/v2\/media\/374741"}],"wp:attachment":[{"href":"https:\/\/www.europesays.com\/at\/wp-json\/wp\/v2\/media?parent=374740"}],"wp:term":[{"taxonomy":"category","embeddable":true,"href":"https:\/\/www.europesays.com\/at\/wp-json\/wp\/v2\/categories?post=374740"},{"taxonomy":"post_tag","embeddable":true,"href":"https:\/\/www.europesays.com\/at\/wp-json\/wp\/v2\/tags?post=374740"}],"curies":[{"name":"wp","href":"https:\/\/api.w.org\/{rel}","templated":true}]}}