{"id":374762,"date":"2026-09-04T09:25:13","date_gmt":"2026-09-04T09:25:13","guid":{"rendered":"https:\/\/www.europesays.com\/at\/374762\/"},"modified":"2026-09-04T09:25:13","modified_gmt":"2026-09-04T09:25:13","slug":"mit-dem-land-steiermark-auf-schulreise-zu-den-eu-institutionen-land-steiermark-news-portal","status":"publish","type":"post","link":"https:\/\/www.europesays.com\/at\/374762\/","title":{"rendered":"Mit dem Land Steiermark auf Schulreise zu den EU-Institutionen\u00a0&#8211;\u00a0Land Steiermark News Portal"},"content":{"rendered":"<p><img decoding=\"async\" src=\"https:\/\/www.europesays.com\/at\/wp-content\/uploads\/2026\/09\/2026-07-06_ECON-1135.jpg\" alt=\"Bildbeschreibung: Eine Frau steht vor einem modernen Geb\u00e4ude.\" class=\"img-txtblock rs_skip\"\/><\/p>\n<p>Graz (4. September 2026).- Das Land Steiermark ist mit seinem F\u00f6rderprogramm \u201eEU-Schulreisen\u201c ein Vorreiter in \u00d6sterreich: Seit rund 15 Jahren unterst\u00fctzt die Steiermark Reisen zu den europ\u00e4ischen Institutionen. Im vergangenen Schuljahr konnten so rund 800 Sch\u00fclerinnen und Sch\u00fcler Br\u00fcssel, Luxemburg oder Stra\u00dfburg besuchen. Die n\u00e4chste Einreichperiode l\u00e4uft von 7. September bis 27. November 2026. Insgesamt stehen 80.000 Euro zur Verf\u00fcgung.<\/p>\n<p>\u201eDie EU muss f\u00fcr junge Menschen mehr sein als ein Kapitel aus dem Schulbuch oder ein Wort aus den Nachrichten. Immerhin verdient die Steiermark jeden zweiten Euro im Export. Europa st\u00e4rkt also unsere Wirtschaft und sichert Arbeitspl\u00e4tze. Man kann die Europ\u00e4ische Union nicht nur erlernen, man muss sie erleben \u2013 und das am besten vor Ort. Ein Besuch europ\u00e4ischer Institutionen erm\u00f6glicht steirischen Sch\u00fclerinnen und Sch\u00fclern einen unmittelbaren Einblick in die Funktionsweise der Europ\u00e4ischen Union und ihre politischen Entscheidungsprozesse. Daher freut es mich, dass dieses Reiseangebot in den vergangenen Jahren so gut angenommen wurde und auch heuer wieder m\u00f6glich ist\u201c, betont Landeshauptmann-Stv. und Europareferentin Manuela Khom.<\/p>\n<p>Ziel des Programms ist es, das Europa- und Demokratiebewusstsein junger Menschen zu st\u00e4rken, das Verst\u00e4ndnis f\u00fcr die europ\u00e4ische Integration zu vertiefen und die europ\u00e4ische Dimension in verschiedenen Lebensbereichen sichtbar zu machen. F\u00fcr Reisen nach Br\u00fcssel gibt dar\u00fcber hinaus der Besuch des Steiermark-B\u00fcros Br\u00fcssel einen umfassenden Einblick in die Arbeit der steirischen Interessenvertretung auf europ\u00e4ischer Ebene. Seit 1994 beobachtet das B\u00fcro europ\u00e4ische Entwicklungen, unterst\u00fctzt steirische Entscheidungstr\u00e4gerinnen und Entscheidungstr\u00e4ger bei ihrer Arbeit in Europa, f\u00f6rdert den Austausch mit Partnern in der Europ\u00e4ischen Union und betreut steirische Besuchergruppen vor Ort.<\/p>\n<p>\u201eDas unmittelbare Erleben europ\u00e4ischer Entscheidungsprozesse tr\u00e4gt wesentlich dazu bei, komplexe politische, wirtschaftliche und gesellschaftliche Zusammenh\u00e4nge besser zu verstehen\u201c, betont Landeshauptmann-Stv. Manuela Khom und ermutigt: \u201eWir brauchen das Mitwirken der Jugend in der Gemeinde, im Land, im Bund und in der Europ\u00e4ischen Union. Bring dich ein!\u201c<\/p>\n<p>Antragsberechtigt sind steirische Schulen sowie Elternvereine steirischer Schulen. Die F\u00f6rderung betr\u00e4gt 100 Euro pro teilnehmender Sch\u00fclerin bzw. teilnehmendem Sch\u00fcler, wenn mindestens eine Institution der EU besucht wird. Die Vergabe erfolgt nach der Reihenfolge des Einlangens vollst\u00e4ndiger und korrekter Antr\u00e4ge.<\/p>\n<p>Weitere Informationen zur Antragstellung finden Sie auf dem <img decoding=\"async\" src=\"https:\/\/www.europesays.com\/at\/wp-content\/uploads\/2026\/09\/pfeil-ext.gif\" alt=\"\"\/>\u00a0<a title=\"\u00d6ffnet ein neues Fenster: Europa-Portal\" href=\"https:\/\/www.europa.steiermark.at\/\" target=\"_blank\" rel=\"nofollow noopener\">Europaportal<\/a> des Landes Steiermark.<\/p>\n<p>R\u00fcckfragehinweis:<\/p>\n<p>Felix Oberascher | B\u00fcro LH-Stv. Khom | Mobil: <a title=\"Handy Felix Oberascher\" href=\"https:\/\/www.news.steiermark.at\/cms\/beitrag\/13026787\/154271268\/tel:+43 676 8666 8738\" rel=\"nofollow noopener\" target=\"_blank\">+43 676 8666 8738<\/a><br \/>Tel. <a title=\"Telefon Felix Oberascher\" href=\"https:\/\/www.news.steiermark.at\/cms\/beitrag\/13026787\/154271268\/tel:+43 316 877 8738\" rel=\"nofollow noopener\" target=\"_blank\">+43 (316) 877 8738<\/a> | E-Mail: <a title=\"E-Mail Felix Oberascher\" href=\"https:\/\/www.news.steiermark.at\/cms\/beitrag\/13026787\/154271268\/mailto:felix.oberascher@stmk.gv.at\" rel=\"nofollow noopener\" target=\"_blank\">felix.oberascher@stmk.gv.at<\/a><\/p>\n<p>Graz, am 4. September 2026<\/p>\n","protected":false},"excerpt":{"rendered":"Graz (4. September 2026).- Das Land Steiermark ist mit seinem F\u00f6rderprogramm \u201eEU-Schulreisen\u201c ein Vorreiter in \u00d6sterreich: Seit rund&hellip;\n","protected":false},"author":2,"featured_media":374763,"comment_status":"","ping_status":"","sticky":false,"template":"","format":"standard","meta":{"footnotes":"","_share_on_mastodon":"0"},"categories":[3],"tags":[9214,76,75,74,9217,6204,9218,3742,9216,1140,9215,9206,9211,3743,5455,9209,9208,9212,269,58,9207,9213,9210,6353,116,9219],"class_list":["post-374762","post","type-post","status-publish","format-standard","has-post-thumbnail","category-europa","tag-aussendung","tag-eu","tag-europa","tag-europe","tag-kls","tag-kommunikation","tag-kommunikation-land-steiermark","tag-land-steiermark","tag-landeskommunikation","tag-landespolitik","tag-landespresse","tag-landespressedienst","tag-mitteilung","tag-news-portal-land-steiermark","tag-newsletter","tag-oea","tag-oeffentlichkeitsarbeit","tag-pa","tag-politik","tag-presse","tag-pressearbeit","tag-presseaussendung","tag-pressedienst","tag-pressemitteilung","tag-steiermark","tag-stmk"],"share_on_mastodon":{"url":"https:\/\/pubeurope.com\/@at\/117212055637159822","error":""},"_links":{"self":[{"href":"https:\/\/www.europesays.com\/at\/wp-json\/wp\/v2\/posts\/374762","targetHints":{"allow":["GET"]}}],"collection":[{"href":"https:\/\/www.europesays.com\/at\/wp-json\/wp\/v2\/posts"}],"about":[{"href":"https:\/\/www.europesays.com\/at\/wp-json\/wp\/v2\/types\/post"}],"author":[{"embeddable":true,"href":"https:\/\/www.europesays.com\/at\/wp-json\/wp\/v2\/users\/2"}],"replies":[{"embeddable":true,"href":"https:\/\/www.europesays.com\/at\/wp-json\/wp\/v2\/comments?post=374762"}],"version-history":[{"count":0,"href":"https:\/\/www.europesays.com\/at\/wp-json\/wp\/v2\/posts\/374762\/revisions"}],"wp:featuredmedia":[{"embeddable":true,"href":"https:\/\/www.europesays.com\/at\/wp-json\/wp\/v2\/media\/374763"}],"wp:attachment":[{"href":"https:\/\/www.europesays.com\/at\/wp-json\/wp\/v2\/media?parent=374762"}],"wp:term":[{"taxonomy":"category","embeddable":true,"href":"https:\/\/www.europesays.com\/at\/wp-json\/wp\/v2\/categories?post=374762"},{"taxonomy":"post_tag","embeddable":true,"href":"https:\/\/www.europesays.com\/at\/wp-json\/wp\/v2\/tags?post=374762"}],"curies":[{"name":"wp","href":"https:\/\/api.w.org\/{rel}","templated":true}]}}