{"id":374798,"date":"2026-09-04T09:46:10","date_gmt":"2026-09-04T09:46:10","guid":{"rendered":"https:\/\/www.europesays.com\/at\/374798\/"},"modified":"2026-09-04T09:46:10","modified_gmt":"2026-09-04T09:46:10","slug":"wiener-linien-neue-strecken-und-kuerzere-wartezeiten-zum-schulstart","status":"publish","type":"post","link":"https:\/\/www.europesays.com\/at\/374798\/","title":{"rendered":"Wiener Linien: Neue Strecken und k\u00fcrzere Wartezeiten zum Schulstart"},"content":{"rendered":"<p>Mit dem Beginn des neuen Schuljahres wird das Wiener \u00d6ffiangebot an mehreren Stellen ausgebaut. Neben der verl\u00e4ngerten Linie 18 treten neue Busf\u00fchrungen und dichtere Intervalle in Kraft. Damit reagieren die Wiener Linien auch auf die Sperre der S-Bahn Stammstrecke.<br \/>WIEN. Am Montag, 7. September, beginnt in Wien das neue Schuljahr. Gleichzeitig startet die Sperre der S-Bahn Stammstrecke. Um zus\u00e4tzliche Fahrg\u00e4ste aufzunehmen, weiten die Wiener Linien ihr Angebot auf mehreren U-Bahn- und Stra\u00dfenbahnstrecken aus. Erste \u00c4nderungen treten bereits am Samstag in Kraft.<\/p>\n<p>Die Linie 18 f\u00e4hrt ab 5. September \u00fcber eine 3,1 Kilometer lange Neubaustrecke bis zur U2 Station Stadion. Sieben Haltestellen kommen hinzu. Der 18er verkehrt k\u00fcnftig alle sechs Minuten von der Burggasse Stadthalle \u00fcber Westbahnhof, Hauptbahnhof und Schlachthausgasse durch den Prater. Damit verbindet er f\u00fcnf U-Bahnlinien sowie die S-Bahn und den Fernverkehr.<\/p>\n<p>K\u00fcrzere Intervalle ab Montag<\/p>\n<p>W\u00e4hrend der Stammstreckensperre f\u00e4hrt die U1 in Spitzenzeiten alle zwei Minuten und 20 Sekunden, die U2 alle drei Minuten und 20 Sekunden. Auf der U4 betr\u00e4gt der Abstand teilweise drei Minuten, auf der U6 zwei Minuten und 40 Sekunden.<\/p>\n<p><img class=\"imagecontainer\" decoding=\"auto\" data-aspect-ratio=\"0.667009382\" src=\"https:\/\/www.europesays.com\/at\/wp-content\/uploads\/2026\/09\/52420469_L.webp\"\/><\/p>\n<p>Die Linie O ist ausschlie\u00dflich mit Langz\u00fcgen im F\u00fcnfminutentakt unterwegs. Der 62er f\u00e4hrt alle 7,5 Minuten und wird \u00fcber den Hauptbahnhof bis zum Quartier Belvedere gef\u00fchrt. Auch die Stra\u00dfenbahnlinien 40 und 41 sowie 40A verkehren in W\u00e4hring h\u00e4ufiger.<\/p>\n<p>Neue Strecken f\u00fcr mehrere Buslinien<\/p>\n<p>Mit der Verl\u00e4ngerung des 18ers wird das Busnetz rund um Stadion und Neu Marx neu geordnet. Der 77A verbindet k\u00fcnftig Rennweg und Neu Marx, die neue Linie 78A f\u00e4hrt zwischen Lusthaus und Stadion. Der 80A verkehrt zwischen Praterstern und Schlachthausgasse \u00f6fter.<\/p>\n<p>Auch in der Innenstadt \u00e4ndern sich die Routen. Der 2A f\u00e4hrt nun bis zum Karmelitermarkt und Augarten, der 3A bis zur Oper. Zudem wurde die Haltestelle &#8222;Ring, Volkstheater U&#8220; in &#8222;Parlament, U Volkstheater&#8220; umbenannt.<\/p>\n<p>Das k\u00f6nnte dich auch interessieren:<\/p>\n<p>Linien 40, 41 und 41A bekommen dichtere Intervalle<\/p>\n<p>Floridsdorfer Br\u00fccke wird noch vor dem Schulstart fertig<\/p>\n<p>Stra\u00dfenbahnlinie 18 ist ab 5. September auf neuer Strecke unterwegs<\/p>\n<p>Neue Airport-Busse starten am Karlsplatz und Praterstern<\/p>\n","protected":false},"excerpt":{"rendered":"Mit dem Beginn des neuen Schuljahres wird das Wiener \u00d6ffiangebot an mehreren Stellen ausgebaut. Neben der verl\u00e4ngerten Linie&hellip;\n","protected":false},"author":2,"featured_media":374799,"comment_status":"","ping_status":"","sticky":false,"template":"","format":"standard","meta":{"footnotes":"","_share_on_mastodon":"0"},"categories":[6],"tags":[46,42,44,43,45],"class_list":["post-374798","post","type-post","status-publish","format-standard","has-post-thumbnail","category-oesterreich","tag-at","tag-austria","tag-oesterreich","tag-republic-of-austria","tag-republik-oesterreich"],"share_on_mastodon":{"url":"https:\/\/pubeurope.com\/@at\/117212137653195037","error":""},"_links":{"self":[{"href":"https:\/\/www.europesays.com\/at\/wp-json\/wp\/v2\/posts\/374798","targetHints":{"allow":["GET"]}}],"collection":[{"href":"https:\/\/www.europesays.com\/at\/wp-json\/wp\/v2\/posts"}],"about":[{"href":"https:\/\/www.europesays.com\/at\/wp-json\/wp\/v2\/types\/post"}],"author":[{"embeddable":true,"href":"https:\/\/www.europesays.com\/at\/wp-json\/wp\/v2\/users\/2"}],"replies":[{"embeddable":true,"href":"https:\/\/www.europesays.com\/at\/wp-json\/wp\/v2\/comments?post=374798"}],"version-history":[{"count":0,"href":"https:\/\/www.europesays.com\/at\/wp-json\/wp\/v2\/posts\/374798\/revisions"}],"wp:featuredmedia":[{"embeddable":true,"href":"https:\/\/www.europesays.com\/at\/wp-json\/wp\/v2\/media\/374799"}],"wp:attachment":[{"href":"https:\/\/www.europesays.com\/at\/wp-json\/wp\/v2\/media?parent=374798"}],"wp:term":[{"taxonomy":"category","embeddable":true,"href":"https:\/\/www.europesays.com\/at\/wp-json\/wp\/v2\/categories?post=374798"},{"taxonomy":"post_tag","embeddable":true,"href":"https:\/\/www.europesays.com\/at\/wp-json\/wp\/v2\/tags?post=374798"}],"curies":[{"name":"wp","href":"https:\/\/api.w.org\/{rel}","templated":true}]}}