{"id":374808,"date":"2026-09-04T09:54:10","date_gmt":"2026-09-04T09:54:10","guid":{"rendered":"https:\/\/www.europesays.com\/at\/374808\/"},"modified":"2026-09-04T09:54:10","modified_gmt":"2026-09-04T09:54:10","slug":"ratingen-elger-esser-zeigt-fotos-aus-frankreich","status":"publish","type":"post","link":"https:\/\/www.europesays.com\/at\/374808\/","title":{"rendered":"Ratingen: Elger Esser zeigt Fotos aus Frankreich"},"content":{"rendered":"<p>      INFO<\/p>\n<p>    Das Programm zur Ausstellung<\/p>\n<p class=\"link-child-black dark:link-child-white text-black-solid dark:text-white-solid font-sans text-50 leading-md richtext link-child-black dark:link-child-white font-sans text-50 !leading-md mb-6 desktop:mb-8 last:mb-0\">Termine 18. September, 19 Uhr: Er\u00f6ffnung der Ausstellung, es sprechen: atrick Anders, B\u00fcrgermeister der Stadt Ratingen; Ernst Lauterjung, Vorsitzender des Kulturausschusses der Landschaftsversammlung Rheinland; Wiebke Siever, Leiterin des Museum Ratingen; Dieter Nuhr, K\u00fcnstler<\/p>\n<p class=\"link-child-black dark:link-child-white text-black-solid dark:text-white-solid font-sans text-50 leading-md richtext link-child-black dark:link-child-white font-sans text-50 !leading-md mb-6 desktop:mb-8 last:mb-0\">27. September, 14 Uhr: Spaziergang entlang der Wasserkraftroute im Angerbachtal, mit Michael Lumer, in Kooperation mit dem Verein f\u00fcr Heimatkunde und Heimatpflege Ratingen, der VHS Ratingen und den Freunden und F\u00f6rderern des Museum Ratingen Treffpunkt: Fritz-Bauer-Stra\u00dfe, Ecke D2-Park<\/p>\n<p class=\"link-child-black dark:link-child-white text-black-solid dark:text-white-solid font-sans text-50 leading-md richtext link-child-black dark:link-child-white font-sans text-50 !leading-md mb-6 desktop:mb-8 last:mb-0\">20. bis 22. Oktober, jeweils 9 bis 12 Uhr: Ferienkurs f\u00fcr Kinder ab sechs Jahren<\/p>\n<p class=\"link-child-black dark:link-child-white text-black-solid dark:text-white-solid font-sans text-50 leading-md richtext link-child-black dark:link-child-white font-sans text-50 !leading-md mb-6 desktop:mb-8 last:mb-0\">21. November, 16 Uhr: K\u00fcnstlergespr\u00e4ch mit Elger Esser, in Kooperation mit den Freunden und F\u00f6rderern des Museum Ratingen<\/p>\n<p class=\"link-child-black dark:link-child-white text-black-solid dark:text-white-solid font-sans text-50 leading-md richtext link-child-black dark:link-child-white font-sans text-50 !leading-md mb-6 desktop:mb-8 last:mb-0\">29. November, 6. Dezember, 10. Januar, jeweils 11.30 Uhr: Sonntagsf\u00fchrungen, mit Nicole Oversohl-Heusinger<\/p>\n<p class=\"link-child-black dark:link-child-white text-black-solid dark:text-white-solid font-sans text-50 leading-md richtext link-child-black dark:link-child-white font-sans text-50 !leading-md mb-6 desktop:mb-8 last:mb-0\">24. Januar, 11.30 Uhr: Finissage, in Kooperation mit den Freunden und F\u00f6rderern des Museum Ratingen<\/p>\n<p class=\"link-child-black dark:link-child-white text-black-solid dark:text-white-solid font-sans text-50 leading-md richtext link-child-black dark:link-child-white font-sans text-50 !leading-md mb-6 desktop:mb-8 last:mb-0\">Jeden Donnerstag, jeweils 12.30 Uhr: 30-min\u00fctige Mittagsf\u00fchrung<\/p>\n<p class=\"link-child-black dark:link-child-white text-black-solid dark:text-white-solid font-sans text-50 leading-md richtext link-child-black dark:link-child-white font-sans text-50 !leading-md mb-6 desktop:mb-8 last:mb-0\">Individuelle F\u00fchrungen und Workshops f\u00fcr Kindertagesst\u00e4tten und Schulen k\u00f6nnen telefonisch unter 02102 550-4184 oder per E-Mail gebucht werden.<\/p>\n<p class=\"richtext link-child-black dark:link-child-white font-sans text-50 !leading-md mb-6 desktop:mb-8 last:mb-0\"><a href=\"https:\/\/&lt;a href=\" mailto:museum=\"\" rel=\"nofollow\">museum@ratingen.de<\/a>&#8222;&gt;<\/p>\n","protected":false},"excerpt":{"rendered":"INFO Das Programm zur Ausstellung Termine 18. September, 19 Uhr: Er\u00f6ffnung der Ausstellung, es sprechen: atrick Anders, B\u00fcrgermeister&hellip;\n","protected":false},"author":2,"featured_media":374809,"comment_status":"","ping_status":"","sticky":false,"template":"","format":"standard","meta":{"footnotes":"","_share_on_mastodon":"0"},"categories":[26],"tags":[158,157,46,2210,42,159,45861,93804,147,161,160,37436,2886,93809,93807,93808,164,44,93805,17707,10562,93806,148],"class_list":["post-374808","post","type-post","status-publish","format-standard","has-post-thumbnail","category-kunst-und-design","tag-art","tag-art-and-design","tag-at","tag-ausstellung","tag-austria","tag-design","tag-einzelausstellung","tag-elger-esser","tag-entertainment","tag-kunst","tag-kunst-und-design","tag-kunstausstellung","tag-kuenstler","tag-kuenstlerischer","tag-malens","tag-maubeuge","tag-museum","tag-oesterreich","tag-pingendi","tag-ratingen","tag-rheinland","tag-tempus","tag-unterhaltung"],"share_on_mastodon":{"url":"https:\/\/pubeurope.com\/@at\/117212169377356483","error":""},"_links":{"self":[{"href":"https:\/\/www.europesays.com\/at\/wp-json\/wp\/v2\/posts\/374808","targetHints":{"allow":["GET"]}}],"collection":[{"href":"https:\/\/www.europesays.com\/at\/wp-json\/wp\/v2\/posts"}],"about":[{"href":"https:\/\/www.europesays.com\/at\/wp-json\/wp\/v2\/types\/post"}],"author":[{"embeddable":true,"href":"https:\/\/www.europesays.com\/at\/wp-json\/wp\/v2\/users\/2"}],"replies":[{"embeddable":true,"href":"https:\/\/www.europesays.com\/at\/wp-json\/wp\/v2\/comments?post=374808"}],"version-history":[{"count":0,"href":"https:\/\/www.europesays.com\/at\/wp-json\/wp\/v2\/posts\/374808\/revisions"}],"wp:featuredmedia":[{"embeddable":true,"href":"https:\/\/www.europesays.com\/at\/wp-json\/wp\/v2\/media\/374809"}],"wp:attachment":[{"href":"https:\/\/www.europesays.com\/at\/wp-json\/wp\/v2\/media?parent=374808"}],"wp:term":[{"taxonomy":"category","embeddable":true,"href":"https:\/\/www.europesays.com\/at\/wp-json\/wp\/v2\/categories?post=374808"},{"taxonomy":"post_tag","embeddable":true,"href":"https:\/\/www.europesays.com\/at\/wp-json\/wp\/v2\/tags?post=374808"}],"curies":[{"name":"wp","href":"https:\/\/api.w.org\/{rel}","templated":true}]}}