{"id":374822,"date":"2026-09-04T10:02:14","date_gmt":"2026-09-04T10:02:14","guid":{"rendered":"https:\/\/www.europesays.com\/at\/374822\/"},"modified":"2026-09-04T10:02:14","modified_gmt":"2026-09-04T10:02:14","slug":"entscheidender-schritt-tesla-startet-fahrten-mit-fahrerlosem-cybercab-in-austin-innovationen","status":"publish","type":"post","link":"https:\/\/www.europesays.com\/at\/374822\/","title":{"rendered":"&#8222;Entscheidender Schritt&#8220;: Tesla startet Fahrten mit fahrerlosem Cybercab in Austin &#8211; Innovationen"},"content":{"rendered":"<p>Der US-Elektrobauer Tesla hat im Bundesstaat Texas sein neues &#8222;Cybercab&#8220; vorgestellt und mit ersten Fahrten begonnen. Die Fahrten w\u00fcrden in &#8222;ausgew\u00e4hlten Gebieten von Austin&#8220; angeboten, teilte das Unternehmen mit. Bei einer Veranstaltung in der texanischen Hauptstadt wollte der Konzern ab 23.45 Uhr (MESZ) den autonom fahrenden Zweisitzer genauer vorstellen. Bis zum sp\u00e4ten Abend gab es jedoch keine Live-\u00dcbertragung oder \u00f6ffentliche \u00c4u\u00dferungen von Firmenchef Elon Musk.<\/p>\n","protected":false},"excerpt":{"rendered":"Der US-Elektrobauer Tesla hat im Bundesstaat Texas sein neues &#8222;Cybercab&#8220; vorgestellt und mit ersten Fahrten begonnen. Die Fahrten&hellip;\n","protected":false},"author":2,"featured_media":374823,"comment_status":"","ping_status":"","sticky":false,"template":"","format":"standard","meta":{"footnotes":"","_share_on_mastodon":"0"},"categories":[14],"tags":[46,42,95,90,89,91,94,44,93,92],"class_list":["post-374822","post","type-post","status-publish","format-standard","has-post-thumbnail","category-unternehmen-maerkte","tag-at","tag-austria","tag-business","tag-companies","tag-companies-markets","tag-markets","tag-maerkte","tag-oesterreich","tag-unternehmen","tag-unternehmen-maerkte"],"share_on_mastodon":{"url":"https:\/\/pubeurope.com\/@at\/117212200515186435","error":""},"_links":{"self":[{"href":"https:\/\/www.europesays.com\/at\/wp-json\/wp\/v2\/posts\/374822","targetHints":{"allow":["GET"]}}],"collection":[{"href":"https:\/\/www.europesays.com\/at\/wp-json\/wp\/v2\/posts"}],"about":[{"href":"https:\/\/www.europesays.com\/at\/wp-json\/wp\/v2\/types\/post"}],"author":[{"embeddable":true,"href":"https:\/\/www.europesays.com\/at\/wp-json\/wp\/v2\/users\/2"}],"replies":[{"embeddable":true,"href":"https:\/\/www.europesays.com\/at\/wp-json\/wp\/v2\/comments?post=374822"}],"version-history":[{"count":0,"href":"https:\/\/www.europesays.com\/at\/wp-json\/wp\/v2\/posts\/374822\/revisions"}],"wp:featuredmedia":[{"embeddable":true,"href":"https:\/\/www.europesays.com\/at\/wp-json\/wp\/v2\/media\/374823"}],"wp:attachment":[{"href":"https:\/\/www.europesays.com\/at\/wp-json\/wp\/v2\/media?parent=374822"}],"wp:term":[{"taxonomy":"category","embeddable":true,"href":"https:\/\/www.europesays.com\/at\/wp-json\/wp\/v2\/categories?post=374822"},{"taxonomy":"post_tag","embeddable":true,"href":"https:\/\/www.europesays.com\/at\/wp-json\/wp\/v2\/tags?post=374822"}],"curies":[{"name":"wp","href":"https:\/\/api.w.org\/{rel}","templated":true}]}}