{"id":374828,"date":"2026-09-04T10:05:12","date_gmt":"2026-09-04T10:05:12","guid":{"rendered":"https:\/\/www.europesays.com\/at\/374828\/"},"modified":"2026-09-04T10:05:12","modified_gmt":"2026-09-04T10:05:12","slug":"fpoe-abgeordneter-kassegger-zieht-sich-aus-politik-zurueck-diepresse-com","status":"publish","type":"post","link":"https:\/\/www.europesays.com\/at\/374828\/","title":{"rendered":"FP\u00d6-Abgeordneter Kassegger zieht sich aus Politik zur\u00fcck \u2013 DiePresse.com"},"content":{"rendered":"<p class=\"lead\">Er stehe \u201eunmittelbar vor einer bedeutenden Operation\u201c, begr\u00fcndet der Obmann der Grazer Stadtpartei den Schritt. Kassegger sitzt seit 2013 f\u00fcr die FP\u00d6 im Nationalrat.<\/p>\n<p><img loading=\"lazy\" decoding=\"async\" class=\"figure__image\" src=\"https:\/\/www.europesays.com\/at\/wp-content\/uploads\/2026\/09\/3924d005.jpg\" alt=\"Axel Kassegger, FP\u00d6\" width=\"588\" height=\"392\"\/><\/p>\n<p>Axel Kassegger, FP\u00d6\u2003Clemens Fabry<\/p>\n<p>                    04.09.2026 um 10:39<\/p>\n<p>            <a href=\"https:\/\/google.com\/preferences\/source?q=diepresse.com\" class=\"cta cta--google\" target=\"_blank\" rel=\"noopener noreferrer nofollow\" onclick=\"pushDatalayer({&#010;            &#039;eventCategory&#039;: &#039;menu&#039;,&#010;            &#039;event&#039;: &#039;google_pref_choice&#039;,&#010;            &#039;eventAction&#039;: &#039;choice&#039;,&#010;            &#039;eventLabel&#039;: &#039;Google Prefered Source&#039;&#010;            }, true)\"><\/p>\n<p>        Die Presse auf Google als bevorzugte Nachrichtenquelle hinzuf\u00fcgen.<br \/>\n    <\/a><\/p>\n<p>Der FP\u00d6-Abgeordnete und Pr\u00e4sident des Freiheitlichen Bildungsinstituts, <a href=\"https:\/\/www.diepresse.com\/thema\/axel-kassegger\" data-tracking=\"at-link\" data-tracking-data=\"{\" event=\"\" click=\"\" article=\"\" kassegger=\"\" zieht=\"\" sich=\"\" aus=\"\" politik=\"\" zur=\"\" rel=\"nofollow noopener\" target=\"_blank\">Axel Kassegger<\/a>, zieht sich mit sofortiger Wirkung aus der Politik zur\u00fcck. \u201eIch stehe unmittelbar vor einer bedeutenden Operation, die bereits n\u00e4chste Woche stattfinden wird\u201c, begr\u00fcndete der Obmann der Grazer Stadtpartei den Schritt in einer Aussendung am Donnerstag. Er wolle k\u00fcnftig seine \u201evolle Aufmerksamkeit und Kraft meiner Genesung widmen\u201c. Kassegger sa\u00df seit 2013 f\u00fcr die FP\u00d6 im Nationalrat.<\/p>\n<p>Die FP\u00d6 Steiermark teilte Donnerstagnachmittag mit, dass nun der erst vergangene Woche angelobte neue Grazer FP\u00d6-Stadtrat Ren\u00e9 Apfelknab interimistisch die F\u00fchrung der FP\u00d6 Graz \u00fcbernimmt. Die weiteren Schritte w\u00fcrden noch in den zust\u00e4ndigen Parteigremien beraten. Apfelknab werde die Agenden bis zur Abhaltung eines au\u00dferordentlichen Stadtparteitages wahrnehmen. Die politische und organisatorische Handlungsf\u00e4higkeit der FP\u00d6 Graz sei damit weiterhin uneingeschr\u00e4nkt gew\u00e4hrleistet.<\/p>\n<p>\u201eDie Gesundheit steht \u00fcber allem. Wir respektieren die pers\u00f6nliche Entscheidung von Axel Kassegger selbstverst\u00e4ndlich und w\u00fcnschen ihm f\u00fcr die bevorstehende Operation sowie den anschlie\u00dfenden Genesungsweg von Herzen alles erdenklich Gute und vor allem eine rasche und vollst\u00e4ndige Genesung. Gleichzeitig m\u00f6chte ich mich pers\u00f6nlich, aber auch im Namen der Landespartei bei ihm aufrichtig f\u00fcr seinen langj\u00e4hrigen und engagierten Einsatz f\u00fcr unsere freiheitliche Gesinnungsgemeinschaft bedanken\u201c, sagte Landeshauptmann <a href=\"https:\/\/www.diepresse.com\/thema\/mario-kunasek\" data-tracking=\"at-link\" data-tracking-data=\"{\" event=\"\" click=\"\" article=\"\" kassegger=\"\" zieht=\"\" sich=\"\" aus=\"\" politik=\"\" zur=\"\" rel=\"nofollow noopener\" target=\"_blank\">Mario Kunasek<\/a> (FP\u00d6). (APA)<\/p>\n","protected":false},"excerpt":{"rendered":"Er stehe \u201eunmittelbar vor einer bedeutenden Operation\u201c, begr\u00fcndet der Obmann der Grazer Stadtpartei den Schritt. Kassegger sitzt seit&hellip;\n","protected":false},"author":2,"featured_media":374829,"comment_status":"","ping_status":"","sticky":false,"template":"","format":"standard","meta":{"footnotes":"","_share_on_mastodon":"0"},"categories":[6],"tags":[46,42,44,43,45],"class_list":["post-374828","post","type-post","status-publish","format-standard","has-post-thumbnail","category-oesterreich","tag-at","tag-austria","tag-oesterreich","tag-republic-of-austria","tag-republik-oesterreich"],"share_on_mastodon":{"url":"https:\/\/pubeurope.com\/@at\/117212212886169450","error":""},"_links":{"self":[{"href":"https:\/\/www.europesays.com\/at\/wp-json\/wp\/v2\/posts\/374828","targetHints":{"allow":["GET"]}}],"collection":[{"href":"https:\/\/www.europesays.com\/at\/wp-json\/wp\/v2\/posts"}],"about":[{"href":"https:\/\/www.europesays.com\/at\/wp-json\/wp\/v2\/types\/post"}],"author":[{"embeddable":true,"href":"https:\/\/www.europesays.com\/at\/wp-json\/wp\/v2\/users\/2"}],"replies":[{"embeddable":true,"href":"https:\/\/www.europesays.com\/at\/wp-json\/wp\/v2\/comments?post=374828"}],"version-history":[{"count":0,"href":"https:\/\/www.europesays.com\/at\/wp-json\/wp\/v2\/posts\/374828\/revisions"}],"wp:featuredmedia":[{"embeddable":true,"href":"https:\/\/www.europesays.com\/at\/wp-json\/wp\/v2\/media\/374829"}],"wp:attachment":[{"href":"https:\/\/www.europesays.com\/at\/wp-json\/wp\/v2\/media?parent=374828"}],"wp:term":[{"taxonomy":"category","embeddable":true,"href":"https:\/\/www.europesays.com\/at\/wp-json\/wp\/v2\/categories?post=374828"},{"taxonomy":"post_tag","embeddable":true,"href":"https:\/\/www.europesays.com\/at\/wp-json\/wp\/v2\/tags?post=374828"}],"curies":[{"name":"wp","href":"https:\/\/api.w.org\/{rel}","templated":true}]}}