{"id":374878,"date":"2026-09-04T10:34:10","date_gmt":"2026-09-04T10:34:10","guid":{"rendered":"https:\/\/www.europesays.com\/at\/374878\/"},"modified":"2026-09-04T10:34:10","modified_gmt":"2026-09-04T10:34:10","slug":"tony-iommi-die-letzten-stunden-mit-ozzy-osbourne","status":"publish","type":"post","link":"https:\/\/www.europesays.com\/at\/374878\/","title":{"rendered":"Tony Iommi: Die letzten Stunden mit Ozzy Osbourne"},"content":{"rendered":"<p>        <img decoding=\"async\" src=\"https:\/\/www.europesays.com\/at\/wp-content\/uploads\/2026\/09\/1788518048_638_rs-badge-recommendation.png\" alt=\"ROLLING STONE Badge\"\/><\/p>\n<p>Empfehlungen der\u00a0Redaktion<\/p>\n<p><img loading=\"lazy\" decoding=\"async\" src=\"https:\/\/www.europesays.com\/at\/wp-content\/uploads\/2026\/09\/1592bcc2f65f462ab92d6bb6f9cf9787.gif\" alt=\"\" width=\"1\" height=\"1\"\/>Wenige Stunden vor <a href=\"https:\/\/www.rollingstone.de\/ozzy-osbourne-das-definitive-ranking-der-live-alben-3003373\/\" target=\"_blank\" rel=\"noopener nofollow\">Ozzy Osbournes<\/a> Tod telefonierte Tony Iommi noch mit seinem langj\u00e4hrigen Freund und Weggef\u00e4hrten.<\/p>\n<p>Der Black-Sabbath-Gitarrist erinnert sich ein gutes Jahr nach Ozzys Beerdigung an das letzte Gespr\u00e4ch, die bewegende Abschiedsshow und daran, wie ersch\u00fctternd es war, Ozzy nach zwei Jahren wiederzusehen.<\/p>\n<p>\u201eIch habe in der Nacht vor seinem Tod mit ihm gesprochen\u201c, erz\u00e4hlt Iommi in Eddie Trunks Talk-Show bei SiriusXM. \u201eZiemlich gespenstisch. Er sagte: \u201aIch f\u00fchle mich wirklich m\u00fcde.\u2018\u201c Er selbst habe das nicht als etwas Au\u00dfergew\u00f6hnliches wahrgenommen. \u201eIch sagte: \u201aJa, ich bin auch m\u00fcde. Du wei\u00dft schon, die Nachwirkungen von allem.\u2018\u201c<\/p>\n<p>Kurz darauf war Ozzy tot. \u201eEs war wirklich ein h\u00f6llischer Schock.\u201c<\/p>\n<p>Der S\u00e4nger starb am\u00a022.\u00a0Juli\u00a02025 im Alter von\u00a076\u00a0Jahren \u2013 nur\u00a017\u00a0Tage nach dem letzten gro\u00dfen Auftritt von Black Sabbath beim Benefizkonzert \u201eBack to the Beginning\u201c im Stadion von Aston Villa in Birmingham. F\u00fcr Iommi war dieser Abend weit mehr als nur ein weiterer Auftritt.<\/p>\n<p>Regelm\u00e4\u00dfiger Kontakt \u00fcber Jahrzehnte<\/p>\n<p><img loading=\"lazy\" decoding=\"async\" src=\"https:\/\/www.europesays.com\/at\/wp-content\/uploads\/2026\/09\/1592bcc2f65f462ab92d6bb6f9cf9787.gif\" alt=\"\" width=\"1\" height=\"1\"\/>Iommi und Osbourne standen \u00fcber Jahrzehnte hinweg immer wieder miteinander in Kontakt, obwohl sie l\u00e4ngst auf unterschiedlichen Seiten des Atlantiks lebten \u2013 Ozzy in Kalifornien, Iommi in England. Die beiden telefonierten regelm\u00e4\u00dfig.<\/p>\n<p>Vieles davon habe sich, erz\u00e4hlt Iommi, um Allt\u00e4gliches gedreht. \u201eWas ist diese Woche so los?\u201c, habe man sich gegenseitig gefragt. Mal sei es um Schmerzen im Arm gegangen, mal um Probleme mit dem Fu\u00df. Es seien, wie Iommi sagt, die \u201eganz normalen Gespr\u00e4che\u201c gewesen.<\/p>\n<p>Gleichzeitig hatte er Ozzy rund zwei Jahre lang nicht pers\u00f6nlich gesehen. Das \u00e4nderte sich erst bei den Proben f\u00fcr \u201eBack to the Beginning\u201c. Der Eindruck, den Ozzy bei dieser ersten Begegnung auf ihn machte, war tiefgreifend.<\/p>\n<p>\u201eIch war wirklich schockiert, als ich ihn sah\u201c, so Iommi. \u201eWir waren geschockt, ihn hereingetragen zu sehen. Ziemlich traurig.\u201c<\/p>\n<p>Ein Schlussstrich am Ort des Ursprungs<\/p>\n<p>Mit dem Konzert in der alten Heimat bekamen Black Sabbath die Gelegenheit, dort einen Schlussstrich zu ziehen, wo alles begonnen hatte. F\u00fcr Iommi war das entscheidend: noch einmal gemeinsam mit Ozzy, Bill Ward und Geezer Butler auf einer B\u00fchne zu stehen und die Geschichte der Band tats\u00e4chlich zu Ende zu erz\u00e4hlen.<\/p>\n<p>Ganz selbstverst\u00e4ndlich war die Reunion f\u00fcr Iommi keineswegs. Nach der \u201eThe End\u201c-Tour habe er eigentlich das Gef\u00fchl gehabt, \u201edas war\u2019s jetzt\u201c.<\/p>\n<p>Erst der Charakter des Konzerts \u00e4nderte seine ablehnende Haltung: Die Einnahmen sollten f\u00fcr wohlt\u00e4tige Zwecke verwendet werden, zahlreiche gro\u00dfe Namen aus der Rock- und Metalwelt sagten ohne Komplikationen ihre Teilnahme zu.<\/p>\n<p>Sorge um Ozzys doppelten Auftritt<\/p>\n<p>Dass Ozzy an diesem Abend gleich zweimal auf die B\u00fchne ging, bereitete Iommi allerdings Sorgen \u2013 zun\u00e4chst ein eigenes Set mit seiner Soloband, anschlie\u00dfend der Black-Sabbath-Auftritt.<\/p>\n<p>Iommi hatte ihm strikt davon abgeraten. Er f\u00fcrchtete, Ozzy k\u00f6nnte seine Stimme \u00fcberlasten und die k\u00f6rperliche Belastung untersch\u00e4tzen. Doch die Entscheidung war gefallen: Ozzy trat zweimal auf und brachte beide Sets auch zu Ende.<\/p>\n<p>F\u00fcr Tony Iommi bleibt deshalb nicht nur die Erinnerung an einen historischen Abend, sondern vor allem an einen Menschen, mit dem er einen Gro\u00dfteil seines Lebens geteilt hat. \u201eIch vermisse diese Tage\u201c, sagt er. \u201eIch vermisse es, mit ihm zu sprechen.\u201c<\/p>\n","protected":false},"excerpt":{"rendered":"Empfehlungen der\u00a0Redaktion Wenige Stunden vor Ozzy Osbournes Tod telefonierte Tony Iommi noch mit seinem langj\u00e4hrigen Freund und Weggef\u00e4hrten.&hellip;\n","protected":false},"author":2,"featured_media":374879,"comment_status":"","ping_status":"","sticky":false,"template":"","format":"standard","meta":{"footnotes":"","_share_on_mastodon":"0"},"categories":[24],"tags":[46,42,2047,147,153,154,44,2052,53041,148],"class_list":["post-374878","post","type-post","status-publish","format-standard","has-post-thumbnail","category-musik","tag-at","tag-austria","tag-black-sabbath","tag-entertainment","tag-music","tag-musik","tag-oesterreich","tag-ozzy-osbourne","tag-tony-iommi","tag-unterhaltung"],"share_on_mastodon":{"url":"https:\/\/pubeurope.com\/@at\/117212327186772205","error":""},"_links":{"self":[{"href":"https:\/\/www.europesays.com\/at\/wp-json\/wp\/v2\/posts\/374878","targetHints":{"allow":["GET"]}}],"collection":[{"href":"https:\/\/www.europesays.com\/at\/wp-json\/wp\/v2\/posts"}],"about":[{"href":"https:\/\/www.europesays.com\/at\/wp-json\/wp\/v2\/types\/post"}],"author":[{"embeddable":true,"href":"https:\/\/www.europesays.com\/at\/wp-json\/wp\/v2\/users\/2"}],"replies":[{"embeddable":true,"href":"https:\/\/www.europesays.com\/at\/wp-json\/wp\/v2\/comments?post=374878"}],"version-history":[{"count":0,"href":"https:\/\/www.europesays.com\/at\/wp-json\/wp\/v2\/posts\/374878\/revisions"}],"wp:featuredmedia":[{"embeddable":true,"href":"https:\/\/www.europesays.com\/at\/wp-json\/wp\/v2\/media\/374879"}],"wp:attachment":[{"href":"https:\/\/www.europesays.com\/at\/wp-json\/wp\/v2\/media?parent=374878"}],"wp:term":[{"taxonomy":"category","embeddable":true,"href":"https:\/\/www.europesays.com\/at\/wp-json\/wp\/v2\/categories?post=374878"},{"taxonomy":"post_tag","embeddable":true,"href":"https:\/\/www.europesays.com\/at\/wp-json\/wp\/v2\/tags?post=374878"}],"curies":[{"name":"wp","href":"https:\/\/api.w.org\/{rel}","templated":true}]}}