{"id":374894,"date":"2026-09-04T10:43:10","date_gmt":"2026-09-04T10:43:10","guid":{"rendered":"https:\/\/www.europesays.com\/at\/374894\/"},"modified":"2026-09-04T10:43:10","modified_gmt":"2026-09-04T10:43:10","slug":"steirischer-extremschwimmer-koeberl-durchschwimmt-als-erster-oesterreicher-tsugaru-strasse","status":"publish","type":"post","link":"https:\/\/www.europesays.com\/at\/374894\/","title":{"rendered":"Steirischer Extremschwimmer: K\u00f6berl durchschwimmt als erster \u00d6sterreicher Tsugaru-Stra\u00dfe"},"content":{"rendered":"<p>Sechs von sieben sind geschafft: Der Steirer Josef K\u00f6berl hat als erster \u00d6sterreicher \u00fcberhaupt die 42 Kilometer lange Tsugaru-Stra\u00dfe in Japan durchschwommen. Nach zehn Stunden und 25 Minuten erreichte der 49-J\u00e4hrige Hokkaido. Nach diesem Erfolg fehlt dem Extremschwimmer nur noch der Kaiwi Channel auf Hawaii zur Vollendung der Ocean&#8217;s Seven.\u00a0<\/p>\n<p>STEIERMARK\/GRUNDLSEE.\u00a0\u201eIch bin unglaublich stolz, als erster \u00d6sterreicher diese schwere Querung geschafft zu haben. Die Tsugaru-Stra\u00dfe hat mir heute k\u00f6rperlich alles abverlangt. Aber nach zehn Stunden und 25 Minuten auf Hokkaido anzukommen, war ein unglaublicher Moment\u201c, sagt <a href=\"https:\/\/www.meinbezirk.at\/liezen\/c-sport\/grundlseer-extremschwimmer-wagt-sich-an-naechste-herausforderung_a8836381\" rel=\"nofollow noopener\" target=\"_blank\">Josef K\u00f6berl<\/a>. Mit der erfolgreichen Querung hat der geb\u00fcrtige Grundlseer sechs von sieben Ocean&#8217;s-Seven-Strecken absolviert.\u00a0Nach \u00c4rmelkanal, Stra\u00dfe von Gibraltar, Cook Strait, Nordkanal und <a href=\"https:\/\/www.meinbezirk.at\/liezen\/c-sport\/extremschwimmer-josef-koeberl-bezwang-den-catalina-channel_a8858102\" rel=\"nofollow noopener\" target=\"_blank\">Catalina Channel<\/a> ist nun auch die Tsugaru-Stra\u00dfe fehlt nur noch der Kaiwi Channel zwischen Moloka\u02bbi und O\u02bbahu auf Hawaii zur Vollendung.\u00a0<\/p>\n<p>Schwierige Verh\u00e4ltnisse \u2013\u00a0Zittern bis zuletzt<\/p>\n<p>Ob K\u00f6berl \u00fcberhaupt starten konnte, galt dabei lange Zeit als unsicher.\u00a0Wind, Wellengang und die komplexen Str\u00f6mungsverh\u00e4ltnisse sorgten mehrfach f\u00fcr Verz\u00f6gerungen. Erst am letzten m\u00f6glichen Tag seines offiziellen Zeitfensters erhielt der Extremschwimmer gr\u00fcnes Licht von den japanischen Kapit\u00e4nen. Am 3. Donnerstag, 3. September, um 3.35 Uhr japanischer Ortszeit fiel schlie\u00dflich der Startschuss in Honshu.\u00a0Die Tsugaru-Stra\u00dfe erwies sich dabei als der erwartet harte Gegner. Starke Str\u00f6mungen versetzten K\u00f6berl immer wieder, hoher Wellengang erschwerte das Schwimmen und zahlreiche Quallen begleiteten ihn auf der Strecke.\u00a0<\/p>\n<p><img class=\"imagecontainer\" decoding=\"auto\" data-aspect-ratio=\"0.888227513\" src=\"https:\/\/www.europesays.com\/at\/wp-content\/uploads\/2026\/09\/52423367_L.webp\" style=\"object-position: 55% 43%;\" data-object-position=\"55% 43%\"\/><\/p>\n<p>\u201eDu schwimmst und m\u00f6chtest nat\u00fcrlich m\u00f6glichst direkt auf dein Ziel zu. Aber hier funktioniert das nicht. Du musst dem Kapit\u00e4n vertrauen \u2013 auch wenn sich seine Anweisungen im Wasser manchmal v\u00f6llig falsch anf\u00fchlen.\u201c\u00a0<br \/>Josef K\u00f6berl, Extremschwimmer<\/p>\n<p>Dieses Zusammenspiel habe gut funktioniert und der Kapit\u00e4n \u201eeinen unglaublich guten Weg durch die Tsugaru Stra\u00dfe gefunden\u201c, so K\u00f6berl, der die rund 42 Kilometer lange Strecke in rund zehn Stunden und 25 Minuten zur\u00fccklegte.\u00a0<\/p>\n<p><img class=\"imagecontainer\" decoding=\"auto\" data-aspect-ratio=\"1.503875969\" src=\"https:\/\/www.europesays.com\/at\/wp-content\/uploads\/2026\/09\/52423355_L.webp\"\/><\/p>\n<p>Letzte Ocean&#8217;s-Seven-Querung f\u00fcr 2027 geplant<\/p>\n<p>Der Erfolg in Japan bildet f\u00fcr den Extremschwimmer den H\u00f6hepunkt einer au\u00dfergew\u00f6hnlichen Reise beziehungsweise intensiver Wochen.\u00a0Erst im August hatte er den Catalina Channel vor Kalifornien erfolgreich durchschwommen und damit seine f\u00fcnfte Ocean\u2019s-Seven-Querung absolviert. Wenige Tage sp\u00e4ter folgte gemeinsam mit Markus Rogan und anderen Schwimmerinnen und Schwimmern das \u201eEscape from Alcatraz\u201c in der San Francisco Bay. Danach reiste K\u00f6berl direkt weiter nach Japan. Nun fehlt dem Extremschwimmer nur noch der Kaiwi Channel auf Hawaii, dieser steht f\u00fcr 2027 am Programm.\u00a0\u201eHeute m\u00f6chte ich noch gar nicht zu viel an Nummer sieben denken. Ich m\u00f6chte diesen Moment genie\u00dfen.\u201c<\/p>\n","protected":false},"excerpt":{"rendered":"Sechs von sieben sind geschafft: Der Steirer Josef K\u00f6berl hat als erster \u00d6sterreicher \u00fcberhaupt die 42 Kilometer lange&hellip;\n","protected":false},"author":2,"featured_media":374895,"comment_status":"","ping_status":"","sticky":false,"template":"","format":"standard","meta":{"footnotes":"","_share_on_mastodon":"0"},"categories":[6],"tags":[46,42,44,43,45],"class_list":["post-374894","post","type-post","status-publish","format-standard","has-post-thumbnail","category-oesterreich","tag-at","tag-austria","tag-oesterreich","tag-republic-of-austria","tag-republik-oesterreich"],"share_on_mastodon":{"url":"https:\/\/pubeurope.com\/@at\/117212362487704629","error":""},"_links":{"self":[{"href":"https:\/\/www.europesays.com\/at\/wp-json\/wp\/v2\/posts\/374894","targetHints":{"allow":["GET"]}}],"collection":[{"href":"https:\/\/www.europesays.com\/at\/wp-json\/wp\/v2\/posts"}],"about":[{"href":"https:\/\/www.europesays.com\/at\/wp-json\/wp\/v2\/types\/post"}],"author":[{"embeddable":true,"href":"https:\/\/www.europesays.com\/at\/wp-json\/wp\/v2\/users\/2"}],"replies":[{"embeddable":true,"href":"https:\/\/www.europesays.com\/at\/wp-json\/wp\/v2\/comments?post=374894"}],"version-history":[{"count":0,"href":"https:\/\/www.europesays.com\/at\/wp-json\/wp\/v2\/posts\/374894\/revisions"}],"wp:featuredmedia":[{"embeddable":true,"href":"https:\/\/www.europesays.com\/at\/wp-json\/wp\/v2\/media\/374895"}],"wp:attachment":[{"href":"https:\/\/www.europesays.com\/at\/wp-json\/wp\/v2\/media?parent=374894"}],"wp:term":[{"taxonomy":"category","embeddable":true,"href":"https:\/\/www.europesays.com\/at\/wp-json\/wp\/v2\/categories?post=374894"},{"taxonomy":"post_tag","embeddable":true,"href":"https:\/\/www.europesays.com\/at\/wp-json\/wp\/v2\/tags?post=374894"}],"curies":[{"name":"wp","href":"https:\/\/api.w.org\/{rel}","templated":true}]}}