{"id":374908,"date":"2026-09-04T10:52:34","date_gmt":"2026-09-04T10:52:34","guid":{"rendered":"https:\/\/www.europesays.com\/at\/374908\/"},"modified":"2026-09-04T10:52:34","modified_gmt":"2026-09-04T10:52:34","slug":"polizeiruf-110-matthias-brandt-kommt-nach-acht-jahren-zurueck","status":"publish","type":"post","link":"https:\/\/www.europesays.com\/at\/374908\/","title":{"rendered":"&#8222;Polizeiruf 110&#8220;: Matthias Brandt kommt nach acht Jahren zur\u00fcck"},"content":{"rendered":"<p>Nach Ausstieg im Jahr 2018 <\/p>\n<p>Matthias Brandt kommt zum &#8222;Polizeiruf 110&#8220; zur\u00fcck \u2013 f\u00fcr einen Fall<\/p>\n<p>04.09.2026 &#8211; 10:19 UhrLesedauer: 2 Min.<\/p>\n<p><a href=\"#focus-0\" class=\"transition-colors block text-current relative\" data-sctrack=\"FocusGalleryImage.Reference\"><img fetchpriority=\"high\" data-testid=\"Opener.Image\"   loading=\"eager\" src=\"https:\/\/www.europesays.com\/at\/wp-content\/uploads\/2026\/09\/matthias-brandt-er-stand-fuer-einen-neuen-polizeiruf-110-vor-der-kamera.jpg\" alt=\"Matthias Brandt: Er stand f\u00fcr einen neuen &quot;Polizeiruf 110&quot; vor der Kamera.\" title=\"Matthias Brandt: Er stand f\u00fcr einen neuen &quot;Polizeiruf 110&quot; vor der Kamera.\" width=\"4193\" height=\"2358\" class=\"bg-[url:var(--lqipURL)] bg-cover bg-center flex h-full w-full max-w-full\" style=\"--lqipURL:url('https:\/\/images.t-online.de\/2026\/09\/uqaa9DaX5jAY\/1104x138:4193x2358\/fit-in\/150x0\/filters:blur(25)\/matthias-brandt-er-stand-fuer-einen-neuen-polizeiruf-110-vor-der-kamera.jpg')\" decoding=\"async\"\/><img loading=\"lazy\" src=\"https:\/\/www.t-online.de\/s\/paper\/_next\/static\/media\/zoom-in.f7dae02f.svg\" alt=\"Vergr\u00f6\u00dfern des Bildes\" title=\"Vergr\u00f6\u00dfern des Bildes\" class=\"block h-[calc(var(--height)_\/_16_*_1rem)] w-[calc(var(--width)_\/_16_*_1rem)] max-w-none absolute right-8 bottom-8 rounded-4 bg-snow p-8\" style=\"--width:32;--height:32\" decoding=\"async\"\/><\/a><\/p>\n<p>Matthias Brandt: Er stand f\u00fcr einen neuen &#8222;Polizeiruf 110&#8220; vor der Kamera. (Quelle: IMAGO)<\/p>\n<p class=\"font-bold text-18 leading-17 user-text-lg:text-22 user-text-xl:text-24\">Vor acht Jahren trat er zum letzten Mal als M\u00fcnchner Ermittler Hanns von Meuffels im &#8222;Polizeiruf 110&#8220; auf. Jetzt kommt Matthias Brandt zur\u00fcck in die ARD-Krimireihe.<\/p>\n<p class=\"text-18 leading-17 user-text-lg:text-22 user-text-xl:text-24\">Schauspieler <a href=\"https:\/\/www.t-online.de\/themen\/matthias-brandt\/\" class=\"transition-colors cursor-pointer no-underline md:hover:text-magenta md:focus:text-magenta border-b border-solid border-current text-salemsfur md:hover:border-magenta\" data-tracking=\"{&quot;action&quot;:&quot;click&quot;,&quot;category&quot;:&quot;intextLink&quot;,&quot;label&quot;:&quot;\/themen\/matthias-brandt\/&quot;}\" data-sctrack=\"BodyAnchor\" rel=\"nofollow noopener\" target=\"_blank\">Matthias Brandt<\/a> feiert ein Comeback im &#8222;Polizeiruf 110&#8220; aus <a href=\"https:\/\/muenchen.t-online.de\/region\/muenchen\/\" class=\"transition-colors cursor-pointer no-underline md:hover:text-magenta md:focus:text-magenta border-b border-solid border-current text-salemsfur md:hover:border-magenta\" data-tracking=\"{&quot;action&quot;:&quot;click&quot;,&quot;category&quot;:&quot;intextLink&quot;,&quot;label&quot;:&quot;https:\/\/muenchen.t-online.de\/region\/muenchen\/&quot;}\" data-sctrack=\"BodyAnchor\" rel=\"nofollow noopener\" target=\"_blank\">M\u00fcnchen<\/a> \u2013 zumindest f\u00fcr eine Folge. Der federf\u00fchrende BR und die Produktionsfirma Bavaria Fiction haben mitgeteilt, dass in dieser Woche die Dreharbeiten f\u00fcr einen neuen Fall beendet wurden. Brandt, Barbara Auer und Justus von Dohn\u00e1nyi standen dabei gemeinsam mit dem aktuellen Team um Johanna Wokalek und Stephan Zinner vor der Kamera.<\/p>\n<p class=\"text-18 leading-17 user-text-lg:text-22 user-text-xl:text-24\">Zum Inhalt sind schon einige Details bekannt. Demnach schlie\u00dft der neue Film mit dem Arbeitstitel &#8222;Hotel Bogota&#8220; an den 2015 ausgestrahlten Fall &#8222;Kreise&#8220; von Brandt und Auer als Hanns von Meuffels und Constanze Herrmann an. In diesem hatte das Duo den M\u00f6rder Peter Brauer (Justus von Dohn\u00e1nyi) verhaftet und hinter Gitter gebracht. Im neuen &#8222;Polizeiruf 110&#8220; ist dieser nun auf der Flucht. Und Cris Blohm (Johanna Wokalek) und Dennis Eden (Stephan Zinner) wenden sich an das fr\u00fchere Ermittlerteam.<\/p>\n<p class=\"text-18 leading-17 user-text-lg:text-22 user-text-xl:text-24\">Der ehemalige Ermittler Hanns von Meuffels lebt inzwischen zur\u00fcckgezogen auf dem Land. Doch um zu helfen, schlie\u00dft er sich dem neuen M\u00fcnchner Team an. Genauso wie seine fr\u00fchere Kollegin Constanze Herrmann. Der Film wurde vom 5. August bis zum 2. September in M\u00fcnchen und Umgebung gedreht. Wann er zu sehen sein wird, ist noch nicht bekannt.<\/p>\n<p>Im Video | Die erfolgreichsten Serien von ARD und ZDF<\/p>\n<p><img loading=\"lazy\" src=\"https:\/\/www.t-online.de\/s\/paper\/_next\/static\/media\/loading-indicator-magenta.1f35d8de.svg\" alt=\"Video l\u00e4dt\" title=\"Video l\u00e4dt\" class=\"block h-[calc(var(--height)_\/_16_*_1rem)] w-[calc(var(--width)_\/_16_*_1rem)] max-w-none undefined\" style=\"--width:32;--height:32\" decoding=\"async\"\/>Player wird geladenQuelle: SPH<\/p>\n<p class=\"text-18 leading-17 user-text-lg:text-22 user-text-xl:text-24\">Matthias Brandt war im Jahr 2018 zum letzten Mal als Hanns von Meuffels im &#8222;Polizeiruf 110&#8220; zu sehen. Im Fall &#8222;Tatorte&#8220; feierte er damals nach sieben Jahren und 15 F\u00e4llen seinen Abschied von der TV-Krimireihe. Barbara Auer war in drei Folgen als Constanze Herrmann dabei gewesen. 2023 \u00fcbernahm Johanna Wokalek in M\u00fcnchen. Inzwischen waren vier Folgen mit ihr zu sehen.<\/p>\n","protected":false},"excerpt":{"rendered":"Nach Ausstieg im Jahr 2018 Matthias Brandt kommt zum &#8222;Polizeiruf 110&#8220; zur\u00fcck \u2013 f\u00fcr einen Fall 04.09.2026 &#8211;&hellip;\n","protected":false},"author":2,"featured_media":374909,"comment_status":"","ping_status":"","sticky":false,"template":"","format":"standard","meta":{"footnotes":"","_share_on_mastodon":"0"},"categories":[25],"tags":[2608,46,42,93820,93822,1435,147,14297,93821,93819,44,3068,156,155,15015,148],"class_list":["post-374908","post","type-post","status-publish","format-standard","has-post-thumbnail","category-serien","tag-ard","tag-at","tag-austria","tag-barbara-auer","tag-bavaria","tag-br","tag-entertainment","tag-johanna-wokalek","tag-justus-von-dohnanyi","tag-matthias-brandt","tag-oesterreich","tag-polizeiruf-110","tag-serien","tag-series","tag-stephan-zinner","tag-unterhaltung"],"share_on_mastodon":{"url":"https:\/\/pubeurope.com\/@at\/117212398033017888","error":""},"_links":{"self":[{"href":"https:\/\/www.europesays.com\/at\/wp-json\/wp\/v2\/posts\/374908","targetHints":{"allow":["GET"]}}],"collection":[{"href":"https:\/\/www.europesays.com\/at\/wp-json\/wp\/v2\/posts"}],"about":[{"href":"https:\/\/www.europesays.com\/at\/wp-json\/wp\/v2\/types\/post"}],"author":[{"embeddable":true,"href":"https:\/\/www.europesays.com\/at\/wp-json\/wp\/v2\/users\/2"}],"replies":[{"embeddable":true,"href":"https:\/\/www.europesays.com\/at\/wp-json\/wp\/v2\/comments?post=374908"}],"version-history":[{"count":0,"href":"https:\/\/www.europesays.com\/at\/wp-json\/wp\/v2\/posts\/374908\/revisions"}],"wp:featuredmedia":[{"embeddable":true,"href":"https:\/\/www.europesays.com\/at\/wp-json\/wp\/v2\/media\/374909"}],"wp:attachment":[{"href":"https:\/\/www.europesays.com\/at\/wp-json\/wp\/v2\/media?parent=374908"}],"wp:term":[{"taxonomy":"category","embeddable":true,"href":"https:\/\/www.europesays.com\/at\/wp-json\/wp\/v2\/categories?post=374908"},{"taxonomy":"post_tag","embeddable":true,"href":"https:\/\/www.europesays.com\/at\/wp-json\/wp\/v2\/tags?post=374908"}],"curies":[{"name":"wp","href":"https:\/\/api.w.org\/{rel}","templated":true}]}}