{"id":374926,"date":"2026-09-04T11:02:08","date_gmt":"2026-09-04T11:02:08","guid":{"rendered":"https:\/\/www.europesays.com\/at\/374926\/"},"modified":"2026-09-04T11:02:08","modified_gmt":"2026-09-04T11:02:08","slug":"grosseinsatz-der-polizei-nach-raubueberfall","status":"publish","type":"post","link":"https:\/\/www.europesays.com\/at\/374926\/","title":{"rendered":"Gro\u00dfeinsatz der Polizei nach Raub\u00fcberfall"},"content":{"rendered":"<p>Kriminalit\u00e4t<\/p>\n<p class=\"story-lead-text\">\n            Die Polizei ist Freitagvormittag nach einem Raub in Margareten im Gro\u00dfeinsatz gestanden. Auch die Spezialeinheit WEGA wurde hinzugezogen. Der mutma\u00dfliche T\u00e4ter konnte gefasst werden.\n         <\/p>\n<p>\n         04.09.2026 12.25\n      <\/p>\n<p>\n         Online seit heute, 12.25 Uhr<\/p>\n<p>   (Update: 13.01 Uhr)<\/p>\n<p>Gegen 10.30 Uhr kam es in der Reinprechtsdorfer Stra\u00dfe zu einem bewaffneten \u00dcberfall auf ein Gesch\u00e4ftslokal. Ein 31-j\u00e4hriger Mann betrat das Gesch\u00e4ft mit einer Schusswaffe und bedrohte einen Mitarbeiter. Dem Mitarbeiter gelang es, das Gesch\u00e4ft zu verlassen und den Tatverd\u00e4chtigen zun\u00e4chst in den R\u00e4umlichkeiten einzusperren.<\/p>\n<p>Verd\u00e4chtiger fl\u00fcchtete in den Keller<\/p>\n<p>Noch vor dem Eintreffen der Polizeibeamten konnte der Verd\u00e4chtige jedoch das Gesch\u00e4ft verlassen und in einen Keller fl\u00fcchten. Einsatzkr\u00e4ften der WEGA gelang es den Mann dort anzuhalten und festzunehmen. Eine Schusswaffe und die mutma\u00dfliche Beute wurden sichergestellt.<\/p>\n<p>      <img decoding=\"async\" class=\"lazy-loading\" bad-src=\"data:image\/svg+xml;charset=utf-8,%3Csvg%20xmlns%3D'http%3A%2F%2Fwww.w3.org%2F2000%2Fsvg'%20viewBox%3D'0%200%206192%204128'%2F%3E\" src=\"https:\/\/www.europesays.com\/at\/wp-content\/uploads\/2026\/09\/3171895_bigpicture_1229936_wien_raub_im_bezirk_margareten_.jpg\"  alt=\"ABD0036_20260904 \u2013 WIEN \u2013 \u0085STERREICH: ZU APA0135 VOM 4.9.2026 \u2013 Die Wiener Polizei ist am Freitag, 04. September 2026, nach einem mutma\u00a7lichen Raub im Bezirk Margareten im Gro\u00a7einsatz gestanden. \u2013 FOTO: APA\/HARALD SCHNEIDER\"\/><\/p>\n<p>   APA\/HARALD SCHNEIDER<\/p>\n<p>      Die H\u00f6he der Beute ist noch unbekannt<\/p>\n<p>Ermittlungen noch nicht abgeschlossen<\/p>\n<p>Der Tatverd\u00e4chtige, ein ungarischer Staatsangeh\u00f6riger, wurde vorl\u00e4ufig festgenommen. Das Landeskriminalamt Wien hat die weiteren Ermittlungen \u00fcbernommen.<\/p>\n","protected":false},"excerpt":{"rendered":"Kriminalit\u00e4t Die Polizei ist Freitagvormittag nach einem Raub in Margareten im Gro\u00dfeinsatz gestanden. Auch die Spezialeinheit WEGA wurde&hellip;\n","protected":false},"author":2,"featured_media":374927,"comment_status":"","ping_status":"","sticky":false,"template":"","format":"standard","meta":{"footnotes":"","_share_on_mastodon":"0"},"categories":[6],"tags":[46,42,44,43,45],"class_list":["post-374926","post","type-post","status-publish","format-standard","has-post-thumbnail","category-oesterreich","tag-at","tag-austria","tag-oesterreich","tag-republic-of-austria","tag-republik-oesterreich"],"share_on_mastodon":{"url":"https:\/\/pubeurope.com\/@at\/117212437187944303","error":""},"_links":{"self":[{"href":"https:\/\/www.europesays.com\/at\/wp-json\/wp\/v2\/posts\/374926","targetHints":{"allow":["GET"]}}],"collection":[{"href":"https:\/\/www.europesays.com\/at\/wp-json\/wp\/v2\/posts"}],"about":[{"href":"https:\/\/www.europesays.com\/at\/wp-json\/wp\/v2\/types\/post"}],"author":[{"embeddable":true,"href":"https:\/\/www.europesays.com\/at\/wp-json\/wp\/v2\/users\/2"}],"replies":[{"embeddable":true,"href":"https:\/\/www.europesays.com\/at\/wp-json\/wp\/v2\/comments?post=374926"}],"version-history":[{"count":0,"href":"https:\/\/www.europesays.com\/at\/wp-json\/wp\/v2\/posts\/374926\/revisions"}],"wp:featuredmedia":[{"embeddable":true,"href":"https:\/\/www.europesays.com\/at\/wp-json\/wp\/v2\/media\/374927"}],"wp:attachment":[{"href":"https:\/\/www.europesays.com\/at\/wp-json\/wp\/v2\/media?parent=374926"}],"wp:term":[{"taxonomy":"category","embeddable":true,"href":"https:\/\/www.europesays.com\/at\/wp-json\/wp\/v2\/categories?post=374926"},{"taxonomy":"post_tag","embeddable":true,"href":"https:\/\/www.europesays.com\/at\/wp-json\/wp\/v2\/tags?post=374926"}],"curies":[{"name":"wp","href":"https:\/\/api.w.org\/{rel}","templated":true}]}}