{"id":374950,"date":"2026-09-04T11:19:17","date_gmt":"2026-09-04T11:19:17","guid":{"rendered":"https:\/\/www.europesays.com\/at\/374950\/"},"modified":"2026-09-04T11:19:17","modified_gmt":"2026-09-04T11:19:17","slug":"europe-today-russland-bedroht-europa-ceuta-krise-afd-vorn-im-osten","status":"publish","type":"post","link":"https:\/\/www.europesays.com\/at\/374950\/","title":{"rendered":"Europe Today: Russland bedroht Europa, Ceuta-Krise, AfD vorn im Osten"},"content":{"rendered":"<p>\n                    Zuerst ver\u00f6ffentlicht am                 04\/09\/2026 &#8211; 8:06 MESZ\u2022Zuletzt aktualisiert<br \/>\n                                     12:10\n                                        <\/p>\n<p>  Heute in der Sendung:<\/p>\n<p>Shona Murray berichtet aus Dublin in Irland \u00fcber die versch\u00e4rften Drohungen Russlands gegen europ\u00e4ische Staaten. Moskau will damit B\u00fcrger einsch\u00fcchtern, deren Regierungen die Ukraine unterst\u00fctzen. Sie spricht dazu mit Benjamin Haddad, dem franz\u00f6sischen Europaminister.<\/p>\n<p>          <img decoding=\"async\" class=\"c-ad__placeholder__logo\" src=\"https:\/\/static.euronews.com\/website\/images\/logos\/logo-euronews-stacked-outlined-72x72-grey-9.svg\" width=\"72\" height=\"72\" alt=\"\" loading=\"lazy\"\/><br \/>\n          WERBUNG<\/p>\n<p>          <img decoding=\"async\" class=\"c-ad__placeholder__logo\" src=\"https:\/\/static.euronews.com\/website\/images\/logos\/logo-euronews-stacked-outlined-72x72-grey-9.svg\" width=\"72\" height=\"72\" alt=\"\" loading=\"lazy\"\/><br \/>\n          WERBUNG<\/p>\n<p>Wir interviewen au\u00dferdem Sergii Marchenko, den ukrainischen Finanzminister. Thema sind die erneut laut werdenden Forderungen, eingefrorene russische Verm\u00f6genswerte zu nutzen, denn die Ukraine steuert auf einen weiteren harten Winter zu. Zudem kommt Antonio L\u00f3pez-Ist\u00fariz, Mitglied des Europ\u00e4ischen Parlaments (Spanien, EVP), zu Wort. Er reagiert auf die sich versch\u00e4rfende Krise in Ceuta in Spanien.<\/p>\n<p>Laura Fleischmann berichtet aus Deutschland. Dort f\u00fchrt die rechtsextreme AfD in den Umfragen vor den Regionalwahlen an diesem Sonntag in Sachsen-Anhalt im Osten des Landes.<\/p>\n<p>Europe Today: Wann und wo Sie die Sendung sehen k\u00f6nnen<\/p>\n<p>Sie k\u00f6nnen gemeinsam mit Euronews-Chefmoderatorin M\u00e9abh Mc Mahon und unserer EU-Redakteurin Maria Tadeo live dabei sein \u2013 im Fernsehen, auf der Euronews-Webseite sowie auf den digitalen Plattformen YouTube, Facebook, X und Instagram \u2013, montags bis freitags um 8 Uhr Br\u00fcsseler Zeit.<\/p>\n<p>In nur 20 Minuten bringt das neue Format die wichtigsten Ereignisse des Tages und die entscheidenden Analysen zu den Geschichten, die die EU und dar\u00fcber hinaus pr\u00e4gen. Die Sendung gibt es auch als Newsletter und Podcast.<\/p>\n","protected":false},"excerpt":{"rendered":"Zuerst ver\u00f6ffentlicht am 04\/09\/2026 &#8211; 8:06 MESZ\u2022Zuletzt aktualisiert 12:10 Heute in der Sendung: Shona Murray berichtet aus Dublin&hellip;\n","protected":false},"author":2,"featured_media":374951,"comment_status":"","ping_status":"","sticky":false,"template":"","format":"standard","meta":{"footnotes":"","_share_on_mastodon":"0"},"categories":[3],"tags":[79674,76,75,74,93748,12054,81],"class_list":["post-374950","post","type-post","status-publish","format-standard","has-post-thumbnail","category-europa","tag-ceuta","tag-eu","tag-europa","tag-europe","tag-franzoesische-politik","tag-pedro-sanchez","tag-ukraine-krieg"],"share_on_mastodon":{"url":"https:\/\/pubeurope.com\/@at\/117212504037166607","error":""},"_links":{"self":[{"href":"https:\/\/www.europesays.com\/at\/wp-json\/wp\/v2\/posts\/374950","targetHints":{"allow":["GET"]}}],"collection":[{"href":"https:\/\/www.europesays.com\/at\/wp-json\/wp\/v2\/posts"}],"about":[{"href":"https:\/\/www.europesays.com\/at\/wp-json\/wp\/v2\/types\/post"}],"author":[{"embeddable":true,"href":"https:\/\/www.europesays.com\/at\/wp-json\/wp\/v2\/users\/2"}],"replies":[{"embeddable":true,"href":"https:\/\/www.europesays.com\/at\/wp-json\/wp\/v2\/comments?post=374950"}],"version-history":[{"count":0,"href":"https:\/\/www.europesays.com\/at\/wp-json\/wp\/v2\/posts\/374950\/revisions"}],"wp:featuredmedia":[{"embeddable":true,"href":"https:\/\/www.europesays.com\/at\/wp-json\/wp\/v2\/media\/374951"}],"wp:attachment":[{"href":"https:\/\/www.europesays.com\/at\/wp-json\/wp\/v2\/media?parent=374950"}],"wp:term":[{"taxonomy":"category","embeddable":true,"href":"https:\/\/www.europesays.com\/at\/wp-json\/wp\/v2\/categories?post=374950"},{"taxonomy":"post_tag","embeddable":true,"href":"https:\/\/www.europesays.com\/at\/wp-json\/wp\/v2\/tags?post=374950"}],"curies":[{"name":"wp","href":"https:\/\/api.w.org\/{rel}","templated":true}]}}