{"id":374960,"date":"2026-09-04T11:25:09","date_gmt":"2026-09-04T11:25:09","guid":{"rendered":"https:\/\/www.europesays.com\/at\/374960\/"},"modified":"2026-09-04T11:25:09","modified_gmt":"2026-09-04T11:25:09","slug":"neiyla-veroeffentlicht-neue-single-earthquake","status":"publish","type":"post","link":"https:\/\/www.europesays.com\/at\/374960\/","title":{"rendered":"Neiyla ver\u00f6ffentlicht neue Single &#8222;Earthquake&#8220;"},"content":{"rendered":"<p> LINZ. Eine Trennung, ein Schl\u00fcssel und der Mut, neu anzufangen: Mit ihrer neuen Single \u201eEarthquake\u201c ver\u00f6ffentlicht S\u00e4ngerin und Songwriterin Neiyla aus Linz einen emotionalen Pop-Rock-Song \u00fcber Liebe, Verlust und den Mut, nach dem Ende einer langj\u00e4hrigen Beziehung wieder neu anzufangen. <\/p>\n<p>Der Song entstand aus einem ganz pers\u00f6nlichen Moment: dem Zur\u00fcckgeben des gemeinsamen Wohnungsschl\u00fcssels nach einer Trennung. Ein kleiner Gegenstand, der pl\u00f6tzlich f\u00fcr alles steht, was zur\u00fcckbleibt \u2013 f\u00fcr viele Jahre gemeinsamer Geschichte, f\u00fcr Liebe, Erinnerungen, Hoffnung und die unz\u00e4hligen Versuche, etwas zu retten, das am Ende nicht mehr gehalten werden konnte. Und so beginnt und endet der Song auch mit derselben Zeile: \u201eGave back the keys to your apartment, I wonder who will own them next.\u201c<\/p>\n<p>Geschrieben wurde \u201eEarthquake\u201c von Neiyla selbst, produziert wurde der Song von BernWagner.<\/p>\n<p>Musikvideo in London gedreht<\/p>\n<p>Auch das Musikvideo entstand in Eigenregie der jungen Linzer Musikerin, die heute in Wien lebt. W\u00e4hrend ihrer Acoustic Tour in London entschied sich Neiyla spontan dazu, die Stadt als visuelle Kulisse f\u00fcr \u201eEarthquake\u201c zu nutzen. Zu sehen sind ikonische Orte wie Notting Hill, Shoreditch und die legend\u00e4re London Underground.\u00a0<\/p>\n","protected":false},"excerpt":{"rendered":"LINZ. Eine Trennung, ein Schl\u00fcssel und der Mut, neu anzufangen: Mit ihrer neuen Single \u201eEarthquake\u201c ver\u00f6ffentlicht S\u00e4ngerin und&hellip;\n","protected":false},"author":2,"featured_media":374961,"comment_status":"","ping_status":"","sticky":false,"template":"","format":"standard","meta":{"footnotes":"","_share_on_mastodon":"0"},"categories":[30],"tags":[46,42,11162,93826,714,184,943,3843,85986,44,10130,38,794,10926],"class_list":["post-374960","post","type-post","status-publish","format-standard","has-post-thumbnail","category-linz","tag-at","tag-austria","tag-beziehung","tag-earthquake","tag-liebe","tag-linz","tag-london","tag-mut","tag-neiyla","tag-oesterreich","tag-schluessel","tag-top-meldungen","tag-trennung","tag-verlust"],"share_on_mastodon":{"url":"https:\/\/pubeurope.com\/@at\/117212526975988325","error":""},"_links":{"self":[{"href":"https:\/\/www.europesays.com\/at\/wp-json\/wp\/v2\/posts\/374960","targetHints":{"allow":["GET"]}}],"collection":[{"href":"https:\/\/www.europesays.com\/at\/wp-json\/wp\/v2\/posts"}],"about":[{"href":"https:\/\/www.europesays.com\/at\/wp-json\/wp\/v2\/types\/post"}],"author":[{"embeddable":true,"href":"https:\/\/www.europesays.com\/at\/wp-json\/wp\/v2\/users\/2"}],"replies":[{"embeddable":true,"href":"https:\/\/www.europesays.com\/at\/wp-json\/wp\/v2\/comments?post=374960"}],"version-history":[{"count":0,"href":"https:\/\/www.europesays.com\/at\/wp-json\/wp\/v2\/posts\/374960\/revisions"}],"wp:featuredmedia":[{"embeddable":true,"href":"https:\/\/www.europesays.com\/at\/wp-json\/wp\/v2\/media\/374961"}],"wp:attachment":[{"href":"https:\/\/www.europesays.com\/at\/wp-json\/wp\/v2\/media?parent=374960"}],"wp:term":[{"taxonomy":"category","embeddable":true,"href":"https:\/\/www.europesays.com\/at\/wp-json\/wp\/v2\/categories?post=374960"},{"taxonomy":"post_tag","embeddable":true,"href":"https:\/\/www.europesays.com\/at\/wp-json\/wp\/v2\/tags?post=374960"}],"curies":[{"name":"wp","href":"https:\/\/api.w.org\/{rel}","templated":true}]}}