{"id":375006,"date":"2026-09-04T11:57:13","date_gmt":"2026-09-04T11:57:13","guid":{"rendered":"https:\/\/www.europesays.com\/at\/375006\/"},"modified":"2026-09-04T11:57:13","modified_gmt":"2026-09-04T11:57:13","slug":"einreise-nach-europa-ees-grenzkontrollen-aendern-sich-ab-6-september","status":"publish","type":"post","link":"https:\/\/www.europesays.com\/at\/375006\/","title":{"rendered":"Einreise nach Europa: EES-Grenzkontrollen \u00e4ndern sich ab 6. September"},"content":{"rendered":"<p>Am Sonntag, dem sechsten September, laufen die Notfall-Flexibilit\u00e4tsregeln des EU-Ein- und Ausreisesystems (EES) aus. <\/p>\n<p>          <img decoding=\"async\" class=\"c-ad__placeholder__logo\" src=\"https:\/\/static.euronews.com\/website\/images\/logos\/logo-euronews-stacked-outlined-72x72-grey-9.svg\" width=\"72\" height=\"72\" alt=\"\" loading=\"lazy\"\/><br \/>\n          WERBUNG<\/p>\n<p>          <img decoding=\"async\" class=\"c-ad__placeholder__logo\" src=\"https:\/\/static.euronews.com\/website\/images\/logos\/logo-euronews-stacked-outlined-72x72-grey-9.svg\" width=\"72\" height=\"72\" alt=\"\" loading=\"lazy\"\/><br \/>\n          WERBUNG<\/p>\n<p>Im Sommer durften die Mitgliedstaaten in Ausnahmef\u00e4llen vor\u00fcbergehend auf die Erfassung biometrischer Daten von Reisenden \u2013 Fingerabdr\u00fccke und Gesichtsscans \u2013 verzichten, um Staus abzubauen.<\/p>\n<p>Branchenverb\u00e4nde dringen nun darauf, diese Spielr\u00e4ume \u00fcber den September hinaus zu verl\u00e4ngern, weil sie neue Verz\u00f6gerungen an den Grenzen bef\u00fcrchten. <\/p>\n<p>Weniger Spielraum an Flugh\u00e4fen und Grenzen<\/p>\n<p>Das biometrische System ist seit dem zehnten April 2026 an allen teilnehmenden europ\u00e4ischen Grenz\u00fcberg\u00e4ngen vollst\u00e4ndig in Betrieb. Zuvor lief seit Oktober 2025 eine schrittweise Einf\u00fchrung.<\/p>\n<p>Doch in der \u00dcbergangsphase hatten die europ\u00e4ischen Beh\u00f6rden ein wichtiges Sicherheitsventil.<\/p>\n<p>Nach EU-Regeln durften Staaten die Erfassung biometrischer Daten an einzelnen Grenzstellen <a href=\"https:\/\/de.euronews.com\/2026\/06\/26\/rom-flughafen-stoppen-womoglich-neue-ees-kontrollen-aus-angst-vor-sommerchaos\" rel=\"nofollow noopener\" target=\"_blank\">vor\u00fcbergehend aussetzen<\/a>, sobald das Passagieraufkommen so stark anwuchs, dass <a href=\"https:\/\/de.euronews.com\/2026\/07\/01\/ees-an-kritischem-punkt-luftfahrtbranche-drangt-eu-zu-mehr-flexibilitat\" rel=\"nofollow noopener\" target=\"_blank\">die Wartezeiten ausufern<\/a>.<\/p>\n<p>Ab dem sechsten September endet diese \u00dcbergangsphase voraussichtlich. Flugh\u00e4fen und Grenzbeh\u00f6rden haben dann weniger Spielraum, die biometrischen Vorgaben zu lockern, nur weil die Passkontrollbereiche \u00fcberlastet sind.<\/p>\n<p>Bei einem Pressebriefing am ersten September sagte ein Sprecher der Europ\u00e4ischen Kommission, das EES habe \u201eim Gro\u00dfen und Ganzen gut funktioniert\u201c und betonte, \u201edie Vorteile des neuen Systems f\u00fcr die EU sind offensichtlich\u201c.<\/p>\n<p>Mit Blick auf das Ende der Flexibilit\u00e4tsma\u00dfnahmen am sechsten September erkl\u00e4rte der Sprecher: \u201eF\u00fcr die Zeit nach dem Sommer stehen wir in engem und konstruktivem Kontakt mit den wenigen Mitgliedstaaten, in denen an bestimmten Grenz\u00fcberg\u00e4ngen noch Anpassungen n\u00f6tig sind.<\/p>\n<p>Insgesamt sehen wir einen starken gemeinsamen Willen, das System \u00fcberall zum Laufen zu bringen.\u201c<\/p>\n<p>Nach dem sechsten September sollten Reisende deutlich mehr Zeit f\u00fcr Reisen mit europ\u00e4ischen Grenzkontrollen einplanen, sagt Jurgen Himmelmann, Mitgr\u00fcnder und CEO von Global Work &amp; Travel. <\/p>\n<p>\u201eFr\u00fch am Flughafen zu sein, ist sinnvoll, aber es gibt Grenzen, wie viel Kontrolle Ihnen das gibt\u201c, sagt er. \u201eGep\u00e4ckaufgabeschalter \u00f6ffnen wom\u00f6glich nicht vier Stunden vor Abflug, und wenn Sie einmal in der Passkontrollschlange stehen, k\u00f6nnen Sie nicht einfach nach vorn gehen, nur weil Ihr Flug bereits zum Boarding aufruft.<\/p>\n<p>In den n\u00e4chsten Wochen w\u00fcrde ich keine Reise exakt an der Mindestumsteigezeit ausrichten. Ein Anschluss, der auf dem Papier v\u00f6llig machbar aussieht, kann sehr schnell eng werden, wenn Sie an der Grenze eine Stunde oder mehr verlieren.\u201c<\/p>\n<p>Sorge vor neuen Grenzstaus im September<\/p>\n<p>Branchenkenner bef\u00fcrchten, dass die Abschaffung der befristeten EES-Ausnahmen das <a href=\"https:\/\/de.euronews.com\/2026\/07\/10\/erhebliche-sorge-neun-europaische-lander-drangen-eu-zu-lockerung-der-ees-grenzkontrollen\" rel=\"nofollow noopener\" target=\"_blank\">Grenzchaos<\/a> zur\u00fcckbringt. <\/p>\n<p>\u201eWir setzen uns weiter daf\u00fcr ein, dass die Europ\u00e4ische Kommission diese Ma\u00dfnahmen auch nach September zul\u00e4sst. Denn bis das EES in allen teilnehmenden Staaten vollst\u00e4ndig und einheitlich l\u00e4uft, ist es noch ein St\u00fcck Weg\u201c, sagte Luke Petherbridge, Director of Public Affairs beim britischen Branchenverband ABTA, der Reiseveranstalter und Reiseb\u00fcros vertritt.<\/p>\n<p>Nach Angaben des Airlineverbands IATA dauerten gew\u00f6hnliche Passkontrollen fr\u00fcher rund 20 bis 25 Sekunden, mit dem EES sind es nun etwa 90 Sekunden. <\/p>\n<p>Zahlen zeigen zudem, dass sich die Wartezeiten an gro\u00dfen Drehkreuzen <a href=\"https:\/\/de.euronews.com\/2026\/08\/12\/neues-grenzsystem-ees-verdoppelt-warteschlangen-an-flughafen\" rel=\"nofollow noopener\" target=\"_blank\">verdoppelt<\/a> haben, weil das System mit der hohen Zahl an Passagieren aus Nicht-EU-L\u00e4ndern kaum zurechtkommt.<\/p>\n<p>Eine Studie der britischen Zeitung Financial Times und der Analysefirma Qsensor ergab, dass in Frankfurt die durchschnittliche Wartezeit im Juli bei 120 Minuten lag, nach 60 Minuten im Vorjahresmonat.<\/p>\n<p>Am Flughafen M\u00fcnchen stieg die Wartezeit auf bis zu 60 Minuten, nach 31 Minuten im vergangenen Jahr, und in Amsterdam kletterten die maximalen <a href=\"https:\/\/de.euronews.com\/2026\/06\/10\/chaotisches-eu-einreiseausreisesystem-stabilisierung-dauert-bis-zu-zwei-jahre-warnt-eu-ver\" rel=\"nofollow noopener\" target=\"_blank\">Wartezeiten<\/a> im selben Zeitraum von 80 auf 120 Minuten. <\/p>\n<p>Auch IATA dr\u00e4ngt die Europ\u00e4ische Union auf eine Verl\u00e4ngerung dieses \u201eSicherheitsventils\u201c. <\/p>\n<p>\u201eDie M\u00f6glichkeit einer teilweisen Aussetzung \u00fcber den sechsten September hinaus zu verl\u00e4ngern, ist bis zum Ende der Wintersaison absolut notwendig\u201c, sagte Thomas Reynaert, Senior Vice President External Affairs bei IATA, bei einem Medientermin in dieser Woche.<\/p>\n<p>Reynaert betonte, der Verband unterst\u00fctze das EES \u201evoll und ganz\u201c, bestimmte Voraussetzungen m\u00fcssten jedoch erf\u00fcllt sein, bevor die Spielr\u00e4ume gestrichen werden.<\/p>\n<p>In einem Beitrag auf <a href=\"https:\/\/www.linkedin.com\/feed\/update\/urn:li:activity:7501272535167090688\/\" target=\"_blank\" rel=\"noreferrer nofollow noopener\">LinkedIn (Quelle auf Englisch)<\/a> schrieb er zudem: \u201eVerl\u00e4ssliche Systeme, fl\u00e4chendeckend eingesetzte Self-Service-Terminals und automatisierte Grenzkontrollen sowie ausreichend Personal bleiben entscheidend, damit das EES in Spitzenzeiten funktioniert, ohne unn\u00f6tige St\u00f6rungen f\u00fcr Passagiere, Grenzbeh\u00f6rden und Verkehrsunternehmen zu verursachen.\u201c<\/p>\n","protected":false},"excerpt":{"rendered":"Am Sonntag, dem sechsten September, laufen die Notfall-Flexibilit\u00e4tsregeln des EU-Ein- und Ausreisesystems (EES) aus. WERBUNG WERBUNG Im Sommer&hellip;\n","protected":false},"author":2,"featured_media":375007,"comment_status":"","ping_status":"","sticky":false,"template":"","format":"standard","meta":{"footnotes":"","_share_on_mastodon":"0"},"categories":[3],"tags":[76,75,74,559,58085,33460],"class_list":["post-375006","post","type-post","status-publish","format-standard","has-post-thumbnail","category-europa","tag-eu","tag-europa","tag-europe","tag-flughafen","tag-grenzkontrollen","tag-schengen-raum"],"share_on_mastodon":{"url":"https:\/\/pubeurope.com\/@at\/117212653415277107","error":""},"_links":{"self":[{"href":"https:\/\/www.europesays.com\/at\/wp-json\/wp\/v2\/posts\/375006","targetHints":{"allow":["GET"]}}],"collection":[{"href":"https:\/\/www.europesays.com\/at\/wp-json\/wp\/v2\/posts"}],"about":[{"href":"https:\/\/www.europesays.com\/at\/wp-json\/wp\/v2\/types\/post"}],"author":[{"embeddable":true,"href":"https:\/\/www.europesays.com\/at\/wp-json\/wp\/v2\/users\/2"}],"replies":[{"embeddable":true,"href":"https:\/\/www.europesays.com\/at\/wp-json\/wp\/v2\/comments?post=375006"}],"version-history":[{"count":0,"href":"https:\/\/www.europesays.com\/at\/wp-json\/wp\/v2\/posts\/375006\/revisions"}],"wp:featuredmedia":[{"embeddable":true,"href":"https:\/\/www.europesays.com\/at\/wp-json\/wp\/v2\/media\/375007"}],"wp:attachment":[{"href":"https:\/\/www.europesays.com\/at\/wp-json\/wp\/v2\/media?parent=375006"}],"wp:term":[{"taxonomy":"category","embeddable":true,"href":"https:\/\/www.europesays.com\/at\/wp-json\/wp\/v2\/categories?post=375006"},{"taxonomy":"post_tag","embeddable":true,"href":"https:\/\/www.europesays.com\/at\/wp-json\/wp\/v2\/tags?post=375006"}],"curies":[{"name":"wp","href":"https:\/\/api.w.org\/{rel}","templated":true}]}}