{"id":375024,"date":"2026-09-04T12:10:15","date_gmt":"2026-09-04T12:10:15","guid":{"rendered":"https:\/\/www.europesays.com\/at\/375024\/"},"modified":"2026-09-04T12:10:15","modified_gmt":"2026-09-04T12:10:15","slug":"warner-vom-winde-verweht-practical-magic-und-der-kleine-horrorladen-auf-uhd-blu-ray-in-steelbooks-update-5","status":"publish","type":"post","link":"https:\/\/www.europesays.com\/at\/375024\/","title":{"rendered":"Warner: &#8222;Vom Winde verweht&#8220;, &#8222;Practical Magic&#8220; und &#8222;Der kleine Horrorladen&#8220; auf UHD Blu-ray in Steelbooks &#8211; UPDATE 5"},"content":{"rendered":"\n<p>Werbung \u2013 Durch K\u00e4ufe bei unseren Partnern <a href=\"https:\/\/bluray-disc.de\/out.php?tid=e6b6f4388b3bafaa3a9ab286298849071fa665ed&amp;link=https%3A%2F%2Famazon.de&amp;cs=blu-ray-news\" target=\"_blank\" rel=\"nofollow noopener\">Amazon<\/a>, <a href=\"https:\/\/bluray-disc.de\/out.php?tid=e6b6f4388b3bafaa3a9ab286298849071fa665ed&amp;link=https%3A%2F%2Fpartner.jpc.de%2Fgo.cgi%3Fpid%3D138%26wmid%3Dcc%26cpid%3D1%26subid%3Dnb1%26target%3Dhttps%253A%252F%252Fwww.jpc.de%252F&amp;cs=blu-ray-news\" target=\"_blank\" rel=\"nofollow noopener\">JPC<\/a>, <a href=\"https:\/\/bluray-disc.de\/out.php?tid=e6b6f4388b3bafaa3a9ab286298849071fa665ed&amp;link=https%3A%2F%2Fpvn.saturn.de%2Ftrck%2Feclick%2F8ce52e9d3cbbfb1f0b20bd535761e435%3Fsubid%3Dnb1%26url%3Dhttps%253A%252F%252Fwww.saturn.de%252F&amp;cs=blu-ray-news\" target=\"_blank\" rel=\"nofollow noopener\">Saturn<\/a>, <a href=\"https:\/\/bluray-disc.de\/out.php?tid=e6b6f4388b3bafaa3a9ab286298849071fa665ed&amp;link=https%3A%2F%2Fpvn.mediamarkt.de%2Ftrck%2Feclick%2F5cb0c4a58048b097ca0f607dea63fe8a%3Fsubid%3Dnb1%26url%3Dhttps%253A%252F%252Fwww.mediamarkt.de%252F&amp;cs=blu-ray-news\" target=\"_blank\" rel=\"nofollow noopener\">MediaMarkt<\/a>, <a href=\"https:\/\/bluray-disc.de\/out.php?tid=e6b6f4388b3bafaa3a9ab286298849071fa665ed&amp;link=https%3A%2F%2Fwww.awin1.com%2Fcread.php%3Fawinmid%3D10547%26awinaffid%3D89931%26clickref%3Dnb1%26ued%3Dhttps%253A%252F%252Fwww.zavvi.de%252F&amp;cs=blu-ray-news\" target=\"_blank\" rel=\"nofollow noopener\">Zavvi<\/a>, <a href=\"https:\/\/bluray-disc.de\/out.php?tid=e6b6f4388b3bafaa3a9ab286298849071fa665ed&amp;link=https%3A%2F%2Fluna.r.lafamo.com%2Fts%2Fi5533423%2Ftsc%3Famc%3Dcon.blbn.455796.513513.14176519%26smc%3Dpt2%26rmd%3D3%26trg%3Dhttps%253A%252F%252Fwww.media-dealer.de&amp;cs=blu-ray-news\" target=\"_blank\" rel=\"nofollow noopener\">Media-Dealer.de<\/a> uvm. erhalten wir Provisionen \u00fcber Affiliate-Links. Sie unterst\u00fctzen damit die Redaktion von bluray-disc.de. Preise und Verf\u00fcgbarkeit ohne Gew\u00e4hr.<br \/>\n\t\tWarner: &#8222;Vom Winde verweht&#8220;, &#8222;Practical Magic&#8220; und &#8222;Der kleine Horrorladen&#8220; auf UHD Blu-ray in Steelbooks &#8211; UPDATE 5<\/p>\n<p>\n\t\t\t\t\t18 Bewertung(en) mit \u00f8 3,61 Punkte\n\t\t\t\t<\/p>\n<p>04.09.2026<\/p>\n<p>\t\t\t<img loading=\"lazy\" decoding=\"async\" src=\"https:\/\/www.europesays.com\/at\/wp-content\/uploads\/2026\/09\/1788523812_911_Warner-Home-Video-Logo.webp\" alt=\"Warner-Home-Video-Logo.webp\" title=\"Warner-Home-Video-Logo.webp\" width=\"360\" height=\"272\"\/><\/p>\n<p>\t\t\t\t<img loading=\"lazy\" decoding=\"async\" src=\"https:\/\/www.europesays.com\/at\/wp-content\/uploads\/2026\/09\/1788523813_72_Vom_Winde_verweht_01.webp\" width=\"800\" height=\"600\" title=\"Vom_Winde_verweht_01.webp\" alt=\"Vom_Winde_verweht_01.webp\"\/>Vor wenigen Tagen <a href=\"https:\/\/bluray-disc.de\/blu-ray-news\/filme\/159677-practical_magic_zauberhafte_schwestern_ab_10_september_2026_auf_ultra_hd_bluray_im_steelbook\" rel=\"nofollow noopener\" target=\"_blank\">berichteten<\/a> wir dar\u00fcber, dass Warner Home Video &#8222;<a href=\"https:\/\/bluray-disc.de\/blu-ray-filme\/15370-practical_magic_zauberhafte_schwestern\" rel=\"nofollow noopener\" target=\"_blank\">Practical Magic &#8211; Zauberhafte Schwestern<\/a>&#8220; (USA 1998) mit Sandra Bullock und Nicole Kidman auch in Deutschland auf <a href=\"https:\/\/bluray-disc.de\/blu-ray-filme\/206997-practical_magic_zauberhafte_schwestern_4k_limited_steelbook_edition_4k_uhd_bluray\" rel=\"nofollow noopener\" target=\"_blank\">UHD Blu-ray<\/a> ver\u00f6ffentlicht. Griffin Dunnes Fantasy-Tragikom\u00f6die erscheint neuen H\u00e4ndlerangaben zufolge am 24. September 2026 im Vertrieb von Plaion Pictures mit englischem Dolby-Atmos-Sound, deutschem Ton in Dolby Digital 5.1, Audiokommentar, Making-of und Featurette im <a href=\"https:\/\/bluray-disc.de\/blu-ray-filme\/206997-practical_magic_zauberhafte_schwestern_4k_limited_steelbook_edition_4k_uhd_bluray\" rel=\"nofollow noopener\" target=\"_blank\">4K-Steelbook<\/a>. Im deutschen Handel werden aber mittlerweile noch zwei weitere 4K-Premieren von Warner Home Video gelistet. &#13;<br \/>\n&#13;<br \/>\n<img loading=\"lazy\" decoding=\"async\" src=\"https:\/\/www.europesays.com\/at\/wp-content\/uploads\/2026\/09\/1788523814_110_Der_kleine_Horrorladen_1986_01.webp\" width=\"800\" height=\"600\" title=\"Der_kleine_Horrorladen_1986_01.webp\" alt=\"Der_kleine_Horrorladen_1986_01.webp\"\/>Am 5. November 2026 folgt das mit acht Oscars pr\u00e4mierte Drama &#8222;<a href=\"https:\/\/bluray-disc.de\/blu-ray-filme\/9643-vom_winde_verweht_70th_anniversary_edition\" rel=\"nofollow noopener\" target=\"_blank\">Vom Winde verweht<\/a>&#8220; (USA 1939; OT: &#8222;Gone with the Wind&#8220;) von Victor Fleming. Der mit Vivien Leigh, Clark Gable und Hattie McDaniel  in tragenden Rollen besetzte Filmklassiker kommt ebenfalls voraussichtlich mit deutscher Sprachfassung in Dolby Digital 5.1 auf <a href=\"https:\/\/bluray-disc.de\/blu-ray-filme\/203395-vom_winde_verweht_4k_limited_steelbook_edition_4k_uhd_bonus_bluray\" rel=\"nofollow noopener\" target=\"_blank\">Ultra HD Blu-ray<\/a> in einer limitierten <a href=\"https:\/\/bluray-disc.de\/blu-ray-filme\/203395-vom_winde_verweht_4k_limited_steelbook_edition_4k_uhd_bonus_bluray\" rel=\"nofollow noopener\" target=\"_blank\">Steelbook-Edition<\/a> mit Blu-ray Disc heraus. Angaben aus dem Ausland zufolge sind drei neue Featurettes enthalten. Und zu guter Letzt bringt der Major die unter der Regie von Frank Oz entstandene Musicalverfilmung &#8222;<a href=\"https:\/\/bluray-disc.de\/blu-ray-filme\/34848-der_kleine_horrorladen_1986_kinofassung_directors_cut\" rel=\"nofollow noopener\" target=\"_blank\">Der kleine Horrorladen<\/a>&#8220; (USA 1986; OT: &#8222;Little Shop of Horrors&#8220;) mit Rick Moranis, Ellen Greene, Steve Martin, John Candy und Bill Murray in der Kinofassung und im Director\u2019s Cut auf <a href=\"https:\/\/bluray-disc.de\/blu-ray-filme\/187773-der_kleine_horrorladen_1986_4k_kinofassung_directors_cut_limited_steelbook_edition_4k_uhd_bluray\" rel=\"nofollow noopener\" target=\"_blank\">4K UHD<\/a> im <a href=\"https:\/\/bluray-disc.de\/blu-ray-filme\/187773-der_kleine_horrorladen_1986_4k_kinofassung_directors_cut_limited_steelbook_edition_4k_uhd_bluray\" rel=\"nofollow noopener\" target=\"_blank\">Steelbook<\/a> inklusive Blu-ray auf den Markt. Auf Deutsch soll die Horrorkom\u00f6die in Dolby Digital 2.0 vorliegen. Zur Sonderausstattung geh\u00f6ren ein Audiokommentar, Featurettes, Outtakes und entfernte Szenen.&#13;<br \/>\n&#13;<br \/>\nWahrscheinlich werden wie in anderen L\u00e4ndern noch zus\u00e4tzliche Sammlerditionen mit Beigaben zum Kauf angeboten. Diese kann man dann vermutlich exklusiv im Plaion Pictures Shop erwerben. (sw)&#13;<br \/>\n&#13;<br \/>\nUPDATE:&#13;<br \/>\nAlle drei 4K-Steelbooks sind bei jpc.de und Medienversand.at vorbestellbar.&#13;<br \/>\n&#13;<br \/>\nUPDATE 2:&#13;<br \/>\nWie erwartet erscheinen &#8222;Vom Winde verweht&#8220; und &#8222;Der kleine Horrorladen&#8220; auch jeweils als &#8222;Limited Collector&#8217;s Edition&#8220; mit 4K-Steelbook und Beigaben. Vorbestellungen sind exklusiv im Plaion Pictures Shop m\u00f6glich.&#13;<br \/>\n&#13;<br \/>\nUPDATE 3 (vom 31.08.):&#13;<br \/>\n<a href=\"https:\/\/bluray-disc.de\/out.php?tid=e6b6f4388b3bafaa3a9ab286298849071fa665ed&amp;link=https%3A%2F%2Fwww.amazon.de%2Fgp%2Fproduct%2FB0HGWST2ZT%3Fie%3DUTF8%26tag%3Dbluray26-21%26linkCode%3Dxm2%26camp%3D1638%26creative%3D6742%26creativeASIN%3DB0HGWST2ZT&amp;cs=blu-ray-news\" rel=\"nofollow noopener\" target=\"_blank\">&#8222;Zauberhafte Schwestern&#8220;<\/a> im 4K-Steelbook und <a href=\"https:\/\/bluray-disc.de\/out.php?tid=e6b6f4388b3bafaa3a9ab286298849071fa665ed&amp;link=https%3A%2F%2Fwww.amazon.de%2Fgp%2Fproduct%2FB0HGXKF2RB%3Fie%3DUTF8%26tag%3Dbluray26-21%26linkCode%3Dxm2%26camp%3D1638%26creative%3D6742%26creativeASIN%3DB0HGXKF2RB&amp;cs=blu-ray-news\" rel=\"nofollow noopener\" target=\"_blank\">&#8222;Der kleine Horrorladen&#8220;<\/a> im 4K-Steelbook k\u00f6nnen ab sofort auch bei Amazon.de vorbestellt werden.&#13;<br \/>\n&#13;<br \/>\nUPDATE 4 (vom 03.09.):&#13;<br \/>\nAb sofort kann auch das 4K-Steelbook von &#8222;Vom Winde verweht&#8220; bei <a href=\"https:\/\/bluray-disc.de\/out.php?tid=e6b6f4388b3bafaa3a9ab286298849071fa665ed&amp;link=https%3A%2F%2Fwww.amazon.de%2Fgp%2Fproduct%2FB0HGWWTJ18%3Fie%3DUTF8%26tag%3Dbluray26-21%26linkCode%3Dxm2%26camp%3D1638%26creative%3D6742%26creativeASIN%3DB0HGWWTJ18&amp;cs=blu-ray-news\" rel=\"nofollow noopener\" target=\"_blank\">Amazon.de<\/a> vorbestellt werden.&#13;<br \/>\n&#13;<br \/>\nUPDATE 5 (vom 04.09.):&#13;<br \/>\nDie beiden 4K-Editionen von &#8222;Der kleine Horrorladen&#8220; haben mit dem 22. Oktober 2026 ein finales V\u00d6-Datum erhalten.&#13;<br \/>\n&#13;<br \/>\nAb 24. September 2026 erh\u00e4ltlich:&#13;<br \/>\n&#13;<br \/>\nAb 22. Oktober 2026 erh\u00e4ltlich:&#13;<br \/>\n&#13;<br \/>\nAb 5. November 2026 erh\u00e4ltlich:&#13;<br \/>\n&#13;<br \/>\nInternationale 4K-Ver\u00f6ffentlichungen (Auswahl):<a class=\"pricelist-info-button\" href=\"https:\/\/bluray-disc.de\/blu-ray-news\/filme\/javascript:;\" alt=\"info\" rel=\"nofollow noopener\" target=\"_blank\">INFO<\/a><\/p>\n<p>Story<\/p>\n<p>Bildqualit\u00e4t<\/p>\n<p>Tonqualit\u00e4t<\/p>\n<p>Extras<\/p>\n<p><a class=\"pricelist-info-button\" href=\"https:\/\/bluray-disc.de\/blu-ray-news\/filme\/javascript:;\" alt=\"info\" rel=\"nofollow noopener\" target=\"_blank\">INFO<\/a><\/p>\n<p>Story<\/p>\n<p>Bildqualit\u00e4t<\/p>\n<p>Tonqualit\u00e4t<\/p>\n<p>Extras<\/p>\n<p><a class=\"pricelist-info-button\" href=\"https:\/\/bluray-disc.de\/blu-ray-news\/filme\/javascript:;\" alt=\"info\" rel=\"nofollow noopener\" target=\"_blank\">INFO<\/a><\/p>\n<p>Story<\/p>\n<p>Bildqualit\u00e4t<\/p>\n<p>Tonqualit\u00e4t<\/p>\n<p>Extras<\/p>\n<p><a class=\"pricelist-info-button\" href=\"https:\/\/bluray-disc.de\/blu-ray-news\/filme\/javascript:;\" alt=\"info\" rel=\"nofollow noopener\" target=\"_blank\">INFO<\/a><\/p>\n<p>Story<\/p>\n<p>Bildqualit\u00e4t<\/p>\n<p>Tonqualit\u00e4t<\/p>\n<p>Extras<\/p>\n<p><a class=\"pricelist-info-button\" href=\"https:\/\/bluray-disc.de\/blu-ray-news\/filme\/javascript:;\" alt=\"info\" rel=\"nofollow noopener\" target=\"_blank\">INFO<\/a><\/p>\n<p>Story<\/p>\n<p>Bildqualit\u00e4t<\/p>\n<p>Tonqualit\u00e4t<\/p>\n<p>Extras<\/p>\n<p><a class=\"pricelist-info-button\" href=\"https:\/\/bluray-disc.de\/blu-ray-news\/filme\/javascript:;\" alt=\"info\" rel=\"nofollow noopener\" target=\"_blank\">INFO<\/a><\/p>\n<p>Story<\/p>\n<p>Bildqualit\u00e4t<\/p>\n<p>Tonqualit\u00e4t<\/p>\n<p>Extras<\/p>\n<p><a class=\"pricelist-info-button\" href=\"https:\/\/bluray-disc.de\/blu-ray-news\/filme\/javascript:;\" alt=\"info\" rel=\"nofollow noopener\" target=\"_blank\">INFO<\/a><\/p>\n<p>Story<\/p>\n<p>Bildqualit\u00e4t<\/p>\n<p>Tonqualit\u00e4t<\/p>\n<p>Extras<\/p>\n<p><a class=\"pricelist-info-button\" href=\"https:\/\/bluray-disc.de\/blu-ray-news\/filme\/javascript:;\" alt=\"info\" rel=\"nofollow noopener\" target=\"_blank\">INFO<\/a><\/p>\n<p>Story<\/p>\n<p>Bildqualit\u00e4t<\/p>\n<p>Tonqualit\u00e4t<\/p>\n<p>Extras<\/p>\n<p><a class=\"pricelist-info-button\" href=\"https:\/\/bluray-disc.de\/blu-ray-news\/filme\/javascript:;\" alt=\"info\" rel=\"nofollow noopener\" target=\"_blank\">INFO<\/a><\/p>\n<p>Story<\/p>\n<p>Bildqualit\u00e4t<\/p>\n<p>Tonqualit\u00e4t<\/p>\n<p>Extras<\/p>\n<p><a class=\"pricelist-info-button\" href=\"https:\/\/bluray-disc.de\/blu-ray-news\/filme\/javascript:;\" alt=\"info\" rel=\"nofollow noopener\" target=\"_blank\">INFO<\/a><\/p>\n<p>Story<\/p>\n<p>Bildqualit\u00e4t<\/p>\n<p>Tonqualit\u00e4t<\/p>\n<p>Extras<\/p>\n<p><a class=\"pricelist-info-button\" href=\"https:\/\/bluray-disc.de\/blu-ray-news\/filme\/javascript:;\" alt=\"info\" rel=\"nofollow noopener\" target=\"_blank\">INFO<\/a><\/p>\n<p>Story<\/p>\n<p>Bildqualit\u00e4t<\/p>\n<p>Tonqualit\u00e4t<\/p>\n<p>Extras<\/p>\n<p><a class=\"pricelist-info-button\" href=\"https:\/\/bluray-disc.de\/blu-ray-news\/filme\/javascript:;\" alt=\"info\" rel=\"nofollow noopener\" target=\"_blank\">INFO<\/a><\/p>\n<p>Story<\/p>\n<p>Bildqualit\u00e4t<\/p>\n<p>Tonqualit\u00e4t<\/p>\n<p>Extras<\/p>\n<p>&#13;<br \/>\n&#13;<br \/>\nHierzulande auf Blu-ray Disc erschienen (Auswahl):<a class=\"pricelist-info-button\" href=\"https:\/\/bluray-disc.de\/blu-ray-news\/filme\/javascript:;\" alt=\"info\" rel=\"nofollow noopener\" target=\"_blank\">INFO<\/a><\/p>\n<p>Story<\/p>\n<p>Bildqualit\u00e4t<\/p>\n<p>Tonqualit\u00e4t<\/p>\n<p>Extras<\/p>\n<p><a class=\"pricelist-info-button\" href=\"https:\/\/bluray-disc.de\/blu-ray-news\/filme\/javascript:;\" alt=\"info\" rel=\"nofollow noopener\" target=\"_blank\">INFO<\/a><\/p>\n<p>Story<\/p>\n<p>Bildqualit\u00e4t<\/p>\n<p>Tonqualit\u00e4t<\/p>\n<p>Extras<\/p>\n<p><a class=\"pricelist-info-button\" href=\"https:\/\/bluray-disc.de\/blu-ray-news\/filme\/javascript:;\" alt=\"info\" rel=\"nofollow noopener\" target=\"_blank\">INFO<\/a><\/p>\n<p>Story<\/p>\n<p>Bildqualit\u00e4t<\/p>\n<p>Tonqualit\u00e4t<\/p>\n<p>Extras<\/p>\n<p><a class=\"pricelist-info-button\" href=\"https:\/\/bluray-disc.de\/blu-ray-news\/filme\/javascript:;\" alt=\"info\" rel=\"nofollow noopener\" target=\"_blank\">INFO<\/a><\/p>\n<p>Story<\/p>\n<p>Bildqualit\u00e4t<\/p>\n<p>Tonqualit\u00e4t<\/p>\n<p>Extras<\/p>\n<p><a href=\"https:\/\/bluray-disc.de\/forum\/topic\/231671-warner-vom-winde-verweht-practical-magic-und\/\" rel=\"nofollow noopener\" target=\"_blank\">zum Forum<\/a>\t\t\t<\/p>\n<p>Der Beitrag wurde gemeldet!<\/p>\n<p>&#13;<br \/>\n        18 Bewertung(en) mit \u00f8 3,61 Punkte&#13;\n    <\/p>\n<p>&#13;<br \/>\n                    &#13;<br \/>\n                kaefer03 (3)&#13;<br \/>\n            &#13;<br \/>\n                    &#13;<br \/>\n                Ladydella (4)&#13;<br \/>\n            &#13;<br \/>\n                    &#13;<br \/>\n                Negotiator (3)&#13;<br \/>\n            &#13;<br \/>\n                    &#13;<br \/>\n                schoko (2)&#13;<br \/>\n            &#13;<br \/>\n                    &#13;<br \/>\n                tobster_89 (5)&#13;<br \/>\n            &#13;<br \/>\n                    &#13;<br \/>\n                klute (4)&#13;<br \/>\n            &#13;<br \/>\n                    &#13;<br \/>\n                Anton-Chigurh (5)&#13;<br \/>\n            &#13;<br \/>\n                    &#13;<br \/>\n                SledgeNE (5)&#13;<br \/>\n            &#13;<br \/>\n                    &#13;<br \/>\n                Chewbaka76 (4)&#13;<br \/>\n            &#13;<br \/>\n                    &#13;<br \/>\n                x3Ray (1)&#13;<br \/>\n            &#13;<br \/>\n                    &#13;<br \/>\n                Total Darkness (2)&#13;<br \/>\n            &#13;<br \/>\n                    &#13;<br \/>\n                Gutergeschmack (5)&#13;<br \/>\n            &#13;<br \/>\n                    &#13;<br \/>\n                Jonny35 (5)&#13;<br \/>\n            &#13;<br \/>\n                    &#13;<br \/>\n                sasacrocop (3)&#13;<br \/>\n            &#13;<br \/>\n                    &#13;<br \/>\n                PCGHGS (5)&#13;<br \/>\n            &#13;<br \/>\n                    &#13;<br \/>\n                Ciconia (5)&#13;<br \/>\n            &#13;<br \/>\n                    &#13;<br \/>\n                cheesy (3)&#13;<br \/>\n            &#13;<br \/>\n                    &#13;<br \/>\n                miki (1)&#13;<br \/>\n            &#13;\n            <\/p>\n<p><a href=\"https:\/\/partner.jpc.de\/go.cgi?pid=138&amp;wmid=cc&amp;cpid=1&amp;subid=nb1&amp;target=https%3A%2F%2Fwww.jpc.de%2Fjpcng%2Fmovie%2Fdetail%2F-%2Fart%2Ftoy-story-5-limited-edition-steelbook%2Fhnum%2F12909710\" target=\"_blank\" rel=\"nofollow noopener noreferrer\"><img decoding=\"async\" src=\"https:\/\/www.europesays.com\/at\/wp-content\/uploads\/2026\/09\/1788523815_964_Toy-Story-5-SB-Banner-rechts.webp\" height=\"395\" width=\"656\" loading=\"lazy\" title=\"Toy Story 5 SB\" alt=\"Toy Story 5 SB\"\/><\/a><\/p>\n","protected":false},"excerpt":{"rendered":"Werbung \u2013 Durch K\u00e4ufe bei unseren Partnern Amazon, JPC, Saturn, MediaMarkt, Zavvi, Media-Dealer.de uvm. erhalten wir Provisionen \u00fcber&hellip;\n","protected":false},"author":2,"featured_media":375025,"comment_status":"","ping_status":"","sticky":false,"template":"","format":"standard","meta":{"footnotes":"","_share_on_mastodon":"0"},"categories":[23],"tags":[46,42,151,147,152,150,44,148],"class_list":["post-375024","post","type-post","status-publish","format-standard","has-post-thumbnail","category-kino","tag-at","tag-austria","tag-cinema","tag-entertainment","tag-kino","tag-movie","tag-oesterreich","tag-unterhaltung"],"share_on_mastodon":{"url":"https:\/\/pubeurope.com\/@at\/117212704934223079","error":""},"_links":{"self":[{"href":"https:\/\/www.europesays.com\/at\/wp-json\/wp\/v2\/posts\/375024","targetHints":{"allow":["GET"]}}],"collection":[{"href":"https:\/\/www.europesays.com\/at\/wp-json\/wp\/v2\/posts"}],"about":[{"href":"https:\/\/www.europesays.com\/at\/wp-json\/wp\/v2\/types\/post"}],"author":[{"embeddable":true,"href":"https:\/\/www.europesays.com\/at\/wp-json\/wp\/v2\/users\/2"}],"replies":[{"embeddable":true,"href":"https:\/\/www.europesays.com\/at\/wp-json\/wp\/v2\/comments?post=375024"}],"version-history":[{"count":0,"href":"https:\/\/www.europesays.com\/at\/wp-json\/wp\/v2\/posts\/375024\/revisions"}],"wp:featuredmedia":[{"embeddable":true,"href":"https:\/\/www.europesays.com\/at\/wp-json\/wp\/v2\/media\/375025"}],"wp:attachment":[{"href":"https:\/\/www.europesays.com\/at\/wp-json\/wp\/v2\/media?parent=375024"}],"wp:term":[{"taxonomy":"category","embeddable":true,"href":"https:\/\/www.europesays.com\/at\/wp-json\/wp\/v2\/categories?post=375024"},{"taxonomy":"post_tag","embeddable":true,"href":"https:\/\/www.europesays.com\/at\/wp-json\/wp\/v2\/tags?post=375024"}],"curies":[{"name":"wp","href":"https:\/\/api.w.org\/{rel}","templated":true}]}}