{"id":375044,"date":"2026-09-04T12:21:21","date_gmt":"2026-09-04T12:21:21","guid":{"rendered":"https:\/\/www.europesays.com\/at\/375044\/"},"modified":"2026-09-04T12:21:21","modified_gmt":"2026-09-04T12:21:21","slug":"hurtigruten-laedt-zum-fruehstuecksseminar-in-salzburg-ein-news-tip","status":"publish","type":"post","link":"https:\/\/www.europesays.com\/at\/375044\/","title":{"rendered":"Hurtigruten l\u00e4dt zum Fr\u00fchst\u00fccksseminar in Salzburg ein \u00bb news | tip"},"content":{"rendered":"<p>    Hurtigruten l\u00e4dt zum Fr\u00fchst\u00fccksseminar in Salzburg ein \u00bb news | tip &#8211; Travel Industry Professional<\/p>\n<p>                    <a href=\"https:\/\/www.tip-online.at\" class=\"logo-link\" rel=\"nofollow noopener\" target=\"_blank\"><img loading=\"lazy\" decoding=\"async\" src=\"https:\/\/www.europesays.com\/at\/wp-content\/uploads\/2026\/09\/1788524480_164_tip-online_logo_v2.png\" alt=\"tip\" height=\"168\" width=\"280\"\/><\/a><\/p>\n<p>                    \u00d6sterreichs f\u00fchrende Reiseb\u00fcro- und Tourismusfachzeitung<\/p>\n<p>                <a href=\"#content\" class=\"show-for-sr\">Skip to Content<\/a><\/p>\n<p><\/p>\n<p><a href=\"https:\/\/www.tip-online.at\/news\/images\/13617.jpg\" rel=\"article_slide nofollow noopener\" itemprop=\"url\" target=\"_blank\"><\/p>\n<p>    <img itemprop=\"image\" data-interchange=\"&#10;                [https:\/\/www.tip-online.at\/news\/images\/Thumbnail\/13617.jpg, (max-width: 40em)],&#10;                [https:\/\/www.tip-online.at\/news\/images\/Artikel-Bild\/13617.jpg, (min-width: 41em)],&#10;                [https:\/\/www.tip-online.at\/news\/images\/Artikel-Bild\/13617.jpg, (min-width: 53.75em)]\" alt=\"Foto: Oleg Golovnev \/ shutterstock.com  | Foto: Oleg Golovnev \/ shutterstock.com\" title=\"Foto: Oleg Golovnev \/ shutterstock.com  | Foto: Oleg Golovnev \/ shutterstock.com\"\/><\/p>\n<p><\/a><\/p>\n<p>                Foto: Oleg Golovnev \/ shutterstock.com<\/p>\n<p>                Hurtigruten geht im Herbst auf Roadshow. In Salzburg macht die Reederei am 22. Oktober im Dorint City-Hotel Station.<\/p>\n<p>Bei der Seminarreihe erhalten Reiseb\u00fcromitarbeitende Einblicke in das Angebot von Hurtigruten und die Neuheiten der kommenden Saison. Insgesamt ist die Reederei im Herbst mit zw\u00f6lf Terminen in Deutschland und \u00d6sterreich unterwegs, darunter am 22. Oktober in Salzburg.<\/p>\n<p>&#13;<br \/>\nSeminar in Salzburg&#13;<\/p>\n<p>Im Mittelpunkt des Fr\u00fchst\u00fccksseminars stehen die klassische Postschiffroute entlang der norwegischen K\u00fcste und die Signature-Reisen von Hurtigruten. Neben Produktinformationen erhalten die Teilnehmer:innen praktische Verkaufstipps f\u00fcr die Beratung.<\/p>\n<p>&#13;<br \/>\n&#13;<br \/>\nIn Salzburg findet das Seminar am 22. Oktober 2026 im Dorint City-Hotel statt.&#13;<br \/>\n&#13;<\/p>\n<p><a href=\"https:\/\/forms.cloud.microsoft\/pages\/responsepage.aspx?id=raW-OnBUSEqgKW8YB5L-A8ID13Ax0Q1BqbUX_mLv6OZUOTNMN1IwMzlKQTRJM0dHODdHNzBGU1ZLTyQlQCN0PWcu&amp;origin=lprLink&amp;route=shorturl\" target=\"_blank\" rel=\"nofollow noopener\">Anmeldung zum\u00a0<\/a><a href=\"https:\/\/forms.cloud.microsoft\/pages\/responsepage.aspx?id=raW-OnBUSEqgKW8YB5L-A8ID13Ax0Q1BqbUX_mLv6OZUOTNMN1IwMzlKQTRJM0dHODdHNzBGU1ZLTyQlQCN0PWcu&amp;origin=lprLink&amp;route=shorturl\" target=\"_blank\" rel=\"nofollow noopener\">Fr\u00fchst\u00fccksseminar in Salzburg HIER<\/a> (red)<\/p>\n<p>\n            <a title=\"Artikel Tags\" href=\"https:\/\/www.tip-online.at\/tag\/\" rel=\"nofollow noopener\" target=\"_blank\"><\/p>\n<p>            <\/a>\u00a0<br \/>\n            <a href=\"https:\/\/www.tip-online.at\/tag\/hurtigruten\/\" rel=\"nofollow noopener\" itemprop=\"keywords\" target=\"_blank\">hurtigruten<\/a>, <a href=\"https:\/\/www.tip-online.at\/tag\/einladung\/\" rel=\"nofollow noopener\" itemprop=\"keywords\" target=\"_blank\">einladung<\/a>, <a href=\"https:\/\/www.tip-online.at\/tag\/schiff\/\" rel=\"nofollow noopener\" itemprop=\"keywords\" target=\"_blank\">schiff<\/a>, <a href=\"https:\/\/www.tip-online.at\/tag\/seminar\/\" rel=\"nofollow noopener\" itemprop=\"keywords\" target=\"_blank\">seminar<\/a>, <a href=\"https:\/\/www.tip-online.at\/tag\/fr%C3%BChst%C3%BCcksseminar\/\" rel=\"nofollow noopener\" itemprop=\"keywords\" target=\"_blank\">fr\u00fchst\u00fccksseminar<\/a>, <a href=\"https:\/\/www.tip-online.at\/tag\/fr%C3%BChst%C3%BCcksevent\/\" rel=\"nofollow noopener\" itemprop=\"keywords\" target=\"_blank\">fr\u00fchst\u00fccksevent<\/a>, <a href=\"https:\/\/www.tip-online.at\/tag\/termin\/\" rel=\"nofollow noopener\" itemprop=\"keywords\" target=\"_blank\">termin<\/a>, <a href=\"https:\/\/www.tip-online.at\/tag\/kalender\/\" rel=\"nofollow noopener\" itemprop=\"keywords\" target=\"_blank\">kalender<\/a>, <a href=\"https:\/\/www.tip-online.at\/tag\/terminkalender\/\" rel=\"nofollow noopener\" itemprop=\"keywords\" target=\"_blank\">terminkalender<\/a>, <a href=\"https:\/\/www.tip-online.at\/tag\/salzburg\/\" rel=\"nofollow noopener\" itemprop=\"keywords\" target=\"_blank\">salzburg<\/a>\n            <\/p>\n<p class=\"small\">Der Artikel hat Ihnen gefallen? Wir freuen uns, wenn sie diesen teilen!<\/p>\n<p><a href=\"https:\/\/www.tip-online.at\/autor\/Julia+Trillsam\/\" rel=\"nofollow noopener\" target=\"_blank\"><br \/>\n                            <img decoding=\"async\" src=\"https:\/\/www.europesays.com\/at\/wp-content\/uploads\/2026\/09\/1788524481_755_14661t.jpg\" alt=\"Foto: privat\" title=\"Julia Trillsam\"\/><br \/>\n                        <\/a><\/p>\n<p>                        Autor\/in:<\/p>\n<p>                                    <a rel=\"author nofollow noopener\" href=\"https:\/\/www.tip-online.at\/autor\/Julia+Trillsam\/\" target=\"_blank\">Julia Trillsam<\/a><\/p>\n<p>Redakteurin<\/p>\n<p>Julia Trillsam hat Publizistik- und Kommunikationswissenschaft an der Universit\u00e4t Wien studiert. Jetzt ist sie bereit, die Welt zu bereisen. Je sonniger die Destination, desto schneller sind ihre Koffer gepackt. <\/p>\n<p>Profi Reisen<br \/>Verlagsgesellschaft m.b.H.<\/p>\n<p itemprop=\"address\" itemscope=\"\" itemtype=\"http:\/\/schema.org\/PostalAddress\">\n            Seidlgasse 22<br \/>1030 Wien ( Vienna )<br \/>\u00d6sterreich ( Austria )<br \/>office@profireisen.at<br \/><a href=\"https:\/\/www.profireisen.at\" rel=\"nofollow noopener\" target=\"_blank\">www.profireisen.at<\/a><br \/>tel: +43 1 &#8211; 714 24 14<br \/>fax: +43 1 &#8211; 714 24 14-4\n        <\/p>\n<p>        <a itemprop=\"sameAs\" href=\"https:\/\/www.facebook.com\/tip.magazine\" title=\"Besuchen Sie tip-online auf Facebook\" rel=\"nofollow noopener\" target=\"_blank\"><\/p>\n<p>        <\/a><br \/>\n        <a itemprop=\"sameAs\" href=\"https:\/\/www.instagram.com\/tip_online\/\" title=\"tip-online instagram\" rel=\"nofollow noopener\" target=\"_blank\"><\/p>\n<p>        <\/a><br \/>\n        <a href=\"https:\/\/www.tip-online.at\/rss\/\" title=\"tip-online RSS Touristik News\" rel=\"nofollow noopener\" target=\"_blank\"><\/p>\n<p>        <\/a><\/p>\n<p>\n            <a href=\"https:\/\/www.tip-online.at\/verlag-infos\/impressum\/\" rel=\"nofollow noopener\" target=\"_blank\">Impressum &amp; Blattlinie<\/a><br \/><a href=\"https:\/\/www.tip-online.at\/verlag-infos\/datenschutzerklaerung\/\" rel=\"nofollow noopener\" target=\"_blank\">Datenschutzerkl\u00e4rung<\/a>\n        <\/p>\n<p>        Weitere Verlags Produkte<\/p>\n<p class=\"text-center\">\n    T\u00e4gliche Touristik News f\u00fcr Reiseb\u00fcro Agents, Counter, Veranstalter, Fluglinien, Kreuzfahrten<br \/>Copyright \u00a9  f\u00fcr alle Artikel: tip \/ tip-online.at &amp; <a href=\"https:\/\/www.profireisen.at\" rel=\"nofollow noopener\" target=\"_blank\">Profi Reisen Verlagsgesellschaft m.b.H.<\/a>\n<\/p>\n<p>\n<script async src=\"\/\/www.instagram.com\/embed.js\"><\/script><\/p>\n","protected":false},"excerpt":{"rendered":"Hurtigruten l\u00e4dt zum Fr\u00fchst\u00fccksseminar in Salzburg ein \u00bb news | tip &#8211; Travel Industry Professional \u00d6sterreichs f\u00fchrende Reiseb\u00fcro-&hellip;\n","protected":false},"author":2,"featured_media":375045,"comment_status":"","ping_status":"","sticky":false,"template":"","format":"standard","meta":{"footnotes":"","_share_on_mastodon":"0"},"categories":[31],"tags":[46,42,5574,93840,93839,93838,34363,44,192,11634,92015,2034,34364],"class_list":["post-375044","post","type-post","status-publish","format-standard","has-post-thumbnail","category-salzburg","tag-at","tag-austria","tag-einladung","tag-fruehstuecksevent","tag-fruehstuecksseminar","tag-hurtigruten","tag-kalender","tag-oesterreich","tag-salzburg","tag-schiff","tag-seminar","tag-termin","tag-terminkalender"],"share_on_mastodon":{"url":"https:\/\/pubeurope.com\/@at\/117212747563637884","error":""},"_links":{"self":[{"href":"https:\/\/www.europesays.com\/at\/wp-json\/wp\/v2\/posts\/375044","targetHints":{"allow":["GET"]}}],"collection":[{"href":"https:\/\/www.europesays.com\/at\/wp-json\/wp\/v2\/posts"}],"about":[{"href":"https:\/\/www.europesays.com\/at\/wp-json\/wp\/v2\/types\/post"}],"author":[{"embeddable":true,"href":"https:\/\/www.europesays.com\/at\/wp-json\/wp\/v2\/users\/2"}],"replies":[{"embeddable":true,"href":"https:\/\/www.europesays.com\/at\/wp-json\/wp\/v2\/comments?post=375044"}],"version-history":[{"count":0,"href":"https:\/\/www.europesays.com\/at\/wp-json\/wp\/v2\/posts\/375044\/revisions"}],"wp:featuredmedia":[{"embeddable":true,"href":"https:\/\/www.europesays.com\/at\/wp-json\/wp\/v2\/media\/375045"}],"wp:attachment":[{"href":"https:\/\/www.europesays.com\/at\/wp-json\/wp\/v2\/media?parent=375044"}],"wp:term":[{"taxonomy":"category","embeddable":true,"href":"https:\/\/www.europesays.com\/at\/wp-json\/wp\/v2\/categories?post=375044"},{"taxonomy":"post_tag","embeddable":true,"href":"https:\/\/www.europesays.com\/at\/wp-json\/wp\/v2\/tags?post=375044"}],"curies":[{"name":"wp","href":"https:\/\/api.w.org\/{rel}","templated":true}]}}