{"id":375054,"date":"2026-09-04T12:29:14","date_gmt":"2026-09-04T12:29:14","guid":{"rendered":"https:\/\/www.europesays.com\/at\/375054\/"},"modified":"2026-09-04T12:29:14","modified_gmt":"2026-09-04T12:29:14","slug":"fantasy-von-george-lucas-am-sonntag-im-tv-ein-film-mit-gemischten-kritiken","status":"publish","type":"post","link":"https:\/\/www.europesays.com\/at\/375054\/","title":{"rendered":"Fantasy von George Lucas am Sonntag im TV: Ein Film mit gemischten Kritiken"},"content":{"rendered":"<p>Bei Tele5 <\/p>\n<p>Fantasy-Hit: George Lucas schrieb diesen Film f\u00fcr einen besonderen Schauspieler<\/p>\n<p>Aktualisiert am 04.09.2026 &#8211; 11:51 UhrLesedauer: 2 Min.<\/p>\n<p><a href=\"#focus-0\" class=\"transition-colors block text-current relative\" data-sctrack=\"FocusGalleryImage.Reference\"><img fetchpriority=\"high\" data-testid=\"Opener.Image\"   loading=\"eager\" src=\"https:\/\/www.europesays.com\/at\/wp-content\/uploads\/2026\/09\/willow-warwick-davis-spielte-bei-der-entwicklung-des-filmes-eine-wichtige-rolle.jpg\" alt=\"imago images 103145090\" title=\"imago images 103145090\" width=\"2399\" height=\"1349\" class=\"bg-[url:var(--lqipURL)] bg-cover bg-center flex h-full w-full max-w-full\" style=\"--lqipURL:url('https:\/\/images.t-online.de\/2026\/09\/vUTpJZxCylto\/0x0:2399x1349\/fit-in\/150x0\/filters:blur(25)\/willow-warwick-davis-spielte-bei-der-entwicklung-des-filmes-eine-wichtige-rolle.jpg')\" decoding=\"async\"\/><img loading=\"lazy\" src=\"https:\/\/www.t-online.de\/s\/paper\/_next\/static\/media\/zoom-in.f7dae02f.svg\" alt=\"Vergr\u00f6\u00dfern des Bildes\" title=\"Vergr\u00f6\u00dfern des Bildes\" class=\"block h-[calc(var(--height)_\/_16_*_1rem)] w-[calc(var(--width)_\/_16_*_1rem)] max-w-none absolute right-8 bottom-8 rounded-4 bg-snow p-8\" style=\"--width:32;--height:32\" decoding=\"async\"\/><\/a><\/p>\n<p>&#8222;Willow&#8220;: Warwick Davis spielte bei der Entwicklung des Filmes eine wichtige Rolle. (Quelle: Mary Evans Picture Library via www.imago-images.de\/imago)<\/p>\n<p><img loading=\"lazy\" src=\"https:\/\/www.t-online.de\/s\/paper\/_next\/static\/media\/audio-volume.6689034c.svg\" alt=\"\" title=\"\" class=\"block h-[calc(var(--height)_\/_16_*_1rem)] w-[calc(var(--width)_\/_16_*_1rem)] max-w-none group-hover:brightness-0 group-hover:invert\" style=\"--width:16;--height:16\" decoding=\"async\"\/>Vorlesen<\/p>\n<p>Aktuelle Zeit:0:00Gesamtdauer:0:00<\/p>\n<p>1x<img loading=\"lazy\" src=\"https:\/\/www.t-online.de\/s\/paper\/_next\/static\/media\/font-sizes.32942e33.svg\" alt=\"\" title=\"\" class=\"block h-[calc(var(--height)_\/_16_*_1rem)] w-[calc(var(--width)_\/_16_*_1rem)] max-w-none group-hover:hidden group-aria-expanded:hidden\" style=\"--width:16;--height:16\" decoding=\"async\"\/><img loading=\"lazy\" src=\"https:\/\/www.t-online.de\/s\/paper\/_next\/static\/media\/font-sizes-dark-mode.e382645c.svg\" alt=\"\" title=\"\" class=\"block h-[calc(var(--height)_\/_16_*_1rem)] w-[calc(var(--width)_\/_16_*_1rem)] max-w-none hidden group-hover:block group-aria-expanded:block\" style=\"--width:16;--height:16\" decoding=\"async\"\/><img loading=\"lazy\" src=\"https:\/\/www.t-online.de\/s\/paper\/_next\/static\/media\/sharing-menu-icon.1eb71368.svg\" alt=\"\" title=\"\" class=\"block h-[calc(var(--height)_\/_16_*_1rem)] w-[calc(var(--width)_\/_16_*_1rem)] max-w-none group-hover:brightness-0 group-hover:invert\" style=\"--width:16;--height:16\" decoding=\"async\"\/>Artikel teilen<\/p>\n<p class=\"font-bold text-18 leading-17 user-text-lg:text-22 user-text-xl:text-24\">Von der Kritik bel\u00e4chelt, von Fans gefeiert: Der M\u00e4rchen-Kultfilm &#8222;Willow&#8220; verbindet Fantasy mit Elementen der &#8222;Star Wars&#8220;-Saga.<\/p>\n<p class=\"text-18 leading-17 user-text-lg:text-22 user-text-xl:text-24\">Nach dem Erfolg seiner ersten &#8222;Star Wars&#8220;-Trilogie wandte sich Produzent George Lucas neuen Projekten zu, blieb aber der Fantastik treu. Er schuf eine m\u00e4rchenhafte Geschichte \u00fcber Zwerge, Zauberer und mutige Krieger. Dabei lie\u00df er sich stark von Warwick Davis inspirieren, der bereits in &#8222;Die R\u00fcckkehr der Jedi-Ritter&#8220; f\u00fcr Lucas vor der Kamera stand.<\/p>\n<p>Darum geht es in &#8222;Willow&#8220;<\/p>\n<p class=\"text-18 leading-17 user-text-lg:text-22 user-text-xl:text-24\">Die grausame K\u00f6nigin Bavmorda (Jean Marsh) f\u00fcrchtet eine Prophezeiung, die ihren Sturz durch eine mutige Frau vorhersagt. In Panik befiehlt sie, alle neugeborenen M\u00e4dchen zu t\u00f6ten. Doch der Zwerg Willow (Warwick Davis) rettet die kleine Elora und l\u00f6st damit ein Abenteuer aus, das er nicht erahnen konnte.<\/p>\n<p class=\"text-18 leading-17 user-text-lg:text-22 user-text-xl:text-24\">Willow soll Elora nach Tir Asleen bringen, um sie vor Bavmordas Rache zu sch\u00fctzen. Auf der Reise schlie\u00dft sich ihnen der Krieger Madmartigan (Val Kilmer) an. Doch nicht alle Gefahren lassen sich abwehren, denn Bavmordas dunkle M\u00e4chte sind ihnen l\u00e4ngst auf den Fersen.<\/p>\n<p>So sehenswert ist &#8222;Willow&#8220;<\/p>\n<p class=\"text-18 leading-17 user-text-lg:text-22 user-text-xl:text-24\">Das Publikum liebte die fantasievolle Geschichte und sorgte daf\u00fcr, dass sich der Film des sp\u00e4teren Oscar-Preistr\u00e4gers Ron Howard zum Kult entwickelte. Auf der Bewertungsseite &#8222;Rotten Tomatoes&#8220; erh\u00e4lt &#8222;Willow&#8220; 79 Prozent.<\/p>\n<p class=\"text-18 leading-17 user-text-lg:text-22 user-text-xl:text-24\">Das Publikum liebte die fantasievolle Geschichte, und der Film des sp\u00e4teren Oscar-Preistr\u00e4gers Ron Howard wurde zum Kult. Auf der Bewertungsplattform &#8222;Rotten Tomatoes&#8220; erreicht &#8222;Willow&#8220; vom Publikum 79 Prozent.<\/p>\n<p class=\"text-18 leading-17 user-text-lg:text-22 user-text-xl:text-24\">Die Kritiker zeigten sich weniger begeistert: Mit 53 Prozent bewerten sie den Film als Mischung aus &#8222;Star Wars&#8220; und bekannten M\u00e4rchenmotiven, wie das Entertainment-Magazin &#8222;Mental Floss&#8220; berichtet. Die internationale Filmdatenbank &#8222;IMDb&#8220; vergibt 7,2 von zehn Sternen.<\/p>\n<p class=\"text-18 leading-17 user-text-lg:text-22 user-text-xl:text-24\">Der Fantasy-Film l\u00e4uft am Sonntag, 6. September 2026, um 20.15 Uhr auf Tele5. Wer die Ausstrahlung verpasst, kann den Film alternativ bei Disney+ streamen.<\/p>\n<p class=\"text-18 leading-17 user-text-lg:text-22 user-text-xl:text-24\">Noch kein Abonnent? Das ganze Paket an Streamingdiensten k\u00f6nnen Sie auch bei Magenta bekommen. Mit <a href=\"https:\/\/siren.a.xafl.t-online.de\/?c=100789844&amp;w=110197&amp;p=42877&amp;sp=114854&amp;ct=1&amp;cat=2&amp;s=33&amp;t=2&amp;ce=textlink&amp;ed=9790&amp;url=https%3A%2F%2Fwww.telekom.de%2Fmagenta-tv%2Ftarife-und-optionen%2Fmagenta-tv-mit-app\" target=\"_blank\" rel=\"nofollow noopener\" class=\"transition-colors cursor-pointer wrap-break-word text-salemsfur no-underline border-b border-solid border-current ml-[20px] before:mr-4 before:ml-[-20px] before:inline-block before:size-16 before:bg-contain before:bg-left before:bg-no-repeat before:align-middle before:bg-[url:var(--bg-image)] dark:before:bg-[url:var(--bg-image-dark)] hover:border-royalblue hover:text-royalblue before:hover:bg-[url:var(--bg-image-hover)]\" data-tracking=\"{&quot;action&quot;:&quot;click&quot;,&quot;category&quot;:&quot;intextLink&quot;,&quot;label&quot;:&quot;https:\/\/siren.a.xafl.t-online.de\/?c=100789844&amp;w=110197&amp;p=42877&amp;sp=114854&amp;ct=1&amp;cat=2&amp;s=33&amp;t=2&amp;ce=textlink&amp;ed=9790&amp;url=https%3A%2F%2Fwww.telekom.de%2Fmagenta-tv%2Ftarife-und-optionen%2Fmagenta-tv-mit-app&quot;}\" data-sctrack=\"BodyAnchor\" style=\"--bg-image:url(\/s\/paper\/_next\/static\/media\/affiliate-disclaimer-icon-inline.b49ce9f1.svg);--bg-image-dark:url(\/s\/paper\/_next\/static\/media\/affiliate-disclaimer-icon-inline-dark.66f5b8d9.svg);--bg-image-hover:url(\/s\/paper\/_next\/static\/media\/affiliate-disclaimer-inline-hover.2cd46297.svg)\">Magenta TV<\/a> erhalten Sie Disney+, <a href=\"https:\/\/www.t-online.de\/themen\/netflix\/\" class=\"transition-colors cursor-pointer no-underline md:hover:text-magenta md:focus:text-magenta border-b border-solid border-current text-salemsfur md:hover:border-magenta\" data-tracking=\"{&quot;action&quot;:&quot;click&quot;,&quot;category&quot;:&quot;intextLink&quot;,&quot;label&quot;:&quot;\/themen\/netflix\/&quot;}\" data-sctrack=\"BodyAnchor\" rel=\"nofollow noopener\" target=\"_blank\">Netflix<\/a>, RTL+, <a href=\"https:\/\/www.t-online.de\/themen\/apple\/\" class=\"transition-colors cursor-pointer no-underline md:hover:text-magenta md:focus:text-magenta border-b border-solid border-current text-salemsfur md:hover:border-magenta\" data-tracking=\"{&quot;action&quot;:&quot;click&quot;,&quot;category&quot;:&quot;intextLink&quot;,&quot;label&quot;:&quot;\/themen\/apple\/&quot;}\" data-sctrack=\"BodyAnchor\" rel=\"nofollow noopener\" target=\"_blank\">Apple<\/a> TV, <a href=\"https:\/\/www.t-online.de\/themen\/dazn\/\" class=\"transition-colors cursor-pointer no-underline md:hover:text-magenta md:focus:text-magenta border-b border-solid border-current text-salemsfur md:hover:border-magenta\" data-tracking=\"{&quot;action&quot;:&quot;click&quot;,&quot;category&quot;:&quot;intextLink&quot;,&quot;label&quot;:&quot;\/themen\/dazn\/&quot;}\" data-sctrack=\"BodyAnchor\" rel=\"nofollow noopener\" target=\"_blank\">Dazn<\/a>, Paramount+ und Wow zum Vorteilspreis in einem <a href=\"https:\/\/siren.a.xafl.t-online.de\/?c=100789844&amp;w=110197&amp;p=42877&amp;sp=114854&amp;ct=1&amp;cat=2&amp;s=33&amp;t=2&amp;ce=textlink&amp;ed=9790&amp;url=https%3A%2F%2Fwww.telekom.de%2Fmagenta-tv%2Ftarife-und-optionen%2Fmagenta-tv-mit-app\" target=\"_blank\" rel=\"nofollow noopener\" class=\"transition-colors cursor-pointer wrap-break-word text-salemsfur no-underline border-b border-solid border-current ml-[20px] before:mr-4 before:ml-[-20px] before:inline-block before:size-16 before:bg-contain before:bg-left before:bg-no-repeat before:align-middle before:bg-[url:var(--bg-image)] dark:before:bg-[url:var(--bg-image-dark)] hover:border-royalblue hover:text-royalblue before:hover:bg-[url:var(--bg-image-hover)]\" data-tracking=\"{&quot;action&quot;:&quot;click&quot;,&quot;category&quot;:&quot;intextLink&quot;,&quot;label&quot;:&quot;https:\/\/siren.a.xafl.t-online.de\/?c=100789844&amp;w=110197&amp;p=42877&amp;sp=114854&amp;ct=1&amp;cat=2&amp;s=33&amp;t=2&amp;ce=textlink&amp;ed=9790&amp;url=https%3A%2F%2Fwww.telekom.de%2Fmagenta-tv%2Ftarife-und-optionen%2Fmagenta-tv-mit-app&quot;}\" data-sctrack=\"BodyAnchor\" style=\"--bg-image:url(\/s\/paper\/_next\/static\/media\/affiliate-disclaimer-icon-inline.b49ce9f1.svg);--bg-image-dark:url(\/s\/paper\/_next\/static\/media\/affiliate-disclaimer-icon-inline-dark.66f5b8d9.svg);--bg-image-hover:url(\/s\/paper\/_next\/static\/media\/affiliate-disclaimer-inline-hover.2cd46297.svg)\">Abo<\/a>.<\/p>\n<p>George Lucas und die Entstehung von &#8222;Willow&#8220;<\/p>\n<p class=\"text-18 leading-17 user-text-lg:text-22 user-text-xl:text-24\">Warwick Davis, der Willow verk\u00f6rpert, erz\u00e4hlte im Interview mit dem Filmmagazin &#8222;The A.V. Club&#8220;, dass George Lucas mehrere Jahre an der Idee arbeitete. W\u00e4hrend der Dreharbeiten zu &#8222;Die R\u00fcckkehr der Jedi-Ritter&#8220; nahm die Geschichte Gestalt an. &#8222;George sagte nur, dass er eine Idee habe und an mich denke, w\u00e4hrend er die Geschichte schrieb&#8220;, so Davis laut &#8222;Mental Floss&#8220;.<\/p>\n<p class=\"text-18 leading-17 user-text-lg:text-22 user-text-xl:text-24\">F\u00fcr die Produktion war Davis unverzichtbar. Als Disney+ 2023 eine Serie zur Vorlage ank\u00fcndigte, hofften Fans auf seine R\u00fcckkehr. Doch nach nur einer Staffel stellte Disney die Serie ein.<\/p>\n<p><img loading=\"lazy\" src=\"https:\/\/www.t-online.de\/s\/paper\/_next\/static\/media\/video-carousel-play.6f25714b.svg\" alt=\"\" title=\"\" class=\"block h-[calc(var(--height)_\/_16_*_1rem)] w-[calc(var(--width)_\/_16_*_1rem)] max-w-none undefined\" style=\"--height:12\" decoding=\"async\"\/><\/p>\n<p>Val Kilmer als Madmartigan<\/p>\n<p class=\"text-18 leading-17 user-text-lg:text-22 user-text-xl:text-24\">Neben Warwick Davis pr\u00e4gte <a href=\"https:\/\/www.t-online.de\/themen\/val-kilmer\/\" class=\"transition-colors cursor-pointer no-underline md:hover:text-magenta md:focus:text-magenta border-b border-solid border-current text-salemsfur md:hover:border-magenta\" data-tracking=\"{&quot;action&quot;:&quot;click&quot;,&quot;category&quot;:&quot;intextLink&quot;,&quot;label&quot;:&quot;\/themen\/val-kilmer\/&quot;}\" data-sctrack=\"BodyAnchor\" rel=\"nofollow noopener\" target=\"_blank\">Val Kilmer<\/a> den Film als Krieger Madmartigan. Doch die Produzenten hatten zun\u00e4chst andere Kandidaten im Blick. Neben Kilmer, der schlie\u00dflich die Rolle erhielt, war auch John Cusack im Gespr\u00e4ch. Der Schauspieler, bekannt aus Filmen wie &#8222;Sixteen Candles&#8220; und &#8222;Stand By Me&#8220;, z\u00e4hlte in den 1980er-Jahren zu den Publikumslieblingen.<\/p>\n<p><img loading=\"lazy\" src=\"https:\/\/www.t-online.de\/s\/paper\/_next\/static\/media\/affiliate-disclaimer-icon.805ed620.svg\" alt=\"\" title=\"\" class=\"block h-[calc(var(--height)_\/_16_*_1rem)] w-[calc(var(--width)_\/_16_*_1rem)] max-w-none undefined\" style=\"--width:32;--height:32\" decoding=\"async\"\/><\/p>\n<p class=\"w-full font-bold\">Erfahren Sie mehr zu unseren Affiliate-Links<\/p>\n<p><img loading=\"lazy\" src=\"https:\/\/www.t-online.de\/s\/paper\/_next\/static\/media\/chevron-down-bold.ddb61db9.svg\" alt=\"\" title=\"\" class=\"block h-[calc(var(--height)_\/_16_*_1rem)] w-[calc(var(--width)_\/_16_*_1rem)] max-w-none flex w-fit justify-end\" style=\"--width:16;--height:16\" decoding=\"async\"\/><\/p>\n<p class=\"disclaimer-item pt-16 leading-15 text-trout\">Wenn Sie \u00fcber diese Links einkaufen, erhalten wir eine Provision, die unsere redaktionelle Arbeit unterst\u00fctzt. Der Preis f\u00fcr Sie bleibt unver\u00e4ndert. Diese Affiliate-Links sind durch ein<img loading=\"lazy\" src=\"https:\/\/www.t-online.de\/s\/paper\/_next\/static\/media\/affiliate-disclaimer-icon-inline.b49ce9f1.svg\" alt=\"Symbol f\u00fcr den Affiliate-Hinweis\" title=\"Symbol f\u00fcr den Affiliate-Hinweis\" class=\"block h-[calc(var(--height)_\/_16_*_1rem)] w-[calc(var(--width)_\/_16_*_1rem)] max-w-none inline\" style=\"--width:16;--height:16\" decoding=\"async\"\/>gekennzeichnet.<\/p>\n","protected":false},"excerpt":{"rendered":"Bei Tele5 Fantasy-Hit: George Lucas schrieb diesen Film f\u00fcr einen besonderen Schauspieler Aktualisiert am 04.09.2026 &#8211; 11:51 UhrLesedauer:&hellip;\n","protected":false},"author":2,"featured_media":375055,"comment_status":"","ping_status":"","sticky":false,"template":"","format":"standard","meta":{"footnotes":"","_share_on_mastodon":"0"},"categories":[23],"tags":[601,602,46,42,151,1848,147,11230,93846,152,150,44,93845,8737,55689,148,22186,93844],"class_list":["post-375054","post","type-post","status-publish","format-standard","has-post-thumbnail","category-kino","tag-601","tag-602","tag-at","tag-austria","tag-cinema","tag-disney","tag-entertainment","tag-george-lucas","tag-jean-marsh","tag-kino","tag-movie","tag-oesterreich","tag-ron-howard","tag-star-wars","tag-tele-5","tag-unterhaltung","tag-val-kilmer","tag-warwick-davis"],"share_on_mastodon":{"url":"https:\/\/pubeurope.com\/@at\/117212779659707757","error":""},"_links":{"self":[{"href":"https:\/\/www.europesays.com\/at\/wp-json\/wp\/v2\/posts\/375054","targetHints":{"allow":["GET"]}}],"collection":[{"href":"https:\/\/www.europesays.com\/at\/wp-json\/wp\/v2\/posts"}],"about":[{"href":"https:\/\/www.europesays.com\/at\/wp-json\/wp\/v2\/types\/post"}],"author":[{"embeddable":true,"href":"https:\/\/www.europesays.com\/at\/wp-json\/wp\/v2\/users\/2"}],"replies":[{"embeddable":true,"href":"https:\/\/www.europesays.com\/at\/wp-json\/wp\/v2\/comments?post=375054"}],"version-history":[{"count":0,"href":"https:\/\/www.europesays.com\/at\/wp-json\/wp\/v2\/posts\/375054\/revisions"}],"wp:featuredmedia":[{"embeddable":true,"href":"https:\/\/www.europesays.com\/at\/wp-json\/wp\/v2\/media\/375055"}],"wp:attachment":[{"href":"https:\/\/www.europesays.com\/at\/wp-json\/wp\/v2\/media?parent=375054"}],"wp:term":[{"taxonomy":"category","embeddable":true,"href":"https:\/\/www.europesays.com\/at\/wp-json\/wp\/v2\/categories?post=375054"},{"taxonomy":"post_tag","embeddable":true,"href":"https:\/\/www.europesays.com\/at\/wp-json\/wp\/v2\/tags?post=375054"}],"curies":[{"name":"wp","href":"https:\/\/api.w.org\/{rel}","templated":true}]}}