{"id":375078,"date":"2026-09-04T12:41:11","date_gmt":"2026-09-04T12:41:11","guid":{"rendered":"https:\/\/www.europesays.com\/at\/375078\/"},"modified":"2026-09-04T12:41:11","modified_gmt":"2026-09-04T12:41:11","slug":"daempfer-fuer-flughafen-tuerkische-airline-reduziert-ferienflieger-in-linz","status":"publish","type":"post","link":"https:\/\/www.europesays.com\/at\/375078\/","title":{"rendered":"D\u00e4mpfer f\u00fcr Flughafen &#8211; T\u00fcrkische Airline reduziert Ferienflieger in Linz"},"content":{"rendered":"<p>Flughafen will Ausf\u00e4lle ersetzen<br \/>Der Linzer Airport will die Ausf\u00e4lle der t\u00fcrkischen Fluggesellschaft im kommenden Sommer kompensieren. \u201eEs gibt eine neue Airline f\u00fcr Antalya, die ist schon gesichert\u201c, sagt Hagedorn. Und auch f\u00fcr die beiden anderen Destinationen, Hurghada und Heraklion, w\u00fcrden Gespr\u00e4che mit Fluggesellschaften laufen. Insgesamt k\u00f6nnten drei neue Airlines die Ausf\u00e4lle der Corendon kompensieren \u2013 zumindest, wenn die Pl\u00e4ne des Linzer Flughafens aufgehen. Inwieweit das gelingt, ist aber freilich noch unklar. Hagedorn rechnet mit einer Entscheidung in den kommenden Wochen.<\/p>\n","protected":false},"excerpt":{"rendered":"Flughafen will Ausf\u00e4lle ersetzenDer Linzer Airport will die Ausf\u00e4lle der t\u00fcrkischen Fluggesellschaft im kommenden Sommer kompensieren. \u201eEs gibt&hellip;\n","protected":false},"author":2,"featured_media":375079,"comment_status":"","ping_status":"","sticky":false,"template":"","format":"standard","meta":{"footnotes":"","_share_on_mastodon":"0"},"categories":[30],"tags":[6071,8449,46,42,93849,31994,45882,18372,2319,184,943,56575,50058,44,11773,33175,11751],"class_list":["post-375078","post","type-post","status-publish","format-standard","has-post-thumbnail","category-linz","tag-aegypten","tag-antalya","tag-at","tag-austria","tag-corendon-airlines","tag-griechische","tag-hagedorn","tag-hurghada","tag-ingo-hagedorn","tag-linz","tag-london","tag-oberoesterreichs","tag-ooen","tag-oesterreich","tag-ryanair","tag-tuerkische","tag-tuerkischen"],"share_on_mastodon":{"url":"https:\/\/pubeurope.com\/@at\/117212825696977527","error":""},"_links":{"self":[{"href":"https:\/\/www.europesays.com\/at\/wp-json\/wp\/v2\/posts\/375078","targetHints":{"allow":["GET"]}}],"collection":[{"href":"https:\/\/www.europesays.com\/at\/wp-json\/wp\/v2\/posts"}],"about":[{"href":"https:\/\/www.europesays.com\/at\/wp-json\/wp\/v2\/types\/post"}],"author":[{"embeddable":true,"href":"https:\/\/www.europesays.com\/at\/wp-json\/wp\/v2\/users\/2"}],"replies":[{"embeddable":true,"href":"https:\/\/www.europesays.com\/at\/wp-json\/wp\/v2\/comments?post=375078"}],"version-history":[{"count":0,"href":"https:\/\/www.europesays.com\/at\/wp-json\/wp\/v2\/posts\/375078\/revisions"}],"wp:featuredmedia":[{"embeddable":true,"href":"https:\/\/www.europesays.com\/at\/wp-json\/wp\/v2\/media\/375079"}],"wp:attachment":[{"href":"https:\/\/www.europesays.com\/at\/wp-json\/wp\/v2\/media?parent=375078"}],"wp:term":[{"taxonomy":"category","embeddable":true,"href":"https:\/\/www.europesays.com\/at\/wp-json\/wp\/v2\/categories?post=375078"},{"taxonomy":"post_tag","embeddable":true,"href":"https:\/\/www.europesays.com\/at\/wp-json\/wp\/v2\/tags?post=375078"}],"curies":[{"name":"wp","href":"https:\/\/api.w.org\/{rel}","templated":true}]}}