{"id":375086,"date":"2026-09-04T12:48:32","date_gmt":"2026-09-04T12:48:32","guid":{"rendered":"https:\/\/www.europesays.com\/at\/375086\/"},"modified":"2026-09-04T12:48:32","modified_gmt":"2026-09-04T12:48:32","slug":"neuer-harry-potter-trailer-zeigt-mehr-aus-hogwarts","status":"publish","type":"post","link":"https:\/\/www.europesays.com\/at\/375086\/","title":{"rendered":"Neuer &#8222;Harry Potter&#8220;-Trailer zeigt mehr aus Hogwarts"},"content":{"rendered":"<p>\nDie neue Serie soll noch gegen Ende des Jahres starten und l\u00f6st bereits einen Hype unter den Fans aus.\n<\/p>\n<p data-testid=\"paragraph\" class=\"typography-lg my-layout-default my-7\">\nMit neuem Material aus Hogwarts hat der US-Sender HBO einen weiteren Trailer zur geplanten &#8222;Harry Potter&#8220;-Serie ver\u00f6ffentlicht. Zu sehen sind erstmals l\u00e4ngere Szenen mit zentralen Figuren wie Severus Snape, Albus Dumbledore und Minerva McGonagall sowie der Bergtroll, der Spiegel Nerhegeb und Professor Quirrell. Die Serie soll Ende des Jahres starten.\n<\/p>\n<p data-testid=\"paragraph\" class=\"typography-lg my-layout-default my-7\">\nDer Trailer gibt zugleich einen deutlicheren Eindruck davon, wie stark sich die Neuverfilmung von den bekannten Kinofilmen unterscheiden k\u00f6nnte. Neben Szenen aus Joanne K. Rowlings erstem &#8222;Harry Potter&#8220;-Band sind auch Momente zu sehen, die so nicht im Buch vorkommen &#8211; etwa zus\u00e4tzliche Alltagsszenen aus dem Schulleben in Hogwarts. Auch Handlungsstr\u00e4nge, die in den Filmen stark gek\u00fcrzt oder ganz weggelassen wurden, sollen in der Serie mehr Raum bekommen.\n<\/p>\n<p class=\"m-0 mb-2\">\nDieser Youtube Post kann aufgrund Ihrer aktuellen Datenschutzeinstellungen nicht angezeigt werden, da f\u00fcr dessen Einbettung ein Drittanbieter hinzugezogen wird, der technisch f\u00fcr den Betrieb der Website nicht zwingend notwendige Cookies setzt. Wenn Sie den Inhalt sehen m\u00f6chten, bitten wir Sie um Einwilligung zu diesem konkreten Cookie von \u201eYoutube\u201c. Ihre Einwilligung ist einmalig f\u00fcr den Aufruf dieses Inhalts und wird nicht gespeichert.\n<\/p>\n<p>Einwilligung erteilen<\/p>\n<p class=\"mb-0 mt-2 text-sm\">\nJe nach Anbieter kann mit der Erteilung Ihrer Einwilligung auch ein Datentransfer in Drittstaaten verbunden sein, f\u00fcr die keine geeigneten Garantien vorliegen. N\u00e4here Informationen finden Sie in unserer<br \/>\n<a href=\"https:\/\/www.oe24.at\/service\/datenschutzerklaerung-seite-1\/333861151\" target=\"_blank\" rel=\"nofollow noopener\">Datenschutzerkl\u00e4rung <\/a>.\n<\/p>\n<p>Neue Besetzung sorgt weiter f\u00fcr Diskussionen<\/p>\n<p data-testid=\"paragraph\" class=\"typography-lg my-layout-default my-7\">\nUnter Fans wird weiterhin dar\u00fcber diskutiert, ob es \u00fcberhaupt eine neue Adaption der weltweit erfolgreichen B\u00fccher braucht. Manche finden, dass die neue Serie den bis heute sehr pr\u00e4senten Filmen bislang zu \u00e4hnlich sieht oder k\u00f6nnen sich die bekannten Figuren kaum mit einer neuen Besetzung vorstellen. Andere sehen gerade im Serienformat einen Vorteil: F\u00fcr den ersten Band stehen nach Angaben der Macher rund acht Stunden zur Verf\u00fcgung &#8211; deutlich mehr Zeit also f\u00fcr Nebenhandlungen, Figuren und das Leben in Hogwarts.\n<\/p>\n<p data-testid=\"paragraph\" class=\"typography-lg my-layout-default my-7\">\nBesonders diskutiert wird zudem die Darstellung von Snape durch den britischen Schauspieler Paapa Essiedu. Seine Besetzung hatte bereits im Vorfeld f\u00fcr Debatten gesorgt. Nach den ersten l\u00e4ngeren Szenen im neuen Trailer \u00e4u\u00dferten sich in sozialen Netzwerken allerdings auch zahlreiche zuvor skeptische Fans positiv \u00fcber seine deutlich j\u00fcngere und sch\u00e4rfer wirkende Interpretation der Figur. Gespr\u00e4chsstoff liefert auch das deutlich d\u00fcsterere Design des Bergtrolls.\n<\/p>\n<p>Rowling bleibt Teil der Debatte<\/p>\n<p data-testid=\"paragraph\" class=\"typography-lg my-layout-default my-7\">\n\u00dcberschattet wird das Projekt weiterhin von der Kontroverse um &#8222;Harry Potter&#8220;-Autorin Rowling. Sie ist als ausf\u00fchrende Produzentin an der Serie beteiligt, steht wegen ihrer \u00c4u\u00dferungen zu Transmenschen und Geschlechtsidentit\u00e4t aber seit Jahren in der Kritik. Mehrere Beteiligte der neuen Serie haben sich \u00f6ffentlich von ihren Positionen distanziert. So unterzeichnete Snape-Darsteller Essiedu einen offenen Brief zur Unterst\u00fctzung dieser Menschen. Rowling erkl\u00e4rte daraufhin, sie habe weder die Macht noch den Wunsch, ihn deshalb aus der Serie zu entfernen. Auch Dumbledore-Darsteller John Lithgow und Hagrid-Darsteller Nick Frost \u00e4u\u00dferten sich kritisch zu Rowlings Positionen. HBO betont, ihre pers\u00f6nlichen Ansichten w\u00fcrden keinen Eingang in die Handlung der Serie finden.\n<\/p>\n<p><img class=\"mb-0 w-full\" alt=\"J.K. Rowling\" src=\"https:\/\/www.europesays.com\/at\/wp-content\/uploads\/2026\/09\/1c99ab3e-eaef-48ed-97c8-2d1b01641243.jpeg\"   loading=\"lazy\" decoding=\"async\"\/><\/p>\n<p>J.K. Rowling<br \/>\n\u00a9 APA\/AFP\/TOLGA AKMEN<\/p>\n<p data-testid=\"paragraph\" class=\"typography-lg my-layout-default my-7\">\nDie HBO-Serie soll die sieben &#8222;Harry Potter&#8220;-Romane \u00fcber mehrere Staffeln hinweg neu erz\u00e4hlen. Die fr\u00fcheren acht Kinofilme mit Daniel Radcliffe, Emma Watson und Rupert Grint waren zwischen 2001 und 2011 erschienen und geh\u00f6ren zu den erfolgreichsten Filmreihen der Geschichte.<\/p>\n","protected":false},"excerpt":{"rendered":"Die neue Serie soll noch gegen Ende des Jahres starten und l\u00f6st bereits einen Hype unter den Fans&hellip;\n","protected":false},"author":2,"featured_media":375087,"comment_status":"","ping_status":"","sticky":false,"template":"","format":"standard","meta":{"footnotes":"","_share_on_mastodon":"0"},"categories":[23],"tags":[46,42,151,147,152,150,44,148],"class_list":["post-375086","post","type-post","status-publish","format-standard","has-post-thumbnail","category-kino","tag-at","tag-austria","tag-cinema","tag-entertainment","tag-kino","tag-movie","tag-oesterreich","tag-unterhaltung"],"share_on_mastodon":{"url":"https:\/\/pubeurope.com\/@at\/117212854452808859","error":""},"_links":{"self":[{"href":"https:\/\/www.europesays.com\/at\/wp-json\/wp\/v2\/posts\/375086","targetHints":{"allow":["GET"]}}],"collection":[{"href":"https:\/\/www.europesays.com\/at\/wp-json\/wp\/v2\/posts"}],"about":[{"href":"https:\/\/www.europesays.com\/at\/wp-json\/wp\/v2\/types\/post"}],"author":[{"embeddable":true,"href":"https:\/\/www.europesays.com\/at\/wp-json\/wp\/v2\/users\/2"}],"replies":[{"embeddable":true,"href":"https:\/\/www.europesays.com\/at\/wp-json\/wp\/v2\/comments?post=375086"}],"version-history":[{"count":0,"href":"https:\/\/www.europesays.com\/at\/wp-json\/wp\/v2\/posts\/375086\/revisions"}],"wp:featuredmedia":[{"embeddable":true,"href":"https:\/\/www.europesays.com\/at\/wp-json\/wp\/v2\/media\/375087"}],"wp:attachment":[{"href":"https:\/\/www.europesays.com\/at\/wp-json\/wp\/v2\/media?parent=375086"}],"wp:term":[{"taxonomy":"category","embeddable":true,"href":"https:\/\/www.europesays.com\/at\/wp-json\/wp\/v2\/categories?post=375086"},{"taxonomy":"post_tag","embeddable":true,"href":"https:\/\/www.europesays.com\/at\/wp-json\/wp\/v2\/tags?post=375086"}],"curies":[{"name":"wp","href":"https:\/\/api.w.org\/{rel}","templated":true}]}}