{"id":375100,"date":"2026-09-04T12:56:10","date_gmt":"2026-09-04T12:56:10","guid":{"rendered":"https:\/\/www.europesays.com\/at\/375100\/"},"modified":"2026-09-04T12:56:10","modified_gmt":"2026-09-04T12:56:10","slug":"orf-reform-netzwerk-der-zivilgesellschaft-fordert-entpolitisierung-orf","status":"publish","type":"post","link":"https:\/\/www.europesays.com\/at\/375100\/","title":{"rendered":"ORF-Reform: Netzwerk der Zivilgesellschaft fordert Entpolitisierung &#8211; ORF"},"content":{"rendered":"<p>Das \u00d6sterreichische Netzwerk Zivilgesellschaft (\u00d6NZ) fordert vor dem von Medienminister Andreas Babler angek\u00fcndigten ORF-Zukunftsforum am 10. und 11. September eine grundlegende Reform des \u00f6ffentlich-rechtlichen Rundfunks. In einem Positionspapier spricht sich das B\u00fcndnis, dem rund 50 Vereine und Organisationen angeh\u00f6ren, f\u00fcr eine weitgehende Entpolitisierung der ORF-Strukturen sowie eine verfassungsrechtliche Absicherung von Finanzierung und Auftrag des Senders aus.<\/p>\n","protected":false},"excerpt":{"rendered":"Das \u00d6sterreichische Netzwerk Zivilgesellschaft (\u00d6NZ) fordert vor dem von Medienminister Andreas Babler angek\u00fcndigten ORF-Zukunftsforum am 10. und 11.&hellip;\n","protected":false},"author":2,"featured_media":375101,"comment_status":"","ping_status":"","sticky":false,"template":"","format":"standard","meta":{"footnotes":"","_share_on_mastodon":"0"},"categories":[6],"tags":[46,42,44,43,45],"class_list":["post-375100","post","type-post","status-publish","format-standard","has-post-thumbnail","category-oesterreich","tag-at","tag-austria","tag-oesterreich","tag-republic-of-austria","tag-republik-oesterreich"],"share_on_mastodon":{"url":"https:\/\/pubeurope.com\/@at\/117212884903909287","error":""},"_links":{"self":[{"href":"https:\/\/www.europesays.com\/at\/wp-json\/wp\/v2\/posts\/375100","targetHints":{"allow":["GET"]}}],"collection":[{"href":"https:\/\/www.europesays.com\/at\/wp-json\/wp\/v2\/posts"}],"about":[{"href":"https:\/\/www.europesays.com\/at\/wp-json\/wp\/v2\/types\/post"}],"author":[{"embeddable":true,"href":"https:\/\/www.europesays.com\/at\/wp-json\/wp\/v2\/users\/2"}],"replies":[{"embeddable":true,"href":"https:\/\/www.europesays.com\/at\/wp-json\/wp\/v2\/comments?post=375100"}],"version-history":[{"count":0,"href":"https:\/\/www.europesays.com\/at\/wp-json\/wp\/v2\/posts\/375100\/revisions"}],"wp:featuredmedia":[{"embeddable":true,"href":"https:\/\/www.europesays.com\/at\/wp-json\/wp\/v2\/media\/375101"}],"wp:attachment":[{"href":"https:\/\/www.europesays.com\/at\/wp-json\/wp\/v2\/media?parent=375100"}],"wp:term":[{"taxonomy":"category","embeddable":true,"href":"https:\/\/www.europesays.com\/at\/wp-json\/wp\/v2\/categories?post=375100"},{"taxonomy":"post_tag","embeddable":true,"href":"https:\/\/www.europesays.com\/at\/wp-json\/wp\/v2\/tags?post=375100"}],"curies":[{"name":"wp","href":"https:\/\/api.w.org\/{rel}","templated":true}]}}