{"id":375108,"date":"2026-09-04T13:01:09","date_gmt":"2026-09-04T13:01:09","guid":{"rendered":"https:\/\/www.europesays.com\/at\/375108\/"},"modified":"2026-09-04T13:01:09","modified_gmt":"2026-09-04T13:01:09","slug":"24-jaehrige-grazerin-vom-bruder-ihres-lebensgefaehrten-getoetet","status":"publish","type":"post","link":"https:\/\/www.europesays.com\/at\/375108\/","title":{"rendered":"24-j\u00e4hrige Grazerin vom Bruder ihres Lebensgef\u00e4hrten get\u00f6tet"},"content":{"rendered":"<p>Die Polizei gab am Freitag neue Erkenntnisse aus den Ermittlungen zur Bluttat vom Donnerstag in der Grazer Innenstadt bekannt. Der Tatverd\u00e4chtige schweigt.<\/p>\n<p class=\"klz-story-element-paragraph klz-text-copy\" data-testid=\"article-paragraph\">Am Tag nach dem gewaltsamen Tod einer 24-J\u00e4hrigen am gestrigen Donnerstagnachmittag liegen nun neue Ermittlungserkenntnisse vor, wie die steirische Polizei berichtet. <\/p>\n<p class=\"klz-story-element-paragraph klz-text-copy\" data-testid=\"article-paragraph\">Bei dem festgenommenen 23-J\u00e4hrigen handelt es sich um den Bruder des Lebensgef\u00e4hrten des Opfers. Die 24-J\u00e4hrige hatte die Dachgescho\u00dfwohnung in der Grazer Innenstadt mit ihrem Partner gemeinsam bewohnt. Der Tatverd\u00e4chtige lebte nicht an dieser Adresse. Das haben die akribische Tatortarbeit und die ersten Erhebungen durch das Landeskriminalamt Steiermark (LKA) ergeben. <\/p>\n<p class=\"klz-story-element-paragraph klz-text-copy\" data-testid=\"article-paragraph\">Wie schon am Donnerstag berichtet, war die Frau alleine zuhause gewesen, als sich der Bruder ihres Freundes zu ihr begab. Sie d\u00fcrfte den Mann allerdings nicht hineingelassen haben \u2013 nach derzeitigem Ermittlungsstand d\u00fcrfte der 23-J\u00e4hrige am Donnerstag gewaltsam in die Wohnung eingedrungen sein.<\/p>\n<p>Leiche wurde obduziert<\/p>\n<p class=\"klz-story-element-paragraph klz-text-copy\" data-testid=\"article-paragraph\">Auf Anordnung der Staatsanwaltschaft Graz hat am Freitag die Obduktion des Leichnams der 24-J\u00e4hrigen stattgefunden. Erkenntnisse daraus will die Polizei allerdings bewusst genausowenig ver\u00f6ffentlichen wie Detailergebnisse der Tatortarbeit und Spurensicherung. Damit m\u00f6chte man au\u00dferdem verhindern, dass mitlesende Angeh\u00f6rige zus\u00e4tzlich belastet werden, indem bei ihnen detaillierte Bilder des Geschehens hervorgerufen werden. <\/p>\n<p>Der Verd\u00e4chtige schweigt<\/p>\n<p class=\"klz-story-element-paragraph klz-text-copy\" data-testid=\"article-paragraph\">Das Landeskriminalamt Steiermark ermittelt gegen den 23-J\u00e4hrigen wegen des Verdachts des Mordes. Bei der Einvernahme durch die Ermittler habe der Tatverd\u00e4chtige von seinem Recht auf Aussageverweigerung Gebrauch gemacht und jegliche Angaben zum Tatgeschehen sowie zum Motiv verweigert. \u00dcber Anordnung der Staatsanwaltschaft Graz wird der Mann im Laufe des heutigen Tages in die Justizanstalt Graz-Jakomini eingeliefert.<\/p>\n<p class=\"klz-story-element-paragraph klz-text-copy\" data-testid=\"article-paragraph\">Die Ermittlungen zur genauen Rekonstruktion des Tathergangs und der Hintergr\u00fcnde dauern an.<\/p>\n<p>Mehr zur Tat<a href=\"https:\/\/www.kleinezeitung.at\/artikel\/41230715\/24-jaehrige-in-graz-getoetet-warum-details-unter-verschluss-sind\" class=\"shrink-0 relative\" rel=\"nofollow noopener\" target=\"_blank\"><img decoding=\"async\" src=\"https:\/\/www.europesays.com\/at\/wp-content\/uploads\/2026\/09\/KLZ_ToetungsdeliktBischofsplatz_0004.jpg\" alt=\"Die Tat ereignete sich mitten in der Grazer Innenstadt\" loading=\"lazy\" fetchpriority=\"auto\"  class=\"size-32 @[380px]:size-36 aspect-square object-cover object-top rounded-l-xl overflow-hidden\"\/><\/a><\/p>\n","protected":false},"excerpt":{"rendered":"Die Polizei gab am Freitag neue Erkenntnisse aus den Ermittlungen zur Bluttat vom Donnerstag in der Grazer Innenstadt&hellip;\n","protected":false},"author":2,"featured_media":375109,"comment_status":"","ping_status":"","sticky":false,"template":"","format":"standard","meta":{"footnotes":"","_share_on_mastodon":"0"},"categories":[29],"tags":[46,42,93850,3286,183,11968,1990,2314,44,81710],"class_list":["post-375108","post","type-post","status-publish","format-standard","has-post-thumbnail","category-graz","tag-at","tag-austria","tag-bluttat-graz","tag-ermittlungen","tag-graz","tag-landeskriminalamt","tag-mord","tag-obduktion","tag-oesterreich","tag-tatverdaechtiger"],"share_on_mastodon":{"url":"https:\/\/pubeurope.com\/@at\/117212904594162514","error":""},"_links":{"self":[{"href":"https:\/\/www.europesays.com\/at\/wp-json\/wp\/v2\/posts\/375108","targetHints":{"allow":["GET"]}}],"collection":[{"href":"https:\/\/www.europesays.com\/at\/wp-json\/wp\/v2\/posts"}],"about":[{"href":"https:\/\/www.europesays.com\/at\/wp-json\/wp\/v2\/types\/post"}],"author":[{"embeddable":true,"href":"https:\/\/www.europesays.com\/at\/wp-json\/wp\/v2\/users\/2"}],"replies":[{"embeddable":true,"href":"https:\/\/www.europesays.com\/at\/wp-json\/wp\/v2\/comments?post=375108"}],"version-history":[{"count":0,"href":"https:\/\/www.europesays.com\/at\/wp-json\/wp\/v2\/posts\/375108\/revisions"}],"wp:featuredmedia":[{"embeddable":true,"href":"https:\/\/www.europesays.com\/at\/wp-json\/wp\/v2\/media\/375109"}],"wp:attachment":[{"href":"https:\/\/www.europesays.com\/at\/wp-json\/wp\/v2\/media?parent=375108"}],"wp:term":[{"taxonomy":"category","embeddable":true,"href":"https:\/\/www.europesays.com\/at\/wp-json\/wp\/v2\/categories?post=375108"},{"taxonomy":"post_tag","embeddable":true,"href":"https:\/\/www.europesays.com\/at\/wp-json\/wp\/v2\/tags?post=375108"}],"curies":[{"name":"wp","href":"https:\/\/api.w.org\/{rel}","templated":true}]}}