{"id":375128,"date":"2026-09-04T13:15:13","date_gmt":"2026-09-04T13:15:13","guid":{"rendered":"https:\/\/www.europesays.com\/at\/375128\/"},"modified":"2026-09-04T13:15:13","modified_gmt":"2026-09-04T13:15:13","slug":"schulstart-in-wien-gibt-es-genug-lehrkraefte","status":"publish","type":"post","link":"https:\/\/www.europesays.com\/at\/375128\/","title":{"rendered":"Schulstart: In Wien gibt es genug Lehrkr\u00e4fte"},"content":{"rendered":"<p>Zufrieden zeigte man sich auch \u00fcber Prognosen bei den Kindern mit Sprachdefiziten. F\u00fcr den kommenden Sommer wurden \u00fcberdies Hitzeschutzma\u00dfnahmen angek\u00fcndigt. Am Montag beginnt f\u00fcr die Wiener Kinder, darunter rund 19.000 Tafelklassler, wieder der Schulalltag. Die Gefahr, dass es zu wenig P\u00e4dagoginnen und P\u00e4dagogen geben wird, besteht heuer nicht, wurde beteuert.<\/p>\n<p>In den vergangenen Jahren gab es immer wieder Berichte, dass in manchen Schulen etwa klassenf\u00fchrende Lehrkr\u00e4fte fehlen. Emmerling sah unter anderem Werbema\u00dfnahmen als m\u00f6glichen Grund f\u00fcr den deutlich gr\u00f6\u00dferen Andrang.<\/p>\n<p>Stadt ortet m\u00f6gliche Trendwende<\/p>\n<p>Der Beruf sei attraktiver geworden, zeigte sie sich \u00fcberzeugt. Dass dies zugleich bedeute, dass angehenden Lehrern die Arbeitslosigkeit drohe, glauben die Verantwortlichen in Wien nicht. Denn man stelle auch w\u00e4hrend des Jahres immer wieder neue Lehrkr\u00e4fte ein, gab Bildungsdirektorin Fuchs zu bedenken. Die aktuelle Entwicklung k\u00f6nne jedenfalls durchaus eine Trendwende darstellen, hofft man.<\/p>\n<p>Eine Trendumkehr ist auch bei den Kindern mit schlechten Deutschkenntnissen, also den sogenannten au\u00dferordentlichen Sch\u00fclerinnen und Sch\u00fclern, m\u00f6glich, wie Stadtr\u00e4tin Emmerling ausf\u00fchrte: \u201eDie Zahl d\u00fcrfte sinken.\u201c Darauf w\u00fcrden zumindest Prognosen hindeuten. Konkrete Daten werden erst nach Schulbeginn vorliegen. Verantwortlich f\u00fcr die Entwicklung war laut Emmerling unter anderem das Aus f\u00fcr den Familiennachzug.<\/p>\n<p>Wien geh\u00f6rt zu den St\u00e4dten mit dem h\u00f6chsten Anteil an Sch\u00fclern mit Sprachdefiziten. Um dem zu begegnen, sei auch die Deutschf\u00f6rderung intensiviert worden, wurde betont. Es gebe etwa die verpflichtenden Deutschkurse sowie mehr entsprechende Angebote f\u00fcr Kinder, die vor dem Schuleintritt stehen. Emmerling verwies auch auf den Chancenbonus, durch den belastete Schulen besonders unterst\u00fctzt werden. Wien habe dadurch vom Bund mehr Ressourcen erhalten, bekr\u00e4ftigte sie.<\/p>\n<p>Hitzeschutzma\u00dfnahmen f\u00fcr n\u00e4chsten Sommer angek\u00fcndigt<\/p>\n<p>Zus\u00e4tzliche Ma\u00dfnahmen wird es auch beim Hitzeschutz geben. Denn dieser werde zwar in Neubauten bereits ber\u00fccksichtigt, in \u00e4lteren Schulen gebe es hier aber Nachholbedarf, erkl\u00e4rte die Ressortchefin. Darum w\u00fcrden nun entsprechende Schritte gesetzt. \u201eDer Einsatz mobiler Klimager\u00e4te und Ventilatoren muss einfacher werden\u201c, hob sie hervor. Auch das n\u00e4chtliche L\u00fcften wird unter Einhaltung bestimmter Sicherheitsvorkehrungen erlaubt. Im kommenden Schuljahr werde es damit zu deutlichen Erleichterungen f\u00fcr Sch\u00fcler und Personal kommen, versprach sie.<\/p>\n<p>Von ihrem Wunsch, das Schuljahr k\u00fcnftig fr\u00fcher enden zu lassen, r\u00fcckte sie ebenfalls nicht ab. Sie werde auch mit den anderen Bundesl\u00e4ndern \u00fcber eine Vorverlegung der Sommerferien sprechen, n\u00e4mlich bei der demn\u00e4chst stattfindenden Bildungsreferentenkonferenz, berichtete sie. Ein fr\u00fcherer Ferientermin w\u00e4re laut Emmerling sinnvoll, weil Ende August die N\u00e4chte bereits wieder l\u00e4nger und damit nicht mehr so hei\u00df sind. Das w\u00fcrde K\u00fchlma\u00dfnahmen generell erleichtern, ist sie \u00fcberzeugt.<\/p>\n<p>In den Kinderg\u00e4rten fehlt noch Personal<\/p>\n<p>Im Gegensatz zur Schule fehlen in den Kinderg\u00e4rten noch Kr\u00e4fte. Trotzdem halte man an der neuen Regelung fest, dass die Ganztages-Betreuung bleibt, auch wenn Eltern oder Erziehungsberechtigte in Karenz gehen oder von Jobverlust betroffen sind. Dazu sollen die Kindergartengruppen \u00fcber die kommenden Jahre verkleinert werden. Ab 2028 sollen sie \u00fcber 10 Jahre hinweg alle zwei Jahre um ein Kind kleiner werden.<\/p>\n","protected":false},"excerpt":{"rendered":"Zufrieden zeigte man sich auch \u00fcber Prognosen bei den Kindern mit Sprachdefiziten. F\u00fcr den kommenden Sommer wurden \u00fcberdies&hellip;\n","protected":false},"author":2,"featured_media":375129,"comment_status":"","ping_status":"","sticky":false,"template":"","format":"standard","meta":{"footnotes":"","_share_on_mastodon":"0"},"categories":[6],"tags":[46,42,44,43,45],"class_list":["post-375128","post","type-post","status-publish","format-standard","has-post-thumbnail","category-oesterreich","tag-at","tag-austria","tag-oesterreich","tag-republic-of-austria","tag-republik-oesterreich"],"share_on_mastodon":{"url":"https:\/\/pubeurope.com\/@at\/117212959664817282","error":""},"_links":{"self":[{"href":"https:\/\/www.europesays.com\/at\/wp-json\/wp\/v2\/posts\/375128","targetHints":{"allow":["GET"]}}],"collection":[{"href":"https:\/\/www.europesays.com\/at\/wp-json\/wp\/v2\/posts"}],"about":[{"href":"https:\/\/www.europesays.com\/at\/wp-json\/wp\/v2\/types\/post"}],"author":[{"embeddable":true,"href":"https:\/\/www.europesays.com\/at\/wp-json\/wp\/v2\/users\/2"}],"replies":[{"embeddable":true,"href":"https:\/\/www.europesays.com\/at\/wp-json\/wp\/v2\/comments?post=375128"}],"version-history":[{"count":0,"href":"https:\/\/www.europesays.com\/at\/wp-json\/wp\/v2\/posts\/375128\/revisions"}],"wp:featuredmedia":[{"embeddable":true,"href":"https:\/\/www.europesays.com\/at\/wp-json\/wp\/v2\/media\/375129"}],"wp:attachment":[{"href":"https:\/\/www.europesays.com\/at\/wp-json\/wp\/v2\/media?parent=375128"}],"wp:term":[{"taxonomy":"category","embeddable":true,"href":"https:\/\/www.europesays.com\/at\/wp-json\/wp\/v2\/categories?post=375128"},{"taxonomy":"post_tag","embeddable":true,"href":"https:\/\/www.europesays.com\/at\/wp-json\/wp\/v2\/tags?post=375128"}],"curies":[{"name":"wp","href":"https:\/\/api.w.org\/{rel}","templated":true}]}}