{"id":375142,"date":"2026-09-04T13:24:36","date_gmt":"2026-09-04T13:24:36","guid":{"rendered":"https:\/\/www.europesays.com\/at\/375142\/"},"modified":"2026-09-04T13:24:36","modified_gmt":"2026-09-04T13:24:36","slug":"baerbel-schaefer-so-sieht-der-talkshow-star-heute-aus-31-jahre-spaeter","status":"publish","type":"post","link":"https:\/\/www.europesays.com\/at\/375142\/","title":{"rendered":"B\u00e4rbel Sch\u00e4fer: So sieht der Talkshow-Star heute aus \u2013 31 Jahre sp\u00e4ter"},"content":{"rendered":"<p>Er bat sie \u00f6ffentlich um Verzeihung <\/p>\n<p>Das ist der ber\u00fchmte Ehemann von Talkshow-Star B\u00e4rbel Sch\u00e4fer<\/p>\n<p>Aktualisiert am 04.09.2026 &#8211; 11:03 UhrLesedauer: 3 Min.<\/p>\n<p><a href=\"#focus-0\" class=\"transition-colors block text-current relative\" data-sctrack=\"FocusGalleryImage.Reference\"><img fetchpriority=\"high\" data-testid=\"Opener.Image\"   loading=\"eager\" src=\"https:\/\/www.europesays.com\/at\/wp-content\/uploads\/2026\/09\/baerbel-schaefer-1995-lief-die-erste-folge-ihrer-talkshow.jpg\" alt=\"B\u00e4rbel Sch\u00e4fer: 1995 lief die erste Folge ihrer Talkshow.\" title=\"B\u00e4rbel Sch\u00e4fer: 1995 lief die erste Folge ihrer Talkshow.\" width=\"2505\" height=\"1409\" class=\"bg-[url:var(--lqipURL)] bg-cover bg-center flex h-full w-full max-w-full\" style=\"--lqipURL:url('https:\/\/images.t-online.de\/2026\/09\/TExtFCetYaMW\/0x71:2505x1409\/fit-in\/150x0\/filters:blur(25)\/baerbel-schaefer-1995-lief-die-erste-folge-ihrer-talkshow.jpg')\" decoding=\"async\"\/><img loading=\"lazy\" src=\"https:\/\/www.t-online.de\/s\/paper\/_next\/static\/media\/zoom-in.f7dae02f.svg\" alt=\"Vergr\u00f6\u00dfern des Bildes\" title=\"Vergr\u00f6\u00dfern des Bildes\" class=\"block h-[calc(var(--height)_\/_16_*_1rem)] w-[calc(var(--width)_\/_16_*_1rem)] max-w-none absolute right-8 bottom-8 rounded-4 bg-snow p-8\" style=\"--width:32;--height:32\" decoding=\"async\"\/><\/a><\/p>\n<p>B\u00e4rbel Sch\u00e4fer: 1995 lief die erste Folge ihrer Talkshow. (Quelle: imago stock&amp;people)<\/p>\n<p><img loading=\"lazy\" src=\"https:\/\/www.t-online.de\/s\/paper\/_next\/static\/media\/audio-volume.6689034c.svg\" alt=\"\" title=\"\" class=\"block h-[calc(var(--height)_\/_16_*_1rem)] w-[calc(var(--width)_\/_16_*_1rem)] max-w-none group-hover:brightness-0 group-hover:invert\" style=\"--width:16;--height:16\" decoding=\"async\"\/>Vorlesen<\/p>\n<p>Aktuelle Zeit:0:00Gesamtdauer:0:00<\/p>\n<p>1x<img loading=\"lazy\" src=\"https:\/\/www.t-online.de\/s\/paper\/_next\/static\/media\/font-sizes.32942e33.svg\" alt=\"\" title=\"\" class=\"block h-[calc(var(--height)_\/_16_*_1rem)] w-[calc(var(--width)_\/_16_*_1rem)] max-w-none group-hover:hidden group-aria-expanded:hidden\" style=\"--width:16;--height:16\" decoding=\"async\"\/><img loading=\"lazy\" src=\"https:\/\/www.t-online.de\/s\/paper\/_next\/static\/media\/font-sizes-dark-mode.e382645c.svg\" alt=\"\" title=\"\" class=\"block h-[calc(var(--height)_\/_16_*_1rem)] w-[calc(var(--width)_\/_16_*_1rem)] max-w-none hidden group-hover:block group-aria-expanded:block\" style=\"--width:16;--height:16\" decoding=\"async\"\/><img loading=\"lazy\" src=\"https:\/\/www.t-online.de\/s\/paper\/_next\/static\/media\/sharing-menu-icon.1eb71368.svg\" alt=\"\" title=\"\" class=\"block h-[calc(var(--height)_\/_16_*_1rem)] w-[calc(var(--width)_\/_16_*_1rem)] max-w-none group-hover:brightness-0 group-hover:invert\" style=\"--width:16;--height:16\" decoding=\"async\"\/>Artikel teilen<\/p>\n<p class=\"font-bold text-18 leading-17 user-text-lg:text-22 user-text-xl:text-24\">Sieben Jahre lang lockte sie Millionen von Menschen vor die Bildschirme. 2002 wurde ihre Talkshow &#8222;B\u00e4rbel Sch\u00e4fer&#8220; abgesetzt. Das macht die Moderatorin heute.<\/p>\n<p class=\"text-18 leading-17 user-text-lg:text-22 user-text-xl:text-24\">Im September 1992 holte RTL mit &#8222;Hans Meiser&#8220; die erste <a href=\"https:\/\/www.t-online.de\/themen\/talkshow\/\" class=\"transition-colors cursor-pointer no-underline md:hover:text-magenta md:focus:text-magenta border-b border-solid border-current text-salemsfur md:hover:border-magenta\" data-tracking=\"{&quot;action&quot;:&quot;click&quot;,&quot;category&quot;:&quot;intextLink&quot;,&quot;label&quot;:&quot;\/themen\/talkshow\/&quot;}\" data-sctrack=\"BodyAnchor\" rel=\"nofollow noopener\" target=\"_blank\">Talkshow<\/a> ins Programm. Millionen von Menschen schalteten um 16 Uhr ein und sahen dabei zu, wie sich die G\u00e4ste \u00fcber ihre Probleme austauschten. Der gro\u00dfe Hype der Daily Talkshows war geboren.<\/p>\n<p class=\"text-18 leading-17 user-text-lg:text-22 user-text-xl:text-24\">Es folgte der Talk mit Ilona Christen und drei Jahre sp\u00e4ter die Show mit B\u00e4rbel Sch\u00e4fer \u2013 deutlich j\u00fcnger, frecher und provokanter. Am 4. September 1995, heute vor genau 31 Jahren, lief die erste Folge. Die Moderatorin war damals 32 Jahre alt und noch am Anfang ihrer Karriere. Nach nur wenigen Folgen wurde sie bereits mit der Goldenen Kamera ausgezeichnet.<\/p>\n<p><a href=\"#focus-1\" class=\"transition-colors block text-current relative\" data-sctrack=\"FocusGalleryImage.Reference\"><img   loading=\"lazy\" src=\"https:\/\/www.europesays.com\/at\/wp-content\/uploads\/2026\/09\/baerbel-schaefer-moderierte-1500-folgen.jpg\" alt=\"B\u00e4rbel Sch\u00e4fer moderierte 1.500 Folgen.\" title=\"B\u00e4rbel Sch\u00e4fer moderierte 1.500 Folgen.\" width=\"2820\" height=\"1586\" class=\"h-full w-full max-w-full rounded-8\" decoding=\"async\"\/><img loading=\"lazy\" src=\"https:\/\/www.t-online.de\/s\/paper\/_next\/static\/media\/zoom-in.f7dae02f.svg\" alt=\"Vergr\u00f6\u00dfern des Bildes\" title=\"Vergr\u00f6\u00dfern des Bildes\" class=\"block h-[calc(var(--height)_\/_16_*_1rem)] w-[calc(var(--width)_\/_16_*_1rem)] max-w-none absolute right-8 bottom-8 rounded-4 bg-snow p-8\" style=\"--width:32;--height:32\" decoding=\"async\"\/>B\u00e4rbel Sch\u00e4fer moderierte 1.500 Folgen ihrer Talkshow. (Quelle: imago stock&amp;people)<\/a><\/p>\n<p class=\"text-18 leading-17 user-text-lg:text-22 user-text-xl:text-24\">Insgesamt f\u00fchrte die geb\u00fcrtige Bremerin 1.500 Mal durch ihre Talkshow, ehe sie am 30. August 2002 abgesetzt wurde. Ihr Talkshow-Aus begr\u00fcndete B\u00e4rbel Sch\u00e4fer damals so: &#8222;Ich habe sieben Jahre lang mit viel Neugier und Spa\u00df unter deutsche D\u00e4cher geschaut. Jetzt suche ich nach neuen Herausforderungen und m\u00f6chte mich deswegen von meiner Aufgabe l\u00f6sen, solange es noch l\u00e4uft.&#8220;<\/p>\n<p>Dem Talk blieb sie treu<\/p>\n<p class=\"text-18 leading-17 user-text-lg:text-22 user-text-xl:text-24\">Doch wie ging es f\u00fcr die damals 38-J\u00e4hrige weiter? Dem Fernsehen blieb sie treu, \u00fcbernahm Formate wie &#8222;Wellness TV&#8220; im Ersten oder &#8222;Ein roter Teppich f\u00fcr &#8230;&#8220; im WDR. Heute ist B\u00e4rbel Sch\u00e4fer vor allem im Radio pr\u00e4sent. Beim Sender HR3 hat sie ein eigenes Talkformat, das w\u00f6chentlich sonntags von 10 bis 12 Uhr live ausgestrahlt wird.<\/p>\n<p class=\"text-18 leading-17 user-text-lg:text-22 user-text-xl:text-24\">Auch als Buchautorin machte sie sich einen Namen, ver\u00f6ffentlichte mehrere Werke. &#8222;Avas Geheimnis&#8220; aus dem Jahr 2022 besch\u00e4ftigt sich mit dem Thema Einsamkeit. Ihr letztes Buch kam 2023 auf den Markt: &#8222;Eine Herde Schafe, ein Paar Gummistiefel und ein anderer Blick aufs Leben&#8220;.<\/p>\n<p class=\"text-18 leading-17 user-text-lg:text-22 user-text-xl:text-24\">Optisch hat sich B\u00e4rbel Sch\u00e4fer nicht ver\u00e4ndert. Die Zeit scheint spurlos an dem TV-Star vorbeigegangen zu sein.<\/p>\n<p><a href=\"#focus-2\" class=\"transition-colors block text-current relative\" data-sctrack=\"FocusGalleryImage.Reference\"><img   loading=\"lazy\" src=\"https:\/\/www.europesays.com\/at\/wp-content\/uploads\/2026\/09\/baerbel-schaefer-ist-mittlerweile-62-jahre-alt.jpg\" alt=\"B\u00e4rbel Sch\u00e4fer ist mittlerweile 62 Jahre alt.\" title=\"B\u00e4rbel Sch\u00e4fer ist mittlerweile 62 Jahre alt.\" width=\"4332\" height=\"3535\" class=\"h-full w-full max-w-full rounded-8\" decoding=\"async\"\/><img loading=\"lazy\" src=\"https:\/\/www.t-online.de\/s\/paper\/_next\/static\/media\/zoom-in.f7dae02f.svg\" alt=\"Vergr\u00f6\u00dfern des Bildes\" title=\"Vergr\u00f6\u00dfern des Bildes\" class=\"block h-[calc(var(--height)_\/_16_*_1rem)] w-[calc(var(--width)_\/_16_*_1rem)] max-w-none absolute right-8 bottom-8 rounded-4 bg-snow p-8\" style=\"--width:32;--height:32\" decoding=\"async\"\/>B\u00e4rbel Sch\u00e4fer ist mittlerweile 62 Jahre alt. (Quelle: IMAGO\/Frank Hoermann\/SVEN SIMON)<\/a><\/p>\n<p class=\"text-18 leading-17 user-text-lg:text-22 user-text-xl:text-24\">Privat musste B\u00e4rbel Sch\u00e4fer in den vergangenen Jahren mehrere Schicksalsschl\u00e4ge verkraften. Nur drei Jahre nach dem Start ihrer RTL-Talkshow verlor die Moderatorin ihren Lebensgef\u00e4hrten. Kay-Uwe Degenhardt starb 1998 bei einem Autounfall. 15 Jahre sp\u00e4ter verungl\u00fcckte auch ihr Bruder beim Autofahren.<\/p>\n","protected":false},"excerpt":{"rendered":"Er bat sie \u00f6ffentlich um Verzeihung Das ist der ber\u00fchmte Ehemann von Talkshow-Star B\u00e4rbel Sch\u00e4fer Aktualisiert am 04.09.2026&hellip;\n","protected":false},"author":2,"featured_media":375143,"comment_status":"","ping_status":"","sticky":false,"template":"","format":"standard","meta":{"footnotes":"","_share_on_mastodon":"0"},"categories":[25],"tags":[3307,46,42,6525,147,93853,93852,67966,9025,44,281,156,155,3091,148,93854,2075],"class_list":["post-375142","post","type-post","status-publish","format-standard","has-post-thumbnail","category-serien","tag-3307","tag-at","tag-austria","tag-baerbel-schaefer","tag-entertainment","tag-goldene-kamera-von-hoerzu","tag-hans-meiser","tag-ilona-christen","tag-michel-friedman","tag-oesterreich","tag-rtl","tag-serien","tag-series","tag-talkshow","tag-unterhaltung","tag-verzeihung","tag-wdr"],"share_on_mastodon":{"url":"https:\/\/pubeurope.com\/@at\/117212995622836162","error":""},"_links":{"self":[{"href":"https:\/\/www.europesays.com\/at\/wp-json\/wp\/v2\/posts\/375142","targetHints":{"allow":["GET"]}}],"collection":[{"href":"https:\/\/www.europesays.com\/at\/wp-json\/wp\/v2\/posts"}],"about":[{"href":"https:\/\/www.europesays.com\/at\/wp-json\/wp\/v2\/types\/post"}],"author":[{"embeddable":true,"href":"https:\/\/www.europesays.com\/at\/wp-json\/wp\/v2\/users\/2"}],"replies":[{"embeddable":true,"href":"https:\/\/www.europesays.com\/at\/wp-json\/wp\/v2\/comments?post=375142"}],"version-history":[{"count":0,"href":"https:\/\/www.europesays.com\/at\/wp-json\/wp\/v2\/posts\/375142\/revisions"}],"wp:featuredmedia":[{"embeddable":true,"href":"https:\/\/www.europesays.com\/at\/wp-json\/wp\/v2\/media\/375143"}],"wp:attachment":[{"href":"https:\/\/www.europesays.com\/at\/wp-json\/wp\/v2\/media?parent=375142"}],"wp:term":[{"taxonomy":"category","embeddable":true,"href":"https:\/\/www.europesays.com\/at\/wp-json\/wp\/v2\/categories?post=375142"},{"taxonomy":"post_tag","embeddable":true,"href":"https:\/\/www.europesays.com\/at\/wp-json\/wp\/v2\/tags?post=375142"}],"curies":[{"name":"wp","href":"https:\/\/api.w.org\/{rel}","templated":true}]}}