{"id":375158,"date":"2026-09-04T13:34:17","date_gmt":"2026-09-04T13:34:17","guid":{"rendered":"https:\/\/www.europesays.com\/at\/375158\/"},"modified":"2026-09-04T13:34:17","modified_gmt":"2026-09-04T13:34:17","slug":"motiv-unklar-24-jaehrige-in-graz-getoetet-bruder-des-partners-unter-tatverdacht","status":"publish","type":"post","link":"https:\/\/www.europesays.com\/at\/375158\/","title":{"rendered":"Motiv unklar: 24-J\u00e4hrige in Graz get\u00f6tet, Bruder des Partners unter Tatverdacht"},"content":{"rendered":"<p>Motiv unklar<\/p>\n<p>                        24-J\u00e4hrige in Graz get\u00f6tet, Bruder des Partners unter Tatverdacht<\/p>\n<p>                                                                            4. September 2026, 14:27\u00a0Uhr<\/p>\n<p>                            <a class=\"content-author-avatar-block\" href=\"https:\/\/www.meinbezirk.at\/steiermark\/profile-707505\/verena-kriechbaum?type=article\" rel=\"nofollow noopener\" target=\"_blank\"><\/p>\n<p>                                                                            <img class=\"imagecontainer\" decoding=\"auto\" data-aspect-ratio=\"2.164102564\" src=\"https:\/\/media04.meinbezirk.at\/user\/2023\/10\/25\/0\/151580_L.png?1698236741\" style=\"object-position: 50% 33%;\" data-object-position=\"50% 33%\" bad-src=\"data:image\/gif;base64,R0lGODlhAQABAIAAAAAAAP\/\/\/yH5BAEAAAAALAAAAAABAAEAAAIBRAA7\"\/><\/p>\n<p>                <\/a><\/p>\n<p>Redaktion<\/p>\n<p>                                <a class=\"content-author-link\" href=\"https:\/\/www.meinbezirk.at\/steiermark\/profile-707505\/verena-kriechbaum?type=article\" rel=\"nofollow noopener\" target=\"_blank\">Verena Kriechbaum<\/a><\/p>\n<p>                    Du m\u00f6chtest dieses Profil zu deinen Favoriten hinzuf\u00fcgen?<\/p>\n<p>Verpasse nicht die neuesten Inhalte von diesem Profil: Melde dich an, um neue Inhalte von Profilen und Bezirken zu deinen pers\u00f6nlichen Favoriten hinzuf\u00fcgen zu k\u00f6nnen.<\/p>\n<p>            \u00d7<\/p>\n<p>                    Dieser Inhalt gef\u00e4llt Dir?<\/p>\n<p>Melde Dich an, um diesen Inhalt mit \u00abGef\u00e4llt mir\u00bb zu markieren.<\/p>\n<p>            \u00d7<\/p>\n<p>        <a href=\"#\" data-trigger-click-on-space-or-enter=\"\" class=\"button ggm-like-button hollow\" title=\"Gef\u00e4llt mir\" data-open=\"like-conversion-6a9ac8d2b947d\"><\/p>\n<p>        <\/a><\/p>\n<p>\n        0<br \/>\n        0\n    <\/p>\n<p>                            <img class=\"imagecontainer\" loading=\"eager\" fetchpriority=\"auto\" decoding=\"auto\" data-aspect-ratio=\"0.6675\" src=\"https:\/\/www.europesays.com\/at\/wp-content\/uploads\/2026\/09\/52425365_L.webp\" style=\"object-position: 46% 39%;\" data-object-position=\"46% 39%\" alt=\"Die Polizei ist in der Grazer Innenstadt im Einsatz.\"\/><\/p>\n<p>3Bilder<\/p>\n<p>Nach dem gewaltsamen Tod einer 24-J\u00e4hrigen am Donnerstag gibt die Polizei neue Erkenntnisse zu den Mordermittlungen bekannt. Die Staatsanwaltschaft ermittelt wegen Verdachts des Mordes. Beim Tatverd\u00e4chtigen soll es sich um den Bruder des Lebensgef\u00e4hrten des Opfers handeln, der 23-J\u00e4hrige verweigert die Aussage.\u00a0<\/p>\n<p>GRAZ. Nachdem am Donnerstag eine 24-J\u00e4hrige in einer <a href=\"https:\/\/www.meinbezirk.at\/graz\/c-lokales\/24-jaehrige-frau-in-wohnung-getoetet-tatverdaechtiger-23-wurde-festgenommen_a8879954\" onclick=\"window.open(this.href); return false;\" rel=\"nofollow noopener\" target=\"_blank\">Innenstadtwohnung in Graz mutma\u00dflich get\u00f6tet <\/a>wurde, gibt die Polizei am Freitag erste Ermittlungsergebnisse bekannt. Laut ersten Erhebungen durch das Landeskriminalamt Steiermark (LKA) handelt es sich bei dem 23-J\u00e4hrigen, der unmittelbar nach der Tat im Stiegenhaus festgenommen wurde, um den Bruder des Lebensgef\u00e4hrten des Opfers. Die Frau soll mit ihrem Partner gemeinsam in der Innenstadtwohnung gelebt haben, der Tatverd\u00e4chtige lebte laut Polizei nicht an der Adresse.\u00a0Die Ermittlungen ergaben au\u00dferdem, dass der 23-J\u00e4hrige am Donnerstag wohl gewaltsam in die Wohnung eingedrungen sei, das Opfer war zu dem Zeitpunkt alleine.\u00a0<\/p>\n<p>Tatverd\u00e4chtiger verweigert Aussage<\/p>\n<p>Am Freitag wurde auf Anordnung der Staatsanwaltschaft Graz eine Obduktion des Leichnams durchgef\u00fchrt.\u00a0Das Landeskriminalamt Steiermark f\u00fchrt die Ermittlungen gegen den 23-J\u00e4hrigen wegen des Verdachts des Mordes.\u00a0Zudem wurde der Tatverd\u00e4chtige bereits durch Ermittler einvernommen. Der 23-J\u00e4hrige machte laut Polizei allerdings von seinem Recht aus Aussageverweigerung Gebrauch und verweigerte Angaben sowohl zum Tatgeschehen als auch zum Motiv. Er wird in die Justizanstalt Graz Jakomini eingeliefert.\u00a0<\/p>\n<p><img class=\"imagecontainer\" decoding=\"auto\" data-aspect-ratio=\"0.75\" src=\"https:\/\/www.europesays.com\/at\/wp-content\/uploads\/2026\/09\/52425368_L.webp\"\/><\/p>\n<p>Weitere Details der Tatortarbeit und Spurensicherung werden derzeit nicht ver\u00f6ffentlicht, einerseits aus ermittlungstaktischen Gr\u00fcnden, andererseits zum Schutz der Angeh\u00f6rigen.\u00a0Weitere Ermittlungen zur genauen Rekonstruktion des Tathergangs und der Hintergr\u00fcnde laufen.\u00a0<\/p>\n<p>                                    <a href=\"https:\/\/www.meinbezirk.at\/steiermark\/c-wirtschaft\/regionale-kundenbindung-staerken-und-wettbewerbsvorteil-gewinnen_a8808459?ref=curate\" class=\"stop-click-event-propagation\" rel=\"nofollow noopener\" target=\"_blank\"><\/p>\n<p>                                                                            <img class=\"imagecontainer\" decoding=\"auto\" data-aspect-ratio=\"0.5\" src=\"https:\/\/media04.meinbezirk.at\/streaming_media\/2026\/07\/21\/9\/105219_L.webp?1784630430\" bad-src=\"data:image\/gif;base64,R0lGODlhAQABAIAAAAAAAP\/\/\/yH5BAEAAAAALAAAAAABAAEAAAIBRAA7\"\/><\/p>\n<p>                                    <\/a><\/p>\n<p>                                                                                                    0:46<\/p>\n<p>                                                                0:46<\/p>\n<p>                <a href=\"https:\/\/www.meinbezirk.at\/steiermark\/c-wirtschaft\/regionale-kundenbindung-staerken-und-wettbewerbsvorteil-gewinnen_a8808459?ref=curate\" class=\"stop-click-event-propagation\" rel=\"nofollow noopener\" target=\"_blank\"><\/p>\n<p>\n                            Jetzt teilnehmen!\n                        <\/p>\n<p>                                        Regionale Kundenbindung st\u00e4rken und Wettbewerbsvorteil gewinnen<br \/>\n                <\/a><\/p>\n<p class=\"line-clamp\" style=\"--line-clamp: 4\">\n                        Viele Unternehmen investieren viel Zeit und Geld in die Gewinnung neuer Kundinnen und Kunden. Dabei wird oft \u00fcbersehen, wie viel Potenzial bereits in der bestehenden Stammkundschaft steckt. Wer regelm\u00e4\u00dfig gekauft hat, kommt meist auch gerne wieder. Vorausgesetzt, der Kontakt bleibt bestehen. STEIERMARK. Genau hier setzt die MeinBezirk App an. Sie unterst\u00fctzt regionale Betriebe dabei, mit ihrer Kundschaft in Verbindung zu bleiben und gleichzeitig neue Interessierte aus der Umgebung zu erreichen&#8230;.\n                    <\/p>\n<p>Anzeige<\/p>\n<p>                                    <a href=\"https:\/\/www.meinbezirk.at\/voitsberg\/c-ungelistet\/wie-eine-kleine-wissenschaft_a8869226?ref=curate\" class=\"stop-click-event-propagation\" rel=\"nofollow noopener\" target=\"_blank\"><\/p>\n<p>                                                                            <img class=\"imagecontainer\" decoding=\"auto\" data-aspect-ratio=\"0.666796875\" src=\"https:\/\/www.europesays.com\/at\/wp-content\/uploads\/2026\/09\/1788528856_268_52310759_L.webp\"\/><\/p>\n<p>                                    <\/a><\/p>\n<p>                                6<\/p>\n<p>                <a href=\"https:\/\/www.meinbezirk.at\/voitsberg\/c-ungelistet\/wie-eine-kleine-wissenschaft_a8869226?ref=curate\" class=\"stop-click-event-propagation\" wp_automatic_readability=\"2\" rel=\"nofollow noopener\" target=\"_blank\"><\/p>\n<p>\n                            Handwerk in der Region Graz\n                        <\/p>\n<p>                                        Wie eine kleine Wissenschaft<br \/>\n                <\/a><\/p>\n<p class=\"line-clamp\" style=\"--line-clamp: 4\">\n                        Klaus Messner lebt und atmet Mountainbike. Als &#8222;Trittmeister&#8220; bricht er eine Lanze f\u00fcr seinen Beruf und betrieb in Premst\u00e4tten ein Gesch\u00e4ft inklusive Werkst\u00e4tte. Anfang Dezember findet eine \u00dcbergabe statt, weil Messner in den Ruhestand wechselt. GRAZ. Wer im Jahr 2014 das Gesch\u00e4ftslokal von Klaus Messner gesehen hat und es zw\u00f6lf Jahre sp\u00e4ter vergleicht, kommt aus dem Staunen nicht mehr heraus. &#8222;Ja, das Warenangebot war damals sehr sp\u00e4rlich&#8220;, blickt Messner l\u00e4chelnd zur\u00fcck. &#8222;Aber durch eine&#8230;\n                    <\/p>\n<p>Anzeige<\/p>\n<p>                                    <a href=\"https:\/\/www.meinbezirk.at\/graz\/c-lokales\/trachten-abverkauf-bei-rollett-trachten-trifft-aufsteirern_a8873036?ref=curate\" class=\"stop-click-event-propagation\" rel=\"nofollow noopener\" target=\"_blank\"><\/p>\n<p>                                                                            <img class=\"imagecontainer\" decoding=\"auto\" data-aspect-ratio=\"1\" src=\"https:\/\/www.europesays.com\/at\/wp-content\/uploads\/2026\/09\/1788528856_638_52367303_L.webp\"\/><\/p>\n<p>                                    <\/a><\/p>\n<p>                                5<\/p>\n<p>                <a href=\"https:\/\/www.meinbezirk.at\/graz\/c-lokales\/trachten-abverkauf-bei-rollett-trachten-trifft-aufsteirern_a8873036?ref=curate\" class=\"stop-click-event-propagation\" rel=\"nofollow noopener\" target=\"_blank\"><\/p>\n<p>\n                            Minus 50 Prozent\n                        <\/p>\n<p>                                        Trachten-Abverkauf bei Rollett Trachten trifft Aufsteirern<br \/>\n                <\/a><\/p>\n<p class=\"line-clamp\" style=\"--line-clamp: 2\">\n                        Noch bis 19. September gibt es bei Rollett Trachten in der Murgasse minus 50 Prozent auf das gesamte Warensortiment. GRAZ.\u00a0Seit 1841 gibt es Rollett Trachten in Graz. Noch bis einschlie\u00dflich 19. September (Samstag: ausnahmsweise bis 17 Uhr ge\u00f6ffnet) k\u00f6nnen Trachtenliebhaberinnen und Trachtenliebhaber vom Totalabverkauf profitieren und sich f\u00fcrs Aufsteirern noch das passende Outfit holen. Auf das gesamte Warensortiment gibt es minus 50 Prozent Rabatt. Ob Dirndl in knalligen Farben, ein&#8230;\n                    <\/p>\n<p>                                    Stmk<br \/>\n                                                    <a class=\"stop-click-event-propagation\" href=\"https:\/\/www.meinbezirk.at\/graz\" rel=\"nofollow noopener\" target=\"_blank\">Graz<\/a><br \/>\n                                                    PR-Redaktion Salzburg<\/p>\n<p>         <a href=\"https:\/\/jobs.meinbezirk.at\/jobs?geo_location=+%C3%96sterreich&amp;radius=25&amp;lat=47.3017818&amp;lon=15.9358931&amp;country=%C3%96sterreich&amp;administrative_area_level_1=Steiermark&amp;locationType=postal_code&amp;location=\" target=\" target=\" _blank=\"\" rel=\"nofollow noopener\"> <img decoding=\"async\" src=\"https:\/\/media04.meinbezirk.at\/icol\/2024\/06\/10\/8\/36918_NATIVE.jpg?1718015300\"\/><\/a> <\/p>\n<p><\/p>\n<p>        \u00d7<\/p>\n<p>    Video einbetten<\/p>\n<p class=\"help\">Es k\u00f6nnen nur einzelne Videos der jeweiligen Plattformen eingebunden werden, nicht jedoch Playlists, Streams oder \u00dcbersichtsseiten.<\/p>\n<p>        \u00d7<\/p>\n<p>    Code einbetten<\/p>\n<p>        Funktionalit\u00e4t des eingebetteten Codes ohne Gew\u00e4hr. Bitte Einbettungen f\u00fcr Video, Social, Link und Maps mit dem vom System vorgesehenen Einbettungsfuntkionen vornehmen.\n    <\/p>\n<p>                    Du m\u00f6chtest selbst beitragen?<\/p>\n<p>Melde dich jetzt kostenlos an, um selbst mit eigenen Inhalten beizutragen.<\/p>\n<p>            \u00d7<\/p>\n","protected":false},"excerpt":{"rendered":"Motiv unklar 24-J\u00e4hrige in Graz get\u00f6tet, Bruder des Partners unter Tatverdacht 4. September 2026, 14:27\u00a0Uhr Redaktion Verena Kriechbaum&hellip;\n","protected":false},"author":2,"featured_media":375159,"comment_status":"","ping_status":"","sticky":false,"template":"","format":"standard","meta":{"footnotes":"","_share_on_mastodon":"0"},"categories":[6],"tags":[46,42,44,43,45],"class_list":["post-375158","post","type-post","status-publish","format-standard","has-post-thumbnail","category-oesterreich","tag-at","tag-austria","tag-oesterreich","tag-republic-of-austria","tag-republik-oesterreich"],"share_on_mastodon":{"url":"https:\/\/pubeurope.com\/@at\/117213035143359360","error":""},"_links":{"self":[{"href":"https:\/\/www.europesays.com\/at\/wp-json\/wp\/v2\/posts\/375158","targetHints":{"allow":["GET"]}}],"collection":[{"href":"https:\/\/www.europesays.com\/at\/wp-json\/wp\/v2\/posts"}],"about":[{"href":"https:\/\/www.europesays.com\/at\/wp-json\/wp\/v2\/types\/post"}],"author":[{"embeddable":true,"href":"https:\/\/www.europesays.com\/at\/wp-json\/wp\/v2\/users\/2"}],"replies":[{"embeddable":true,"href":"https:\/\/www.europesays.com\/at\/wp-json\/wp\/v2\/comments?post=375158"}],"version-history":[{"count":0,"href":"https:\/\/www.europesays.com\/at\/wp-json\/wp\/v2\/posts\/375158\/revisions"}],"wp:featuredmedia":[{"embeddable":true,"href":"https:\/\/www.europesays.com\/at\/wp-json\/wp\/v2\/media\/375159"}],"wp:attachment":[{"href":"https:\/\/www.europesays.com\/at\/wp-json\/wp\/v2\/media?parent=375158"}],"wp:term":[{"taxonomy":"category","embeddable":true,"href":"https:\/\/www.europesays.com\/at\/wp-json\/wp\/v2\/categories?post=375158"},{"taxonomy":"post_tag","embeddable":true,"href":"https:\/\/www.europesays.com\/at\/wp-json\/wp\/v2\/tags?post=375158"}],"curies":[{"name":"wp","href":"https:\/\/api.w.org\/{rel}","templated":true}]}}