{"id":375170,"date":"2026-09-04T13:41:12","date_gmt":"2026-09-04T13:41:12","guid":{"rendered":"https:\/\/www.europesays.com\/at\/375170\/"},"modified":"2026-09-04T13:41:12","modified_gmt":"2026-09-04T13:41:12","slug":"welser-comedian-ich-trage-zwei-uhren-um-mehr-zeit-zu-haben","status":"publish","type":"post","link":"https:\/\/www.europesays.com\/at\/375170\/","title":{"rendered":"Welser Comedian &#8211; \u201eIch trage zwei Uhren, um mehr Zeit zu haben\u201c"},"content":{"rendered":"<p>Zum Gespr\u00e4ch mit der \u201eKrone\u201c kommt er in bunten Socken, Sandalen, Streifen-Shirt und zwei Plastik-Uhren am Handgelenk. \u201eUm mehr Zeit zu haben\u201c, scherzt Jonas Wiesinger, auch bekannt als Jonas Bonas. Der Welser z\u00e4hlt zu den Senkrechtstartern der \u00f6sterreichischen Comedyszene. Unter anderem gewann er den Grazer Kleinkunstvogel, einen der wichtigsten Preise f\u00fcr Nachwuchs-Kabarettisten im deutschsprachigen Raum. Sein genaues Alter verr\u00e4t er nicht. Auch nicht, was er studiert: \u201eIch bin Anfang 20, werde aber j\u00fcnger oder \u00e4lter gesch\u00e4tzt. Auf der B\u00fchne gebe ich mich kindlich-naiv. Ich studiere irgendwas mit Medien\u201c, sagt der Welser geheimnisvoll.<\/p>\n","protected":false},"excerpt":{"rendered":"Zum Gespr\u00e4ch mit der \u201eKrone\u201c kommt er in bunten Socken, Sandalen, Streifen-Shirt und zwei Plastik-Uhren am Handgelenk. \u201eUm&hellip;\n","protected":false},"author":2,"featured_media":375171,"comment_status":"","ping_status":"","sticky":false,"template":"","format":"standard","meta":{"footnotes":"","_share_on_mastodon":"0"},"categories":[27],"tags":[46,42,175,147,93855,81682,93856,93857,44,856,40262,176,148,182],"class_list":["post-375170","post","type-post","status-publish","format-standard","has-post-thumbnail","category-prominente","tag-at","tag-austria","tag-celebrities","tag-entertainment","tag-generation-spielplatz","tag-genz","tag-jonas-bonas","tag-jonas-wiesinger","tag-oesterreich","tag-oesterreichischen","tag-otto-waalkes","tag-prominente","tag-unterhaltung","tag-wien"],"share_on_mastodon":{"url":"https:\/\/pubeurope.com\/@at\/117213061957528407","error":""},"_links":{"self":[{"href":"https:\/\/www.europesays.com\/at\/wp-json\/wp\/v2\/posts\/375170","targetHints":{"allow":["GET"]}}],"collection":[{"href":"https:\/\/www.europesays.com\/at\/wp-json\/wp\/v2\/posts"}],"about":[{"href":"https:\/\/www.europesays.com\/at\/wp-json\/wp\/v2\/types\/post"}],"author":[{"embeddable":true,"href":"https:\/\/www.europesays.com\/at\/wp-json\/wp\/v2\/users\/2"}],"replies":[{"embeddable":true,"href":"https:\/\/www.europesays.com\/at\/wp-json\/wp\/v2\/comments?post=375170"}],"version-history":[{"count":0,"href":"https:\/\/www.europesays.com\/at\/wp-json\/wp\/v2\/posts\/375170\/revisions"}],"wp:featuredmedia":[{"embeddable":true,"href":"https:\/\/www.europesays.com\/at\/wp-json\/wp\/v2\/media\/375171"}],"wp:attachment":[{"href":"https:\/\/www.europesays.com\/at\/wp-json\/wp\/v2\/media?parent=375170"}],"wp:term":[{"taxonomy":"category","embeddable":true,"href":"https:\/\/www.europesays.com\/at\/wp-json\/wp\/v2\/categories?post=375170"},{"taxonomy":"post_tag","embeddable":true,"href":"https:\/\/www.europesays.com\/at\/wp-json\/wp\/v2\/tags?post=375170"}],"curies":[{"name":"wp","href":"https:\/\/api.w.org\/{rel}","templated":true}]}}