{"id":375176,"date":"2026-09-04T13:45:24","date_gmt":"2026-09-04T13:45:24","guid":{"rendered":"https:\/\/www.europesays.com\/at\/375176\/"},"modified":"2026-09-04T13:45:24","modified_gmt":"2026-09-04T13:45:24","slug":"the-strangers-chapter-1-film-2024","status":"publish","type":"post","link":"https:\/\/www.europesays.com\/at\/375176\/","title":{"rendered":"The Strangers: Chapter 1 &#8211; Film 2024"},"content":{"rendered":"<p class=\"bo-p\">Jeff (Ryan Bown) und Maya (Madelaine Petsch) sind nun schon seit f\u00fcnf Jahren zusammen. Das ist doch Grund genug, gemeinsam eine verl\u00e4ngerte Landpartie zu unternehmen. W\u00e4hrend sie durch das provinzielle Oregon fahren und die nahezu unber\u00fchrte, kaum besiedelte Natur genie\u00dfen, machen sie Halt an einem Gasthof und essen einen Happen \u2013 argw\u00f6hnisch beobachtet von einigen Einheimischen. Nachdem sie fertig sind, springt dummerweise ihr Wagen nicht mehr an. Weil der Mechaniker (Ben Cartwright) der lokalen Werkstatt das zur Reparatur ben\u00f6tigte Ersatzteil nicht vorr\u00e4tig hat, mietet das Paar spontan eine Airbnb-Unterkunft im nahegelegenen Waldst\u00fcck an. Dort eingetroffen, freuen sie sich dar\u00fcber, wie stilvoll die H\u00fctte eingerichtet ist und wie viel Platz sie haben. Jeff und Maya machen es sich bequem, um einen romantischen Abend in trauter Zweisamkeit am Kamin zu verbringen. Doch da klopft es erstaunlich laut und insistierend an der T\u00fcr. Drau\u00dfen steht eine in der Dunkelheit nur schemenhaft zu erkennende junge Frau, die fragt: \u201eIst Tamara hier?\u201c<\/p>\n<p class=\"bo-p\">Der Horror-Film ist ein Standalone-Sequel zu \u201eThe Strangers\u201c und \u201eThe Strangers: Opfernacht\u201c. Er ist au\u00dferdem der erste Teil einer Trilogie, die durch \u201eThe Strangers: Chapter 2\u201c und \u201eThe Strangers: Chapter 3\u201c komplettiert wird.<\/p>\n","protected":false},"excerpt":{"rendered":"Jeff (Ryan Bown) und Maya (Madelaine Petsch) sind nun schon seit f\u00fcnf Jahren zusammen. Das ist doch Grund&hellip;\n","protected":false},"author":2,"featured_media":375177,"comment_status":"","ping_status":"","sticky":false,"template":"","format":"standard","meta":{"footnotes":"","_share_on_mastodon":"0"},"categories":[23],"tags":[46,42,151,147,152,150,44,148],"class_list":["post-375176","post","type-post","status-publish","format-standard","has-post-thumbnail","category-kino","tag-at","tag-austria","tag-cinema","tag-entertainment","tag-kino","tag-movie","tag-oesterreich","tag-unterhaltung"],"share_on_mastodon":{"url":"https:\/\/pubeurope.com\/@at\/117213077601158383","error":""},"_links":{"self":[{"href":"https:\/\/www.europesays.com\/at\/wp-json\/wp\/v2\/posts\/375176","targetHints":{"allow":["GET"]}}],"collection":[{"href":"https:\/\/www.europesays.com\/at\/wp-json\/wp\/v2\/posts"}],"about":[{"href":"https:\/\/www.europesays.com\/at\/wp-json\/wp\/v2\/types\/post"}],"author":[{"embeddable":true,"href":"https:\/\/www.europesays.com\/at\/wp-json\/wp\/v2\/users\/2"}],"replies":[{"embeddable":true,"href":"https:\/\/www.europesays.com\/at\/wp-json\/wp\/v2\/comments?post=375176"}],"version-history":[{"count":0,"href":"https:\/\/www.europesays.com\/at\/wp-json\/wp\/v2\/posts\/375176\/revisions"}],"wp:featuredmedia":[{"embeddable":true,"href":"https:\/\/www.europesays.com\/at\/wp-json\/wp\/v2\/media\/375177"}],"wp:attachment":[{"href":"https:\/\/www.europesays.com\/at\/wp-json\/wp\/v2\/media?parent=375176"}],"wp:term":[{"taxonomy":"category","embeddable":true,"href":"https:\/\/www.europesays.com\/at\/wp-json\/wp\/v2\/categories?post=375176"},{"taxonomy":"post_tag","embeddable":true,"href":"https:\/\/www.europesays.com\/at\/wp-json\/wp\/v2\/tags?post=375176"}],"curies":[{"name":"wp","href":"https:\/\/api.w.org\/{rel}","templated":true}]}}