{"id":375180,"date":"2026-09-04T13:48:10","date_gmt":"2026-09-04T13:48:10","guid":{"rendered":"https:\/\/www.europesays.com\/at\/375180\/"},"modified":"2026-09-04T13:48:10","modified_gmt":"2026-09-04T13:48:10","slug":"uefa-womens-europa-cup-auf-nach-wolfsburg","status":"publish","type":"post","link":"https:\/\/www.europesays.com\/at\/375180\/","title":{"rendered":"UEFA Women&#8217;s Europa Cup \u2013 auf nach Wolfsburg"},"content":{"rendered":"<p>      Hartes Los<\/p>\n<p>Die heutige Auslosung in Nyon ergab f\u00fcr das Team von Trainer Tode Djakovi\u0107 den VfL Wolfsburg als Gegner. Die Deutschen wurden in der abgelaufenen Saison Vizemeister in der Liga und kommen aus aus der UEFA Women&#8217;s Champions League-Qualifikation in die 2. Runde des UEFA Women&#8217;s Europa Cup. Die Spieltermine sind der 23. September in Wolfsburg sowie am 30. September in Graz. <\/p>\n<p>Sportdirektor Frauen Michael Erlitz \u00fcber das Los: &#8222;Mit Wolfsburg haben wir einen absoluten Top-Gegner zugelost bekommen. Nat\u00fcrlich haben alle m\u00f6glichen Gegner ihre Qualit\u00e4ten, aber wie schon im vergangenen Jahr haben wir leider den st\u00e4rksten Gegner aus unserem Topf erwischt. Trotzdem freuen wir uns auf diese Herausforderung. Genau f\u00fcr solche Spiele spielt man Europacup und wir werden alles daran setzen, Wolfsburg vor eine schwierige Aufgabe zu stellen.\u201c<\/p>\n","protected":false},"excerpt":{"rendered":"Hartes Los Die heutige Auslosung in Nyon ergab f\u00fcr das Team von Trainer Tode Djakovi\u0107 den VfL Wolfsburg&hellip;\n","protected":false},"author":2,"featured_media":375181,"comment_status":"","ping_status":"","sticky":false,"template":"","format":"standard","meta":{"footnotes":"","_share_on_mastodon":"0"},"categories":[18],"tags":[46,68329,42,93858,13701,3462,31090,183,93860,93859,80629,44,13880,109,108,5520,214,2945,8486],"class_list":["post-375180","post","type-post","status-publish","format-standard","has-post-thumbnail","category-sport","tag-at","tag-auslosung","tag-austria","tag-ergab","tag-europaeisches","tag-frauen","tag-gegner","tag-graz","tag-heutige","tag-k-o-duell","tag-nyon","tag-oesterreich","tag-qualifikationsrunde","tag-sport","tag-sports","tag-stehen","tag-sturm","tag-ueberstanden","tag-wolfsburg"],"share_on_mastodon":{"url":"https:\/\/pubeurope.com\/@at\/117213089246965090","error":""},"_links":{"self":[{"href":"https:\/\/www.europesays.com\/at\/wp-json\/wp\/v2\/posts\/375180","targetHints":{"allow":["GET"]}}],"collection":[{"href":"https:\/\/www.europesays.com\/at\/wp-json\/wp\/v2\/posts"}],"about":[{"href":"https:\/\/www.europesays.com\/at\/wp-json\/wp\/v2\/types\/post"}],"author":[{"embeddable":true,"href":"https:\/\/www.europesays.com\/at\/wp-json\/wp\/v2\/users\/2"}],"replies":[{"embeddable":true,"href":"https:\/\/www.europesays.com\/at\/wp-json\/wp\/v2\/comments?post=375180"}],"version-history":[{"count":0,"href":"https:\/\/www.europesays.com\/at\/wp-json\/wp\/v2\/posts\/375180\/revisions"}],"wp:featuredmedia":[{"embeddable":true,"href":"https:\/\/www.europesays.com\/at\/wp-json\/wp\/v2\/media\/375181"}],"wp:attachment":[{"href":"https:\/\/www.europesays.com\/at\/wp-json\/wp\/v2\/media?parent=375180"}],"wp:term":[{"taxonomy":"category","embeddable":true,"href":"https:\/\/www.europesays.com\/at\/wp-json\/wp\/v2\/categories?post=375180"},{"taxonomy":"post_tag","embeddable":true,"href":"https:\/\/www.europesays.com\/at\/wp-json\/wp\/v2\/tags?post=375180"}],"curies":[{"name":"wp","href":"https:\/\/api.w.org\/{rel}","templated":true}]}}