{"id":375220,"date":"2026-09-04T14:12:12","date_gmt":"2026-09-04T14:12:12","guid":{"rendered":"https:\/\/www.europesays.com\/at\/375220\/"},"modified":"2026-09-04T14:12:12","modified_gmt":"2026-09-04T14:12:12","slug":"die-flora26-steiermarks-schoenste-blumenorte-und-gaerten-ausgezeichnet-meinbezirk-at","status":"publish","type":"post","link":"https:\/\/www.europesays.com\/at\/375220\/","title":{"rendered":"Die Flora|26: Steiermarks sch\u00f6nste Blumenorte und G\u00e4rten ausgezeichnet &#8211; MeinBezirk.at"},"content":{"rendered":"<p><a href=\"https:\/\/news.google.com\/rss\/articles\/CBMitAFBVV95cUxQX2YzZmJ6cnpDNlFadlFlSzhsR3cxMEFsa3pRRFRkQVkzS3hBc3JsRnY4THJNNUEydHRXcWJQNEFGN0hsQUR6NWdRbVE0ZmxLOXBlekNCXzdrd041MDY0d19BV0xfYWtuWFcxV1MyRUdqU2QzRDEwck1BX3FKZlNEOXAxUkotQ3JaU1hscWkyTWF4Z0NXWEZFSFlBejI4azdFVFlnWF9RSjUxUWkyVWJLTkFuTDQ?oc=5\" target=\"_blank\" rel=\"nofollow noopener\">Die Flora|26: Steiermarks sch\u00f6nste Blumenorte und G\u00e4rten ausgezeichnet<\/a>&nbsp;&nbsp;MeinBezirk.at<a href=\"https:\/\/news.google.com\/rss\/articles\/CBMiowFBVV95cUxPUVJCbjBra3Z2VF8tcW5TRlBIX18tSU9fRDZXNFlxbE1PNmFkWE03Z3JxRHNaRGJ1bkY5aEk5c0NYQkY1Q0FaOTZacTJhb1pfc3ZQdlo4eWpiRGQxVGx1akNhOXMxclhCT2d3ZTIydTMtQWx2eEFEcWYxM19pVFVGaTU3TXBNVmhzbFpHeTJsNjAxZ25fd0dWanMzZmlVZi1pVmw4?oc=5\" target=\"_blank\" rel=\"nofollow noopener\">Wunderbare Blumen und eine K\u00f6nigin: Das war die Flora 2026<\/a>&nbsp;&nbsp;Kleine Zeitung<a href=\"https:\/\/news.google.com\/rss\/articles\/CBMib0FVX3lxTE5FYVF4Ry0zN2hkR3U4LVVfamhoTlluM1hoLTdyRnNfZ081aTlZbkQxRmZJVkdDeGM0STJmRm1ON2V4NnJaQWxUMDZLNkVKSnpGS29HSkphY3l2MnJjNmFVUWpZU045YmRKWTQzNGZBZw?oc=5\" target=\"_blank\" rel=\"nofollow noopener\">67. Landesblumenschmuckbewerb: Die Steiermark bl\u00fcht auf<\/a>&nbsp;&nbsp;Land Steiermark News Portal<a href=\"https:\/\/news.google.com\/rss\/articles\/CBMiowFBVV95cUxNTldRUVZKZUdCaWkyNWlyVk5nUkJyQUFBNE5nYUs2RmF4MTdDdWZSd3d4UGNaQlE5VUpGTVpYajJMamszNGdvMzZzeUtKNjZTQlFaeG80a0VUWF9SUDVXcnBNbzlFZ2VSdEE0a0xKVnZqR3Y3cEQ0cHUyQ1BZZlBmbkEwZTlHalZiZmdhTkpEcENoUDRleGl3RzlJZWh1czUyUDhv?oc=5\" target=\"_blank\" rel=\"nofollow noopener\">Zum f\u00fcnften Mal in Folge: Erneut f\u00fcnf Floras f\u00fcr Mariazell<\/a>&nbsp;&nbsp;azedo.at<\/p>\n","protected":false},"excerpt":{"rendered":"Die Flora|26: Steiermarks sch\u00f6nste Blumenorte und G\u00e4rten ausgezeichnet&nbsp;&nbsp;MeinBezirk.atWunderbare Blumen und eine K\u00f6nigin: Das war die Flora 2026&nbsp;&nbsp;Kleine Zeitung67.&hellip;\n","protected":false},"author":2,"featured_media":375221,"comment_status":"","ping_status":"","sticky":false,"template":"","format":"standard","meta":{"footnotes":"","_share_on_mastodon":"0"},"categories":[6],"tags":[46,42,44,43,45],"class_list":["post-375220","post","type-post","status-publish","format-standard","has-post-thumbnail","category-oesterreich","tag-at","tag-austria","tag-oesterreich","tag-republic-of-austria","tag-republik-oesterreich"],"share_on_mastodon":{"url":"https:\/\/pubeurope.com\/@at\/117213183644324700","error":""},"_links":{"self":[{"href":"https:\/\/www.europesays.com\/at\/wp-json\/wp\/v2\/posts\/375220","targetHints":{"allow":["GET"]}}],"collection":[{"href":"https:\/\/www.europesays.com\/at\/wp-json\/wp\/v2\/posts"}],"about":[{"href":"https:\/\/www.europesays.com\/at\/wp-json\/wp\/v2\/types\/post"}],"author":[{"embeddable":true,"href":"https:\/\/www.europesays.com\/at\/wp-json\/wp\/v2\/users\/2"}],"replies":[{"embeddable":true,"href":"https:\/\/www.europesays.com\/at\/wp-json\/wp\/v2\/comments?post=375220"}],"version-history":[{"count":0,"href":"https:\/\/www.europesays.com\/at\/wp-json\/wp\/v2\/posts\/375220\/revisions"}],"wp:featuredmedia":[{"embeddable":true,"href":"https:\/\/www.europesays.com\/at\/wp-json\/wp\/v2\/media\/375221"}],"wp:attachment":[{"href":"https:\/\/www.europesays.com\/at\/wp-json\/wp\/v2\/media?parent=375220"}],"wp:term":[{"taxonomy":"category","embeddable":true,"href":"https:\/\/www.europesays.com\/at\/wp-json\/wp\/v2\/categories?post=375220"},{"taxonomy":"post_tag","embeddable":true,"href":"https:\/\/www.europesays.com\/at\/wp-json\/wp\/v2\/tags?post=375220"}],"curies":[{"name":"wp","href":"https:\/\/api.w.org\/{rel}","templated":true}]}}