{"id":375228,"date":"2026-09-04T14:17:15","date_gmt":"2026-09-04T14:17:15","guid":{"rendered":"https:\/\/www.europesays.com\/at\/375228\/"},"modified":"2026-09-04T14:17:15","modified_gmt":"2026-09-04T14:17:15","slug":"wolfsburg-trifft-auf-graz-sge-frauen-gegen-hafnarfjoerdur","status":"publish","type":"post","link":"https:\/\/www.europesays.com\/at\/375228\/","title":{"rendered":"Wolfsburg trifft auf Graz, SGE-Frauen gegen Hafnarfj\u00f6rdur"},"content":{"rendered":"<p> <img decoding=\"async\" src=\"https:\/\/www.europesays.com\/at\/wp-content\/uploads\/2026\/09\/e97f37b3bfb8238a2e61b6940a4cf9e2e9010d37.jpg\" alt=\"\"\/> <\/p>\n<p>\t\t\t\t\tDie Fu\u00dfballerinnen des VfL Wolfsburg treffen in der zweiten Qualifikationsrunde f\u00fcr den Europa Cup auf Sturm Graz, Eintracht Frankfurt bekommt es mit dem isl\u00e4ndischen Vertreter FH Hafnarfj\u00f6rdur zu tun. Die Paarungen ergab die Auslosung am Freitag in Nyon.<\/p>\n<p><img decoding=\"async\" src=\"https:\/\/www.europesays.com\/at\/wp-content\/uploads\/2026\/09\/c0d3912b7c738a209e535d61eab238ec33aefd81.jpg\" alt=\"Laura Freigang und Co. spielen um den Europa Cup (Foto: picture-alliance\/SIPA\/picture-alliance\/SIPA\/SID\/PSNEWZ)\"\/><\/p>\n<p>Laura Freigang und Co. spielen um den Europa Cup<\/p>\n<p>Foto: picture-alliance\/SIPA\/picture-alliance\/SIPA\/SID\/PSNEWZ<\/p>\n<p>Gespielt werden die Begegnungen am 23. und 30. September, beide Bundesliga-Klubs haben jeweils im Hinspiel Heimrecht. Die Gewinner stehen im Achtelfinale, der in der Vorsaison eingef\u00fchrte Europa Cup wird in allen Runden inklusive Finale (1.\/2. und 8.\/9. Mai) mit Hin- und R\u00fcckspiel ausgetragen. <\/p>\n<p>Wolfsburg und Frankfurt waren am Mittwochabend in der letzten Quali-Runde f\u00fcr die Champions League gescheitert. Nur der Double-Gewinner FC Bayern vertritt daher in dieser Saison die Bundesliga in Europas Elite-Wettbewerb.<\/p>\n<p class=\"text-secondary\">\u00a9 2026 SID<\/p>\n","protected":false},"excerpt":{"rendered":"Die Fu\u00dfballerinnen des VfL Wolfsburg treffen in der zweiten Qualifikationsrunde f\u00fcr den Europa Cup auf Sturm Graz, Eintracht&hellip;\n","protected":false},"author":2,"featured_media":375229,"comment_status":"","ping_status":"","sticky":false,"template":"","format":"standard","meta":{"footnotes":"","_share_on_mastodon":"0"},"categories":[29],"tags":[46,42,3520,26321,183,44,4246,8486],"class_list":["post-375228","post","type-post","status-publish","format-standard","has-post-thumbnail","category-graz","tag-at","tag-austria","tag-eintracht-frankfurt","tag-europa-cup","tag-graz","tag-oesterreich","tag-sturm-graz","tag-wolfsburg"],"share_on_mastodon":{"url":"https:\/\/pubeurope.com\/@at\/117213203781352434","error":""},"_links":{"self":[{"href":"https:\/\/www.europesays.com\/at\/wp-json\/wp\/v2\/posts\/375228","targetHints":{"allow":["GET"]}}],"collection":[{"href":"https:\/\/www.europesays.com\/at\/wp-json\/wp\/v2\/posts"}],"about":[{"href":"https:\/\/www.europesays.com\/at\/wp-json\/wp\/v2\/types\/post"}],"author":[{"embeddable":true,"href":"https:\/\/www.europesays.com\/at\/wp-json\/wp\/v2\/users\/2"}],"replies":[{"embeddable":true,"href":"https:\/\/www.europesays.com\/at\/wp-json\/wp\/v2\/comments?post=375228"}],"version-history":[{"count":0,"href":"https:\/\/www.europesays.com\/at\/wp-json\/wp\/v2\/posts\/375228\/revisions"}],"wp:featuredmedia":[{"embeddable":true,"href":"https:\/\/www.europesays.com\/at\/wp-json\/wp\/v2\/media\/375229"}],"wp:attachment":[{"href":"https:\/\/www.europesays.com\/at\/wp-json\/wp\/v2\/media?parent=375228"}],"wp:term":[{"taxonomy":"category","embeddable":true,"href":"https:\/\/www.europesays.com\/at\/wp-json\/wp\/v2\/categories?post=375228"},{"taxonomy":"post_tag","embeddable":true,"href":"https:\/\/www.europesays.com\/at\/wp-json\/wp\/v2\/tags?post=375228"}],"curies":[{"name":"wp","href":"https:\/\/api.w.org\/{rel}","templated":true}]}}