{"id":375266,"date":"2026-09-04T14:40:35","date_gmt":"2026-09-04T14:40:35","guid":{"rendered":"https:\/\/www.europesays.com\/at\/375266\/"},"modified":"2026-09-04T14:40:35","modified_gmt":"2026-09-04T14:40:35","slug":"gluecksgefuehle-festival-jenny-elvers-spricht-von-zensur","status":"publish","type":"post","link":"https:\/\/www.europesays.com\/at\/375266\/","title":{"rendered":"Gl\u00fccksgef\u00fchle-Festival: Jenny Elvers spricht von \u201eZENSUR\u201d"},"content":{"rendered":"<p>N\u00e4chster Festival-BoykottNach Alphaville-Eklat! Weitere Stars sagen \u201eGl\u00fccksgef\u00fchle\u201d ab: \u201eZENSUR\u201d<img alt=\"Jenny Elvers im Interview\" fetchpriority=\"high\" width=\"940\" height=\"529\" decoding=\"async\" data-nimg=\"1\" class=\"Image_image__SdgLQ Picture_image__vGN9W\" style=\"color:transparent\"   src=\"https:\/\/www.europesays.com\/at\/wp-content\/uploads\/2026\/09\/koelnnews_311617602_28578.webp\"\/><\/p>\n<p>Jenny Elvers empfindet keine Gl\u00fccksgef\u00fchle mehr (Archivbild)<\/p>\n<p>RTL<\/p>\n<p class=\"AnnotatedMarkup_paragraph__IUT9l\">Der Streit um politische Botschaften beim \u201eGl\u00fccksgef\u00fchle\u201d-Festival HEUTE am Hockenheimring zieht immer weitere Kreise.<br \/>Nach Alphaville wollen nun auch DJ Beauty &amp; the Beats und Jenny Elvers nicht mehr dabei sein. Beide finden deutliche Worte f\u00fcr die Veranstalter.<\/p>\n<p>DJ Beauty &amp; the Beats sagt Gl\u00fccksgef\u00fchle-Festival ab: \u201eMundtot\u201d<\/p>\n<p class=\"AnnotatedMarkup_paragraph__IUT9l\">Der Wirbel um das Gl\u00fccksgef\u00fchle-Festival am Hockenheimring geht weiter. <a href=\"https:\/\/www.rtl.de\/unterhaltung\/stars\/alphaville-sagt-gluecksgefuehle-festival-nach-afd-streit-mit-markus-krampe-endgueltig-ab-id31267567.html\" target=\"_self\" rel=\"nofollow noopener\">Nachdem Alphaville ihren Auftritt abgesagt haben<\/a>, zieht nun auch DJ Beauty &amp; the Beats Konsequenzen: Er will nicht mehr bei dem Festival auftreten.<\/p>\n<p class=\"AnnotatedMarkup_paragraph__IUT9l\">Ausl\u00f6ser ist der Streit dar\u00fcber, ob K\u00fcnstler auf der B\u00fchne politische Botschaften \u00e4u\u00dfern d\u00fcrfen. Veranstalter Markus Krampe hatte Alphaville zuvor gebeten, bei ihrem Auftritt nicht \u00fcber Politik zu sprechen. Hintergrund seien fr\u00fchere \u00c4u\u00dferungen von S\u00e4nger Marian Gold gewesen, die bei Besuchern f\u00fcr Unmut und Beschwerden gesorgt h\u00e4tten. Der 72-J\u00e4hrige \u00e4u\u00dferte sich wiederholt kritisch zur AfD.<\/p>\n<p class=\"AnnotatedMarkup_paragraph__IUT9l\">Beauty &amp; the Beats kritisiert die Festival-Macher ebenfalls scharf: Sich f\u00fcr Demokratie, Vielfalt und Menschenrechte sowie gegen Rechtsextremismus auszusprechen, habe \u201eabsolut nichts mit Politik zu tun, sondern ist einfach ganz normale Zivicourage\u201c, schreibt der DJ bei Instagram. Er spricht von einem Versuch, K\u00fcnstler mundtot zu machen.<\/p>\n<p>So reagiert Markus Krampe auf Festival-Absage<\/p>\n<p class=\"AnnotatedMarkup_paragraph__IUT9l\">Auf einer Pressekonferenz im Rahmen des Gl\u00fccksgef\u00fchle-Festivals wird Veranstalter Markus Krampe auf die Absage von Beauty &amp; the Beats angesprochen. \u201eIch find\u2019s komisch, dass man absagt und dann wieder eine \u00d6ffentlichkeit f\u00fcr sich hat\u201d, erkl\u00e4rt er. Er wolle das an dieser Stelle nicht weiter bewerten, erkl\u00e4rt abschlie\u00dfend: \u201eDas sollen sie machen. Wenn jemand mit 20.000 Followern meint, er kriegt dadurch vielleicht 30.000, dann feel free. Ich kann ja keinen zwingen, hierhin zu kommen. Das ist das gr\u00f6\u00dfte Musikfestival Deutschlands, wer nicht dabei sein will, dann halt nicht.\u201d<\/p>\n<p>Anzeige:<\/p>\n<p>Empfehlungen unserer Partner<\/p>\n<p>Auch Jenny Elvers boykottiert das Festival: \u201eZENSUR\u201d<\/p>\n<p class=\"AnnotatedMarkup_paragraph__IUT9l\">Und damit nicht genug: Auch Jenny Elvers will nach eigenen Angaben nicht mehr zum Gl\u00fccksgef\u00fchle-Festival kommen. Bei Instagram erkl\u00e4rt sie, eigentlich am Freitag als Gast bei der Veranstaltung eingeplant gewesen zu sein.<\/p>\n<p class=\"AnnotatedMarkup_paragraph__IUT9l\">Sie \u00e4u\u00dfere sich zwar nur selten politisch, stehe aber \u201eaus tiefster \u00dcberzeugung f\u00fcr Meinungsfreiheit, Toleranz und Offenheit\u201c. Dass eine Veranstaltung versuche, einer Band vorzuschreiben, was sie auf der B\u00fchne sagen d\u00fcrfe, sei f\u00fcr sie nicht akzeptabel.<\/p>\n<p class=\"AnnotatedMarkup_paragraph__IUT9l\">Elvers spricht sogar von \u201eZENSUR\u201c und stellt sich ausdr\u00fccklich hinter Alphaville. \u201eKUNST WAR NIE UNPOLITISCH \u2013 und Sie wird es auch niemals sein\u201c, schreibt sie in ihrem Statement.<\/p>\n<p>Alphaville lehnt neue Einladung trotzdem ab \u2013 das sagt Beauty &amp; the Beats<\/p>\n<p class=\"AnnotatedMarkup_paragraph__IUT9l\">Der Streit hatte sich urspr\u00fcnglich an Alphaville entz\u00fcndet. Marian Gold hatte sich in der Vergangenheit gegen rechtsradikale Tendenzen sowie f\u00fcr Freiheit, Toleranz und Demokratie ausgesprochen. Weil die Band sich solche Aussagen auf der B\u00fchne nicht untersagen lassen wollte, wurde sie zun\u00e4chst ausgeladen. Sp\u00e4ter ruderten die Veranstalter zur\u00fcck, bezeichneten das Vorgehen als Fehler und luden Alphaville erneut ein. Doch die Band entschied sich trotzdem gegen einen Auftritt beim Gl\u00fccksgef\u00fchle-Festival.<\/p>\n<p class=\"AnnotatedMarkup_paragraph__IUT9l\">Auf RTL-Anfrage begr\u00fc\u00dft Beauty &amp; the Beats, dass sich die Veranstalter des Gl\u00fccksgef\u00fchle-Festivals nach \u00f6ffentlichem Druck reflektiert und entschuldigt h\u00e4tten. Gleichzeitig betont er: \u201eDas \u00e4ndert leider aber nichts daran, dass sich das Festival im ersten Schritt so positioniert und es \u00fcberhaupt f\u00fcr n\u00f6tig gehalten hat, solch eine Zensur auszusprechen.\u201c<\/p>\n<p><img alt=\"Beauty &amp; the Beats h\u00e4lt an Festival-Absage fest. \" fetchpriority=\"auto\" loading=\"lazy\" width=\"940\" height=\"529\" decoding=\"async\" data-nimg=\"1\" class=\"Image_image__SdgLQ Picture_image__vGN9W\" style=\"color:transparent\"   src=\"https:\/\/www.europesays.com\/at\/wp-content\/uploads\/2026\/09\/max-patzig-248.webp\"\/><\/p>\n<p>Beauty &amp; the Beats h\u00e4lt an Festival-Absage fest. <\/p>\n<p>RTL\/ Max Patzig<\/p>\n<p class=\"AnnotatedMarkup_paragraph__IUT9l\">Dabei gehe es aus seiner Sicht nicht um politische Themen, sondern um grundlegende gesellschaftliche Werte, \u201eum den Einsatz f\u00fcr unsere Demokratie, Vielfalt und ein friedliches Zusammenleben\u201c, so Beauty &amp; the Beats.<\/p>\n<p class=\"AnnotatedMarkup_paragraph__IUT9l\">Auch die Absage von Alphaville unterst\u00fctzt er ausdr\u00fccklich: \u201eIch finde es konsequent und richtig von Alphaville, ihren Auftritt nicht zu spielen.\u201c An seiner eigenen Absage h\u00e4lt er ebenfalls fest \u2013 obwohl ihn diese finanziell hart treffe. Da zudem ein weiterer geplanter Festivalauftritt kurzfristig wetterbedingt abgesagt worden sei, spricht er von einem \u201efinanziell extrem verlustreichen Wochenende\u201c.<\/p>\n<p class=\"AnnotatedMarkup_paragraph__IUT9l\">Verwendete Quelle: RTL\/ <a rel=\"noopener noreferrer nofollow\" href=\"https:\/\/www.instagram.com\/p\/Dc3E4gsiCp4\/\" target=\"_blank\">Statement Jenny Elvers<\/a>\/ dpa<\/p>\n<p><script async src=\"\/\/www.instagram.com\/embed.js\"><\/script><\/p>\n","protected":false},"excerpt":{"rendered":"N\u00e4chster Festival-BoykottNach Alphaville-Eklat! Weitere Stars sagen \u201eGl\u00fccksgef\u00fchle\u201d ab: \u201eZENSUR\u201d Jenny Elvers empfindet keine Gl\u00fccksgef\u00fchle mehr (Archivbild) RTL Der&hellip;\n","protected":false},"author":2,"featured_media":375267,"comment_status":"","ping_status":"","sticky":false,"template":"","format":"standard","meta":{"footnotes":"","_share_on_mastodon":"0"},"categories":[25],"tags":[35249,46,42,175,653,147,3097,93879,73709,649,13281,154,44,647,652,651,39,156,155,650,148,648],"class_list":["post-375266","post","type-post","status-publish","format-standard","has-post-thumbnail","category-serien","tag-alphaville","tag-at","tag-austria","tag-celebrities","tag-ems_unterhaltung_stars","tag-entertainment","tag-festival","tag-gluecksgefuehle","tag-jenny-elvers","tag-klatsch-und-tratsch","tag-markus-krampe","tag-musik","tag-oesterreich","tag-promi-news","tag-promi-news-aktuell","tag-promis","tag-schlagzeilen","tag-serien","tag-series","tag-star-news","tag-unterhaltung","tag-vip-news"],"share_on_mastodon":{"url":"https:\/\/pubeurope.com\/@at\/117213294469801375","error":""},"_links":{"self":[{"href":"https:\/\/www.europesays.com\/at\/wp-json\/wp\/v2\/posts\/375266","targetHints":{"allow":["GET"]}}],"collection":[{"href":"https:\/\/www.europesays.com\/at\/wp-json\/wp\/v2\/posts"}],"about":[{"href":"https:\/\/www.europesays.com\/at\/wp-json\/wp\/v2\/types\/post"}],"author":[{"embeddable":true,"href":"https:\/\/www.europesays.com\/at\/wp-json\/wp\/v2\/users\/2"}],"replies":[{"embeddable":true,"href":"https:\/\/www.europesays.com\/at\/wp-json\/wp\/v2\/comments?post=375266"}],"version-history":[{"count":0,"href":"https:\/\/www.europesays.com\/at\/wp-json\/wp\/v2\/posts\/375266\/revisions"}],"wp:featuredmedia":[{"embeddable":true,"href":"https:\/\/www.europesays.com\/at\/wp-json\/wp\/v2\/media\/375267"}],"wp:attachment":[{"href":"https:\/\/www.europesays.com\/at\/wp-json\/wp\/v2\/media?parent=375266"}],"wp:term":[{"taxonomy":"category","embeddable":true,"href":"https:\/\/www.europesays.com\/at\/wp-json\/wp\/v2\/categories?post=375266"},{"taxonomy":"post_tag","embeddable":true,"href":"https:\/\/www.europesays.com\/at\/wp-json\/wp\/v2\/tags?post=375266"}],"curies":[{"name":"wp","href":"https:\/\/api.w.org\/{rel}","templated":true}]}}