{"id":375270,"date":"2026-09-04T14:43:11","date_gmt":"2026-09-04T14:43:11","guid":{"rendered":"https:\/\/www.europesays.com\/at\/375270\/"},"modified":"2026-09-04T14:43:11","modified_gmt":"2026-09-04T14:43:11","slug":"in-memoriam-toto-la-momposina-fr-04-09-2026-1405","status":"publish","type":"post","link":"https:\/\/www.europesays.com\/at\/375270\/","title":{"rendered":"In memoriam Tot\u00f3 la Momposina | FR | 04 09 2026 | 14:05"},"content":{"rendered":"<p class=\"articleDate\"> 4. September 2026, 14:05<\/p>\n<p>Als der kolumbianische Autor Gabriel Garc\u00eda M\u00e1rquez 1982 den Literaturnobelpreis erhielt, geh\u00f6rte Sonia Bazanta Vides zu den kolumbianischen Musikerinnen und Musikern, die in Stockholm bei der Zeremonie auftraten. Zuvor war die S\u00e4ngerin schon als kleines Kind zu einer lokalen, als Jugendliche zu einer regionalen und als Erwachsene schlie\u00dflich zu einer nationalen Gr\u00f6\u00dfe der kolumbianischen Musik geworden und hatte 1969 ihre vor allem aus Familienmitgliedern zusammengestellte Band begr\u00fcndet, deren Besetzung im Laufe der Jahrzehnte zwar wechselte, die aber immer ihren Namen beibehielt: Tot\u00f3 la Momposina y sus Tambores. <\/p>\n<p>1983 nahm sie in Frankreich ihr erstes Soloalbum auf. Das begr\u00fcndete ihre Karriere als internationale Botschafterin der kolumbianischen Musik, speziell der Musikstile und Rhythmen ihrer karibischen Heimatregion im Norden des Landes. Dort liegt im riesigen, lang gestreckten Delta des R\u00edo Magdalena eine der gr\u00f6\u00dften Flussinseln der Welt, wo sie am 1. August 1940 geboren wurde, die Isla de Momp\u00f3s (bzw. Mompox). Die hat ihr den K\u00fcnstlernamen Tot\u00f3 la Momposina eingebracht.<\/p>\n<p>Wie keine andere verstand es Tot\u00f3 la Momposina, die europ\u00e4ischen, afrikanischen und indigenen Grundpfeiler kolumbianischer Musikstile wie Cumbia, Bullerengue, Porro oder Mapal\u00e9 zu vermitteln, dabei zeitgen\u00f6ssisch zu klingen und gleichzeitig zu verdeutlichen, dass sie das Ergebnis eines musikalischen Prozesses sind, der bereits ein halbes Jahrtausend zuvor begonnen hatte.<\/p>\n<p>Am 17. Mai 2026 ist Tot\u00f3 la Momposina gestorben. In Concert erinnert an die gro\u00dfe S\u00e4ngerin mit einem Mitschnitt ihres Konzerts beim WOMAD-Festival 2015 in Charlton Park im s\u00fcdwestenglischen Wiltshire.<\/p>\n<p>Sendereihe<\/p>\n<p>Gestaltung<\/p>\n<p>\u00dcbersicht<\/p>\n<p>  Playlist<\/p>\n<p>Komponist\/Komponistin: Traditional<br \/>Titel: Intro, Garabato<br \/>Ausf\u00fchrende: Tot\u00f3 la Momposina y sus Tambores<br \/>L\u00e4nge: 01:01 min<br \/>Label: EBU<\/p>\n<p>Komponist\/Komponistin: Traditional<br \/>Bearbeiter\/Bearbeiterin: Estefan\u00eda Caicedo<br \/>Bearbeiter\/Bearbeiterin: Tot\u00f3 La Momposina<br \/>Titel: La Verdolaga<br \/>Ausf\u00fchrende: Tot\u00f3 la Momposina y sus Tambores<br \/>L\u00e4nge: 04:04 min<br \/>Label: EBU<\/p>\n<p>Komponist\/Komponistin: Antonio Mar\u00eda Penaloza<br \/>Titel: Adi\u00f3s Fulana<br \/>Ausf\u00fchrende: Tot\u00f3 la Momposina y sus Tambores<br \/>L\u00e4nge: 05:14 min<br \/>Label: EBU<\/p>\n<p>Komponist\/Komponistin: Abel Antonio Villa<br \/>Titel: Manita Uribe<br \/>Ausf\u00fchrende: Tot\u00f3 la Momposina y sus Tambores<br \/>L\u00e4nge: 06:46 min<br \/>Label: EBU<\/p>\n<p>Komponist\/Komponistin: Paulino &#8222;Batata&#8220; Salgada<br \/>Titel: La Sombra Negra, Chi Chi Mani<br \/>Ausf\u00fchrende: Tot\u00f3 la Momposina y sus Tambores<br \/>L\u00e4nge: 09:02 min<br \/>Label: EBU<\/p>\n<p>Komponist\/Komponistin: Tono Fernandez<br \/>Titel: Currura<br \/>Ausf\u00fchrende: Tot\u00f3 la Momposina y sus Tambores<br \/>L\u00e4nge: 12:43 min<br \/>Label: EBU<\/p>\n<p>Komponist\/Komponistin: Jos\u00e9 Barros Palomino<br \/>Titel: El Pescador<br \/>Ausf\u00fchrender\/Ausf\u00fchrende: \u00c2* Tot\u00f3 la Momposina y sus Tambores<br \/>L\u00e4nge: 06:49 min<br \/>Label: EBU<\/p>\n<p>Komponist\/Komponistin: Abeld Antonio Villa<br \/>Titel: El Higuer\u00f3n<br \/>Ausf\u00fchrende: Tot\u00f3 la Momposina y sus Tambores<br \/>L\u00e4nge: 05:37 min<br \/>Label: EBU<\/p>\n<p>Komponist\/Komponistin: Pablo Fl\u00f3rez<br \/>Titel: Tres Clarinetes<br \/>Ausf\u00fchrende: Tot\u00f3 la Momposina y sus Tambores<br \/>L\u00e4nge: 06:24 min<br \/>Label: EBU<\/p>\n<p>Komponist\/Komponistin: Catalino Tejedor<br \/>Titel: Aronde Me Meto Yo?<br \/>Ausf\u00fchrende: Tot\u00f3 la Momposina y sus Tambores<br \/>L\u00e4nge: 08:01 min<br \/>Label: EBU<\/p>\n<p>Komponist\/Komponistin: Francisco &#8222;Pacho&#8220; Bolanos<br \/>Titel: Tambolero<br \/>Ausf\u00fchrende: Tot\u00f3 la Momposina y sus Tambores<br \/>L\u00e4nge: 09:22 min<br \/>Label: EBU<\/p>\n<p>  <a class=\"fadeContent\" href=\"#\">weiteren Inhalt einblenden<\/a><\/p>\n","protected":false},"excerpt":{"rendered":"4. September 2026, 14:05 Als der kolumbianische Autor Gabriel Garc\u00eda M\u00e1rquez 1982 den Literaturnobelpreis erhielt, geh\u00f6rte Sonia Bazanta&hellip;\n","protected":false},"author":2,"featured_media":375271,"comment_status":"","ping_status":"","sticky":false,"template":"","format":"standard","meta":{"footnotes":"","_share_on_mastodon":"0"},"categories":[22],"tags":[46,42,1001,147,124,60,2140,786,161,2139,805,44,1169,148,100],"class_list":["post-375270","post","type-post","status-publish","format-standard","has-post-thumbnail","category-unterhaltung","tag-at","tag-austria","tag-bildung","tag-entertainment","tag-gesundheit","tag-information","tag-kabarett","tag-konzert","tag-kunst","tag-literatur","tag-oper","tag-oesterreich","tag-theater","tag-unterhaltung","tag-wissenschaft"],"share_on_mastodon":{"url":"https:\/\/pubeurope.com\/@at\/117213305604643393","error":""},"_links":{"self":[{"href":"https:\/\/www.europesays.com\/at\/wp-json\/wp\/v2\/posts\/375270","targetHints":{"allow":["GET"]}}],"collection":[{"href":"https:\/\/www.europesays.com\/at\/wp-json\/wp\/v2\/posts"}],"about":[{"href":"https:\/\/www.europesays.com\/at\/wp-json\/wp\/v2\/types\/post"}],"author":[{"embeddable":true,"href":"https:\/\/www.europesays.com\/at\/wp-json\/wp\/v2\/users\/2"}],"replies":[{"embeddable":true,"href":"https:\/\/www.europesays.com\/at\/wp-json\/wp\/v2\/comments?post=375270"}],"version-history":[{"count":0,"href":"https:\/\/www.europesays.com\/at\/wp-json\/wp\/v2\/posts\/375270\/revisions"}],"wp:featuredmedia":[{"embeddable":true,"href":"https:\/\/www.europesays.com\/at\/wp-json\/wp\/v2\/media\/375271"}],"wp:attachment":[{"href":"https:\/\/www.europesays.com\/at\/wp-json\/wp\/v2\/media?parent=375270"}],"wp:term":[{"taxonomy":"category","embeddable":true,"href":"https:\/\/www.europesays.com\/at\/wp-json\/wp\/v2\/categories?post=375270"},{"taxonomy":"post_tag","embeddable":true,"href":"https:\/\/www.europesays.com\/at\/wp-json\/wp\/v2\/tags?post=375270"}],"curies":[{"name":"wp","href":"https:\/\/api.w.org\/{rel}","templated":true}]}}