{"id":375274,"date":"2026-09-04T14:45:07","date_gmt":"2026-09-04T14:45:07","guid":{"rendered":"https:\/\/www.europesays.com\/at\/375274\/"},"modified":"2026-09-04T14:45:07","modified_gmt":"2026-09-04T14:45:07","slug":"zuwachs-in-der-zentrale-herzlich-willkommen-christopher-cvetko","status":"publish","type":"post","link":"https:\/\/www.europesays.com\/at\/375274\/","title":{"rendered":"Zuwachs in der Zentrale: Herzlich Willkommen, Christopher Cvetko!"},"content":{"rendered":"<p>          <a href=\"https:\/\/www.grazerak.at\/aktuelles\" itemprop=\"item\" rel=\"nofollow noopener\" target=\"_blank\">Aktuelles<\/a><\/p>\n<p>                  \/<br \/>\n              <a href=\"http:\/\/www.grazerak.at\/aktuelles#news\" itemprop=\"item\" rel=\"nofollow noopener\" target=\"_blank\">News<\/a><\/p>\n<p>                          \/ Redaktion<br \/>\n                          \/ Freitag 04.09.2026<\/p>\n<p>Der 29-j\u00e4hrige Mittelfeldspieler unterschreibt einen Vertrag f\u00fcr ein Jahr und erg\u00e4nzt unseren Profikader ab sofort.<\/p>\n<p>Mit Christopher Cvetko kommt zus\u00e4tzliche Bundesliga-Erfahrung nach Graz. Der geb\u00fcrtige K\u00e4rntner absolvierte in den vergangenen Jahren bereits \u00fcber 130 Spiele im heimischen Oberhaus und gibt unserem Trainerteam im zentralen Mittelfeld weitere wertvolle Optionen.<\/p>\n<p>Sein fu\u00dfballerisches Handwerk lernte der 29-j\u00e4hrige Linksfu\u00df unter anderem im Nachwuchs des englischen Klubs FC Bolton. Im heimischen Profifu\u00dfball reifte Cvetko anschlie\u00dfend \u00fcber Stationen wie zuletzt Blau-Wei\u00df Linz oder Austria Klagenfurt zum gestandenen Bundesligaspieler heran. Bei den Klagenfurtern z\u00e4hlte er zu den Figuren jenes Teams, das gleich dreimal in Folge den Sprung in die Meistergruppe der besten sechs Teams \u00d6sterreichs schaffte.<\/p>\n<p>Bei unseren Atlethikern ist Christopher in den letzten Tagen bereits angekommen: Er trainierte zuletzt mit dem Team und wird ab sofort fix im Profikader stehen.<\/p>\n<p>Cheftrainer Gerald Scheiblehner \u00fcber den Neuzugang: \u201eMit Christopher Cvetko gewinnen wir einen weiteren sehr guten Spieler f\u00fcr unsere Mannschaft, der viel Erfahrung mitbringt und perfekt zu unserem Spielstil passt. Mit seiner Energie, mit seiner Robustheit wird er einen wichtigen Beitrag f\u00fcr das Erreichen unserer Ziele beisteuern. Vielen Dank an dieser Stelle auch an Andi Lienhart f\u00fcr die sportliche Umsetzung sowie an Ren\u00e9 Ziesler und sein Team f\u00fcr den starken R\u00fcckhalt und die Unterst\u00fctzung, um diesen Transfer zu realisieren. Wir sind jetzt absolut ger\u00fcstet, um eine erfolgreiche Saison zu spielen.\u201c<\/p>\n<p data-pm-slice=\"1 1 [&quot;blockquote&quot;,{&quot;dir&quot;:null,&quot;class&quot;:null,&quot;id&quot;:null,&quot;role&quot;:null,&quot;lang&quot;:null,&quot;dataAttributes&quot;:null,&quot;ariaAttributes&quot;:null,&quot;title&quot;:null}]\">Interims-Sportdirektor Andreas Lienhart zur Entscheidung: \u201eChristopher hat in den vergangenen Jahren konstant in der Bundesliga gespielt und seine Qualit\u00e4ten dort unter Beweis gestellt. Er erg\u00e4nzt mit seiner Erfahrung und Mentalit\u00e4t unser Mittelfeld zus\u00e4tzlich und passt als Typ gut in unsere Mannschaft.\u201c<\/p>\n<p>Auch Christopher Cvetko blickt voller Motivation auf die neue Aufgabe: \u201eDas Vertrauen des Trainers bedeutet mir viel. Ich wei\u00df genau, was von mir verlangt wird, und freue mich darauf, mich beim GAK in den Dienst der Mannschaft zu stellen. Ich m\u00f6chte mich ohne gro\u00dfes Gerede schnell einf\u00fcgen, im Training Gas geben und meinen Beitrag auf dem Platz leisten.\u201c<\/p>\n<p>Lieber Christopher, herzlich willkommen beim GAK \u2013 auf eine erfolgreiche gemeinsame Saison! WE ARE GAK!<\/p>\n","protected":false},"excerpt":{"rendered":"Aktuelles \/ News \/ Redaktion \/ Freitag 04.09.2026 Der 29-j\u00e4hrige Mittelfeldspieler unterschreibt einen Vertrag f\u00fcr ein Jahr und&hellip;\n","protected":false},"author":2,"featured_media":375275,"comment_status":"","ping_status":"","sticky":false,"template":"","format":"standard","meta":{"footnotes":"","_share_on_mastodon":"0"},"categories":[18],"tags":[46,42,115,113,110,112,111,114,44,109,108,116],"class_list":["post-375274","post","type-post","status-publish","format-standard","has-post-thumbnail","category-sport","tag-at","tag-austria","tag-fussball-graz","tag-gac","tag-gak","tag-gak-1902","tag-grazer-ak","tag-grazer-athletiksport-klub","tag-oesterreich","tag-sport","tag-sports","tag-steiermark"],"share_on_mastodon":{"url":"https:\/\/pubeurope.com\/@at\/117213313498723551","error":""},"_links":{"self":[{"href":"https:\/\/www.europesays.com\/at\/wp-json\/wp\/v2\/posts\/375274","targetHints":{"allow":["GET"]}}],"collection":[{"href":"https:\/\/www.europesays.com\/at\/wp-json\/wp\/v2\/posts"}],"about":[{"href":"https:\/\/www.europesays.com\/at\/wp-json\/wp\/v2\/types\/post"}],"author":[{"embeddable":true,"href":"https:\/\/www.europesays.com\/at\/wp-json\/wp\/v2\/users\/2"}],"replies":[{"embeddable":true,"href":"https:\/\/www.europesays.com\/at\/wp-json\/wp\/v2\/comments?post=375274"}],"version-history":[{"count":0,"href":"https:\/\/www.europesays.com\/at\/wp-json\/wp\/v2\/posts\/375274\/revisions"}],"wp:featuredmedia":[{"embeddable":true,"href":"https:\/\/www.europesays.com\/at\/wp-json\/wp\/v2\/media\/375275"}],"wp:attachment":[{"href":"https:\/\/www.europesays.com\/at\/wp-json\/wp\/v2\/media?parent=375274"}],"wp:term":[{"taxonomy":"category","embeddable":true,"href":"https:\/\/www.europesays.com\/at\/wp-json\/wp\/v2\/categories?post=375274"},{"taxonomy":"post_tag","embeddable":true,"href":"https:\/\/www.europesays.com\/at\/wp-json\/wp\/v2\/tags?post=375274"}],"curies":[{"name":"wp","href":"https:\/\/api.w.org\/{rel}","templated":true}]}}