{"id":375284,"date":"2026-09-04T14:50:12","date_gmt":"2026-09-04T14:50:12","guid":{"rendered":"https:\/\/www.europesays.com\/at\/375284\/"},"modified":"2026-09-04T14:50:12","modified_gmt":"2026-09-04T14:50:12","slug":"grosseinsatz-in-margareten-muenzhaendler-mitarbeiter-sperrt-raeuber-ein-wega-fasst-taeter-meinbezirk-at","status":"publish","type":"post","link":"https:\/\/www.europesays.com\/at\/375284\/","title":{"rendered":"Gro\u00dfeinsatz in Margareten: M\u00fcnzh\u00e4ndler-Mitarbeiter sperrt R\u00e4uber ein, WEGA fasst T\u00e4ter &#8211; MeinBezirk.at"},"content":{"rendered":"<p><a href=\"https:\/\/news.google.com\/rss\/articles\/CBMiugFBVV95cUxNTWNlbVpjOVd6aGF2MFIydTBZbWtSRkI0Q2Z4ZC1xR2VIUXZ4RTRpYlJ4cUFLOTZiVDY2aTVqbk5hSkwyb250Wl9TakVsVV93WFRtWURkR1kxaHFZU1M1ZjJTYkJJX2djRksxWUs2U3JySlJBQkU4d0NzbnNNa3JOazIxLVpSaE44MVlLLTRIekU3bUVxQzI2UF9tVkNIT1A0bXpqTXFWMXZjZFBsdUxNZ29UVTFWT2M0aHc?oc=5\" target=\"_blank\" rel=\"nofollow noopener\">Gro\u00dfeinsatz in Margareten: M\u00fcnzh\u00e4ndler-Mitarbeiter sperrt R\u00e4uber ein, WEGA fasst T\u00e4ter<\/a>&nbsp;&nbsp;MeinBezirk.at<a href=\"https:\/\/news.google.com\/rss\/articles\/CBMiTEFVX3lxTFB2eUpmMmVDTlNwZ0c1LTJ4VUtSSGMxVU54UHo0YUlUZFRha2NQZnJZcUhFWnRNeFpfRTRTMU9TSXFjbFdZNzNyZHBKZzg?oc=5\" target=\"_blank\" rel=\"nofollow noopener\">Raub\u00fcberfall: T\u00e4ter in Gesch\u00e4ft eingesperrt<\/a>&nbsp;&nbsp;wien.ORF.at<a href=\"https:\/\/news.google.com\/rss\/articles\/CBMisgFBVV95cUxOWHZyZzZ0aDRrNXZCMnE3WWo0SFVid21yRlctRTV1THNYOWx4NkxMQ1FzVkRUTldaSmw0VHRCellELXprc2VLbDFsVF9mQ1JPX0VzSVJ2X2V3UmZpcHFEbFNaYnc2ZkpYV0RUYURJdE5OTlBZcVpSSHJOU19ycldkaXZ0UjVKSVUwTHhjM1V2cEJpeU9TTTFyOXk5eU9GUk9MTWVGbzIzU2V5Yzg5bEVxNXRn?oc=5\" target=\"_blank\" rel=\"nofollow noopener\">Bewaffneter R\u00e4uber in Wien von Juwelier in Gesch\u00e4ft eingesperrt<\/a>&nbsp;&nbsp;Der Standard<a href=\"https:\/\/news.google.com\/rss\/articles\/CBMiekFVX3lxTE9Nc1FiLThiR2ZaWUVlbUtsanEyMVYxUVhvbHZocnQ4X2RfaXJPcHFxWTFXQTZlQ3BldFkzWHE0OG5xZmN1dmJpWFZoN0Z5V3ZBUHpZY0FVNXJQX05RNldNQko5eGFuUkt5SUNnTTNtb0ZCY19LNlRjZDl3?oc=5\" target=\"_blank\" rel=\"nofollow noopener\">Gro\u00dfeinsatz der Polizei nach Raub in Wien<\/a>&nbsp;&nbsp;VOL.AT<a href=\"https:\/\/news.google.com\/rss\/articles\/CBMijgFBVV95cUxNd0tFcGdqY2xiaWc3YkxuakVUaWF6dHFsN3F3Y1JPc0ZYMzdJd2JkcmczOHd3d1F2SVY4Rmk2WmFkR0R2R2JpNlgtazFyWDM0RWNFS3J6MkRBM2NxbTRRclNMcERDVTVhNG1UTU8wbDF1ZE1TbnJDSzlYZ0FvOThXMVR5dkZSNTFGN1lxUGtB?oc=5\" target=\"_blank\" rel=\"nofollow noopener\">Raub in Gesch\u00e4ft \u2013 Schwerbewaffnete WEGA-Beamte im Gro\u00dfeinsatz in Wien<\/a>&nbsp;&nbsp;Heute<\/p>\n","protected":false},"excerpt":{"rendered":"Gro\u00dfeinsatz in Margareten: M\u00fcnzh\u00e4ndler-Mitarbeiter sperrt R\u00e4uber ein, WEGA fasst T\u00e4ter&nbsp;&nbsp;MeinBezirk.atRaub\u00fcberfall: T\u00e4ter in Gesch\u00e4ft eingesperrt&nbsp;&nbsp;wien.ORF.atBewaffneter R\u00e4uber in Wien von&hellip;\n","protected":false},"author":2,"featured_media":375285,"comment_status":"","ping_status":"","sticky":false,"template":"","format":"standard","meta":{"footnotes":"","_share_on_mastodon":"0"},"categories":[6],"tags":[46,42,44,43,45],"class_list":["post-375284","post","type-post","status-publish","format-standard","has-post-thumbnail","category-oesterreich","tag-at","tag-austria","tag-oesterreich","tag-republic-of-austria","tag-republik-oesterreich"],"share_on_mastodon":{"url":"https:\/\/pubeurope.com\/@at\/117213333348588469","error":""},"_links":{"self":[{"href":"https:\/\/www.europesays.com\/at\/wp-json\/wp\/v2\/posts\/375284","targetHints":{"allow":["GET"]}}],"collection":[{"href":"https:\/\/www.europesays.com\/at\/wp-json\/wp\/v2\/posts"}],"about":[{"href":"https:\/\/www.europesays.com\/at\/wp-json\/wp\/v2\/types\/post"}],"author":[{"embeddable":true,"href":"https:\/\/www.europesays.com\/at\/wp-json\/wp\/v2\/users\/2"}],"replies":[{"embeddable":true,"href":"https:\/\/www.europesays.com\/at\/wp-json\/wp\/v2\/comments?post=375284"}],"version-history":[{"count":0,"href":"https:\/\/www.europesays.com\/at\/wp-json\/wp\/v2\/posts\/375284\/revisions"}],"wp:featuredmedia":[{"embeddable":true,"href":"https:\/\/www.europesays.com\/at\/wp-json\/wp\/v2\/media\/375285"}],"wp:attachment":[{"href":"https:\/\/www.europesays.com\/at\/wp-json\/wp\/v2\/media?parent=375284"}],"wp:term":[{"taxonomy":"category","embeddable":true,"href":"https:\/\/www.europesays.com\/at\/wp-json\/wp\/v2\/categories?post=375284"},{"taxonomy":"post_tag","embeddable":true,"href":"https:\/\/www.europesays.com\/at\/wp-json\/wp\/v2\/tags?post=375284"}],"curies":[{"name":"wp","href":"https:\/\/api.w.org\/{rel}","templated":true}]}}