{"id":375318,"date":"2026-09-04T15:10:20","date_gmt":"2026-09-04T15:10:20","guid":{"rendered":"https:\/\/www.europesays.com\/at\/375318\/"},"modified":"2026-09-04T15:10:20","modified_gmt":"2026-09-04T15:10:20","slug":"thueringen-brombeer-koalition-soll-trotz-bsw-austritten-weitergefuehrt-werden-die-zeit","status":"publish","type":"post","link":"https:\/\/www.europesays.com\/at\/375318\/","title":{"rendered":"Th\u00fcringen: Brombeer-Koalition soll trotz BSW-Austritten weitergef\u00fchrt werden &#8211; DIE ZEIT"},"content":{"rendered":"<p><a href=\"https:\/\/news.google.com\/rss\/articles\/CBMiqwFBVV95cUxQWXJ3LWZDUlRVVXJyX1Z3RXJYdjlvbDlMOTJiUDY4Z3FSR2UwamdKcEFmTG9UdU9VMVFtbS1XeEk3TFVZQW5lWV9wZUlZZk1VelM4d3ZVZkJmWEtob0tIdFZxUmxvRWkzRlowWmYxQmZzRUZ4NVNQdUg2d3VxN0g5d1l0ZHVSZUkxNzh0M1Q5YVZxd2FoYUN6b09rU1MzNzl5bG5ySXlEQWpZRVU?oc=5\" target=\"_blank\" rel=\"nofollow noopener\">Th\u00fcringen: Brombeer-Koalition soll trotz BSW-Austritten weitergef\u00fchrt werden<\/a>&nbsp;&nbsp;DIE ZEIT<a href=\"https:\/\/news.google.com\/rss\/articles\/CBMixwFBVV95cUxOQ0QwVkdoZ3AtYnZsWWFlb2Rnak1xQkNFN1dFMVl2Z0xhQ2xUNUZ6ZkREN0cwWjA1RGlTcGlkTHdHaDhaUlhhMlMzcG9wUHJqa203dUtsS0YzWGQwaUU4Q3ZZbTYwNFo3WnNUcjVWa2hfSWlhTDVVS1hkOHp4QUFCT1dlQl9ZZ1JPQllvYndubnNySzJKY1ZOYnl5N3IwcEhMcDVudXpfWTVpSzVlNFhRM2swa3Z5WjZMSDJPS3d0UG1Yd0lPR0hr?oc=5\" target=\"_blank\" rel=\"nofollow noopener\">Wagenknechts Th\u00fcringer Bastion nimmt Rei\u00dfaus und verl\u00e4sst das BSW<\/a>&nbsp;&nbsp;Der Standard<a href=\"https:\/\/news.google.com\/rss\/articles\/CBMinwFBVV95cUxQTHpGYXd2dTdOdnd4aDZhaDZDbzBXYkJTbjAwLUFwRlRKTU5jb2hzNkpFUkdiWnNNSl94OXhKY1JpRENtZlFGcjcyX2FFSlhpWFM0WUczOU9XREMzT0hzanl2WW5KTDJNU2tudFV2TUl1MHhUcXN1SW4zcTRSRl9IMlpBWTBSTEd2TmRLT0hIdlFMcEw3WDhHS1kzQ2pkdFU?oc=5\" target=\"_blank\" rel=\"nofollow noopener\">Wagenknechts BSW kollabiert: Die sch\u00f6nste Form der Niedertracht<\/a>&nbsp;&nbsp;n-tv.de<a href=\"https:\/\/news.google.com\/rss\/articles\/CBMitwFBVV95cUxQc1pLanJaZnhFejdPQ2labGpFRmNUNV9kU2I4RGsxSlZCNUg1R3EwOTdoekxPdUw2V2piSFRfNFR1NjB3Q1NFajczZ1ZmenlyT251cThpdnFVVDFoNERabE9HWWlUNm5pcnRuZ3dNaGhQSnBpUEw5eHlXYlpYTzhSQXg4Q2hrcUVCb0NUc3JQSkVJUFlyWm5IUTdGSmNKMXVIS1hsbUNoRHlGQng0aUIwbGpKemZ5Q0E?oc=5\" target=\"_blank\" rel=\"nofollow noopener\">BSW in Th\u00fcringen: Zehn weitere Abgeordnete treten aus<\/a>&nbsp;&nbsp;FAZ<a href=\"https:\/\/news.google.com\/rss\/articles\/CBMi6AFBVV95cUxPLW1kamtuci1FMjg1ZE5HdEduZU9oeXhOMVVHVDlKTVVRZGRVdFlyZDRYVmpWMkVyS3NBTDZyWGVBcExHRjVIN3l1Tm1pc3VJbjhfM05ZZlA2WXczZzh5cE4xQ19FMG9UclI5Wk9SOG1IRTk2Y3hxbWNubndraGRyNlVTU1o3dkpmNXMtRDRabmwtSkwycEpVNUw1Q1Qzd01Hd2ZyUFV3R09tY2NreEdBaXpzS0d4dmw0SnR4V1lXLTBZSjF5UjhJOVBIbF94NFpLUGgyZExNZWhSY0xhdHVGb0xvUGM2aUs5?oc=5\" target=\"_blank\" rel=\"nofollow noopener\">Regierungskrise in Th\u00fcringen &#8211; Linke-Chef: BSW nur noch \u201eZombie-Partei\u201c &#8211; Politik &#8211; SZ.de<\/a>&nbsp;&nbsp;SZ.de<\/p>\n","protected":false},"excerpt":{"rendered":"Th\u00fcringen: Brombeer-Koalition soll trotz BSW-Austritten weitergef\u00fchrt werden&nbsp;&nbsp;DIE ZEITWagenknechts Th\u00fcringer Bastion nimmt Rei\u00dfaus und verl\u00e4sst das BSW&nbsp;&nbsp;Der StandardWagenknechts BSW&hellip;\n","protected":false},"author":2,"featured_media":375319,"comment_status":"","ping_status":"","sticky":false,"template":"","format":"standard","meta":{"footnotes":"","_share_on_mastodon":"0"},"categories":[8],"tags":[68795,2840,5761,40,41,269,39,4892,1489,38],"class_list":["post-375318","post","type-post","status-publish","format-standard","has-post-thumbnail","category-nachrichten","tag-buendnis-sahra-wagenknecht","tag-cdu","tag-landtag","tag-nachrichten","tag-news","tag-politik","tag-schlagzeilen","tag-spd","tag-thueringen","tag-top-meldungen"],"share_on_mastodon":{"url":"https:\/\/pubeurope.com\/@at\/117213412135798545","error":""},"_links":{"self":[{"href":"https:\/\/www.europesays.com\/at\/wp-json\/wp\/v2\/posts\/375318","targetHints":{"allow":["GET"]}}],"collection":[{"href":"https:\/\/www.europesays.com\/at\/wp-json\/wp\/v2\/posts"}],"about":[{"href":"https:\/\/www.europesays.com\/at\/wp-json\/wp\/v2\/types\/post"}],"author":[{"embeddable":true,"href":"https:\/\/www.europesays.com\/at\/wp-json\/wp\/v2\/users\/2"}],"replies":[{"embeddable":true,"href":"https:\/\/www.europesays.com\/at\/wp-json\/wp\/v2\/comments?post=375318"}],"version-history":[{"count":0,"href":"https:\/\/www.europesays.com\/at\/wp-json\/wp\/v2\/posts\/375318\/revisions"}],"wp:featuredmedia":[{"embeddable":true,"href":"https:\/\/www.europesays.com\/at\/wp-json\/wp\/v2\/media\/375319"}],"wp:attachment":[{"href":"https:\/\/www.europesays.com\/at\/wp-json\/wp\/v2\/media?parent=375318"}],"wp:term":[{"taxonomy":"category","embeddable":true,"href":"https:\/\/www.europesays.com\/at\/wp-json\/wp\/v2\/categories?post=375318"},{"taxonomy":"post_tag","embeddable":true,"href":"https:\/\/www.europesays.com\/at\/wp-json\/wp\/v2\/tags?post=375318"}],"curies":[{"name":"wp","href":"https:\/\/api.w.org\/{rel}","templated":true}]}}