{"id":375362,"date":"2026-09-04T15:37:46","date_gmt":"2026-09-04T15:37:46","guid":{"rendered":"https:\/\/www.europesays.com\/at\/375362\/"},"modified":"2026-09-04T15:37:46","modified_gmt":"2026-09-04T15:37:46","slug":"awz-stars-verraten-wie-emotional-der-jubilaeums-dreh-war","status":"publish","type":"post","link":"https:\/\/www.europesays.com\/at\/375362\/","title":{"rendered":"AWZ-Stars verraten, wie emotional der Jubil\u00e4ums-Dreh war"},"content":{"rendered":"<p>G\u00e4nsehaut-Stimmung am Serien-Set \u201eWir haben geweint!\u201c AWZ-Stars verraten, wie emotional der Jubil\u00e4ums-Dreh war<\/p>\n<p class=\"AnnotatedMarkup_paragraph__IUT9l\">20 Jahre \u201eAlles was z\u00e4hlt\u201c \u2013 dieses Jubil\u00e4um ging auch an den Stars nicht spurlos vorbei! <br \/>Beim gro\u00dfen Fotoshooting zum runden Geburtstag haben wir den Cast Backstage getroffen. Und dort wird deutlich: Die Dreharbeiten zur gro\u00dfen Jubil\u00e4umswoche waren f\u00fcr die Schauspieler eine echte Gef\u00fchls-Achterbahn. Es wurde gelacht, geschwitzt und sogar geweint. Was diese Achterbahnfahrt der Emotionen bei den Serien-Stars ausgel\u00f6st hat, verraten sie im Video.<\/p>\n<p>Suri Abbassi: \u201eWir haben geweint, wir haben geschwitzt!\u201c<\/p>\n<p class=\"AnnotatedMarkup_paragraph__IUT9l\">Eigentlich steht beim gro\u00dfen AWZ-Fotoshooting Feiern auf dem Programm. Die Stars werfen sich in Schale, posieren gemeinsam vor der Kamera und genie\u00dfen den besonderen Moment. Schlie\u00dflich wird eine Serie nicht alle Tage 20 Jahre alt. Doch als die Schauspieler auf die Dreharbeiten zur Jubil\u00e4umswoche zur\u00fcckblicken, wird es pl\u00f6tzlich emotional.<\/p>\n<p class=\"AnnotatedMarkup_paragraph__IUT9l\"><a href=\"https:\/\/www.rtl.de\/cms\/awz-suri-abbassi-spielt-leyla-oeztuerk-4715498.html\" target=\"_self\" rel=\"nofollow noopener\">Suri Abbassi<\/a> bringt es auf den Punkt: \u201eWir haben geweint, wir haben geschwitzt, wir haben gelacht.\u201c Worte, die zeigen, wie intensiv die Dreharbeiten offenbar nicht nur f\u00fcr ihre Rollen, sondern auch f\u00fcr die Schauspieler selbst waren. Denn f\u00fcr die Jubil\u00e4umsfolgen ging der Cast emotional ans Eingemachte. Liebe, Schmerz, Tod und neues Leben seien w\u00e4hrend der Geschichten so nah zusammenger\u00fcckt wie selten zuvor, erz\u00e4hlt <a href=\"https:\/\/www.rtl.de\/sendungen\/alles-was-zaehlt\/stars\/awz-bianca-hein-spielt-gabriella-perez-id31227034.html\" target=\"_self\" rel=\"nofollow noopener\">Bianca Hein<\/a>.<\/p>\n<p class=\"AnnotatedMarkup_paragraph__IUT9l\">Kein Wunder also, dass vor der Kamera nicht nur gespielt wurde, denn die Geschichten scheinen auch die Schauspieler selbst ordentlich mitgenommen zu haben.<\/p>\n<p><img alt=\"Alles was z\u00e4hlt\" fetchpriority=\"auto\" loading=\"lazy\" width=\"615\" height=\"346\" decoding=\"async\" data-nimg=\"1\" class=\"Image_image__SdgLQ RtlPlusContent_image__Gbn0N\" style=\"color:transparent\"   src=\"https:\/\/www.europesays.com\/at\/wp-content\/uploads\/2026\/09\/1788536266_421_alles-was-zaehlt.webp\"\/>F\u00fcr Tatjana Clasing ist AWZ \u201eFamilie\u201d! <\/p>\n<p class=\"AnnotatedMarkup_paragraph__IUT9l\">Wie sehr die Dreharbeiten im Cast nachgewirkt haben, verr\u00e4t auch <a href=\"https:\/\/www.rtl.de\/sendungen\/alles-was-zaehlt\/awz-vorschau-vom-10-september-2026-bei-rtl-nick-verleugnet-seine-gefuehle-fuer-luca-id31205923.html\" target=\"_self\" rel=\"nofollow noopener\">Raphael Kalkowski<\/a>. \u201eWir waren alle total ergriffen\u201c, erinnert sich der AWZ-Star. Und die Emotionen kommen beim Jubil\u00e4umsshooting gleich noch einmal hoch. W\u00e4hrend die Stars gemeinsam vor der Kamera stehen, wird vielen bewusst, wie lange AWZ schon Teil ihres eigenen Lebens ist. \u201eOh mein Gott, bin ich schon so alt? Ich bin n\u00e4mlich seit 16 Jahren dabei\u201c, hei\u00dft es von <a href=\"https:\/\/www.rtl.de\/cms\/awz-ania-niedieck-spielt-isabelle-reichenbach-273382.html\" target=\"_self\" rel=\"nofollow noopener\">Ania Niedieck<\/a> lachend. Tatjana Clasing beschreibt AWZ sogar mit nur einem Wort: \u201eFamilie.\u201c<\/p>\n<p class=\"AnnotatedMarkup_paragraph__IUT9l\">Auch G\u00e4nsehaut gibt es beim Gedanken an die unglaubliche Zahl: 20 Jahre \u201eAlles was z\u00e4hlt\u201c. Zwei Jahrzehnte voller Geschichten, langer Drehtage und gemeinsamer Erinnerungen. Kein Wunder, dass dieser Geburtstag f\u00fcr den Cast weit mehr ist als nur ein Jubil\u00e4um. Und vielleicht beschreibt genau das die Stimmung hinter den Kulissen am besten: An diesem besonderen Tag wird viel gelacht, aber die eine oder andere Tr\u00e4ne geh\u00f6rt bei 20 Jahren AWZ eben auch dazu.<\/p>\n<p class=\"AnnotatedMarkup_paragraph__IUT9l\">Verwendete Quellen: RTL<\/p>\n","protected":false},"excerpt":{"rendered":"G\u00e4nsehaut-Stimmung am Serien-Set \u201eWir haben geweint!\u201c AWZ-Stars verraten, wie emotional der Jubil\u00e4ums-Dreh war 20 Jahre \u201eAlles was z\u00e4hlt\u201c&hellip;\n","protected":false},"author":2,"featured_media":375363,"comment_status":"","ping_status":"","sticky":false,"template":"","format":"standard","meta":{"footnotes":"","_share_on_mastodon":"0"},"categories":[25],"tags":[90996,2351,2354,69272,46,42,2352,2355,93881,147,44,239,156,155,242,2353,90807,240,148],"class_list":["post-375362","post","type-post","status-publish","format-standard","has-post-thumbnail","category-serien","tag-ah-analytics","tag-alles-was-zaehlt","tag-alles-was-zaehlt-vorschau","tag-ania-niedieck","tag-at","tag-austria","tag-awz","tag-awz-vorschau","tag-bianca-hein","tag-entertainment","tag-oesterreich","tag-serie","tag-serien","tag-series","tag-soap","tag-steinkamp-zentrum","tag-tatjana-clasing","tag-tv","tag-unterhaltung"],"share_on_mastodon":{"url":"https:\/\/pubeurope.com\/@at\/117213518532402164","error":""},"_links":{"self":[{"href":"https:\/\/www.europesays.com\/at\/wp-json\/wp\/v2\/posts\/375362","targetHints":{"allow":["GET"]}}],"collection":[{"href":"https:\/\/www.europesays.com\/at\/wp-json\/wp\/v2\/posts"}],"about":[{"href":"https:\/\/www.europesays.com\/at\/wp-json\/wp\/v2\/types\/post"}],"author":[{"embeddable":true,"href":"https:\/\/www.europesays.com\/at\/wp-json\/wp\/v2\/users\/2"}],"replies":[{"embeddable":true,"href":"https:\/\/www.europesays.com\/at\/wp-json\/wp\/v2\/comments?post=375362"}],"version-history":[{"count":0,"href":"https:\/\/www.europesays.com\/at\/wp-json\/wp\/v2\/posts\/375362\/revisions"}],"wp:featuredmedia":[{"embeddable":true,"href":"https:\/\/www.europesays.com\/at\/wp-json\/wp\/v2\/media\/375363"}],"wp:attachment":[{"href":"https:\/\/www.europesays.com\/at\/wp-json\/wp\/v2\/media?parent=375362"}],"wp:term":[{"taxonomy":"category","embeddable":true,"href":"https:\/\/www.europesays.com\/at\/wp-json\/wp\/v2\/categories?post=375362"},{"taxonomy":"post_tag","embeddable":true,"href":"https:\/\/www.europesays.com\/at\/wp-json\/wp\/v2\/tags?post=375362"}],"curies":[{"name":"wp","href":"https:\/\/api.w.org\/{rel}","templated":true}]}}