{"id":375370,"date":"2026-09-04T15:42:12","date_gmt":"2026-09-04T15:42:12","guid":{"rendered":"https:\/\/www.europesays.com\/at\/375370\/"},"modified":"2026-09-04T15:42:12","modified_gmt":"2026-09-04T15:42:12","slug":"champions-league-austria-muss-gegen-bayern-chelsea-und-mancity-ran","status":"publish","type":"post","link":"https:\/\/www.europesays.com\/at\/375370\/","title":{"rendered":"Champions League: &#8211; Austria muss gegen Bayern, Chelsea und ManCity ran"},"content":{"rendered":"<p>Kenesei: \u201eH\u00e4tte kaum schwerer sein k\u00f6nnen\u201c<br \/>Die Wienerinnen wurden selbst aus dem dritten Topf gezogen und bekamen daraus mit ManCity und Italiens Vizemeister Inter die zwei am Papier schwierigsten Gegner. Im Kampf um den Aufstieg steht die Truppe von Coach Stefan Kenesei damit vor einer Mammutaufgabe. \u201eDie Auslosung h\u00e4tte kaum schwerer sein k\u00f6nnen, einzig das Duell mit Barcelona ist nicht eingetreten, das w\u00e4re noch einmal dar\u00fcber gewesen. Gleichzeitig warten richtig geile Namen und Gegner auf uns, es werden gro\u00dfartige Spiele\u201c, sagte Kenesei. Da schon der Einzug in die Ligaphase ein Austria-Meilenstein ist, ist f\u00fcr sein Team alles, was kommt, ein Bonus.<\/p>\n","protected":false},"excerpt":{"rendered":"Kenesei: \u201eH\u00e4tte kaum schwerer sein k\u00f6nnen\u201cDie Wienerinnen wurden selbst aus dem dritten Topf gezogen und bekamen daraus mit&hellip;\n","protected":false},"author":2,"featured_media":375371,"comment_status":"","ping_status":"","sticky":false,"template":"","format":"standard","meta":{"footnotes":"","_share_on_mastodon":"0"},"categories":[18],"tags":[46,42,2122,30826,4459,1125,6201,5170,3519,8858,20833,6379,6835,13514,7096,3522,38200,37226,93903,14781,22066,81743,80629,44,3529,4807,4801,32615,109,108,3535,93904,182],"class_list":["post-375370","post","type-post","status-publish","format-standard","has-post-thumbnail","category-sport","tag-at","tag-austria","tag-austria-wien","tag-barbara-dunst","tag-barcelona","tag-bayern","tag-bayern-muenchen","tag-benfica","tag-carina-wenninger","tag-chelsea","tag-deutscher","tag-england","tag-englischen","tag-fc-bayern","tag-inter-mailand","tag-jasmin-pal","tag-juventus","tag-katharina-naschenweng","tag-kenesei","tag-manchester-city","tag-mancity","tag-nv-arena","tag-nyon","tag-oesterreich","tag-pal","tag-portugal","tag-portugiesische","tag-sarah-zadrazil","tag-sport","tag-sports","tag-stefan-kenesei","tag-wenninger","tag-wien"],"share_on_mastodon":{"url":"https:\/\/pubeurope.com\/@at\/117213537834015725","error":""},"_links":{"self":[{"href":"https:\/\/www.europesays.com\/at\/wp-json\/wp\/v2\/posts\/375370","targetHints":{"allow":["GET"]}}],"collection":[{"href":"https:\/\/www.europesays.com\/at\/wp-json\/wp\/v2\/posts"}],"about":[{"href":"https:\/\/www.europesays.com\/at\/wp-json\/wp\/v2\/types\/post"}],"author":[{"embeddable":true,"href":"https:\/\/www.europesays.com\/at\/wp-json\/wp\/v2\/users\/2"}],"replies":[{"embeddable":true,"href":"https:\/\/www.europesays.com\/at\/wp-json\/wp\/v2\/comments?post=375370"}],"version-history":[{"count":0,"href":"https:\/\/www.europesays.com\/at\/wp-json\/wp\/v2\/posts\/375370\/revisions"}],"wp:featuredmedia":[{"embeddable":true,"href":"https:\/\/www.europesays.com\/at\/wp-json\/wp\/v2\/media\/375371"}],"wp:attachment":[{"href":"https:\/\/www.europesays.com\/at\/wp-json\/wp\/v2\/media?parent=375370"}],"wp:term":[{"taxonomy":"category","embeddable":true,"href":"https:\/\/www.europesays.com\/at\/wp-json\/wp\/v2\/categories?post=375370"},{"taxonomy":"post_tag","embeddable":true,"href":"https:\/\/www.europesays.com\/at\/wp-json\/wp\/v2\/tags?post=375370"}],"curies":[{"name":"wp","href":"https:\/\/api.w.org\/{rel}","templated":true}]}}