{"id":375396,"date":"2026-09-04T15:56:34","date_gmt":"2026-09-04T15:56:34","guid":{"rendered":"https:\/\/www.europesays.com\/at\/375396\/"},"modified":"2026-09-04T15:56:34","modified_gmt":"2026-09-04T15:56:34","slug":"blutbad-am-times-square-erin-32-wird-an-ihrem-ersten-arbeitstag-nach-der-babypause-in-new-york-erstochen","status":"publish","type":"post","link":"https:\/\/www.europesays.com\/at\/375396\/","title":{"rendered":"Blutbad am Times Square! Erin (32) wird an ihrem ersten Arbeitstag nach der Babypause in New York erstochen"},"content":{"rendered":"<p>Tochter Madison ist erst f\u00fcnf Monate alt Erin (32) wird an ihrem ersten Arbeitstag nach der Babypause am Times Square erstochen<img alt=\"Erin Piacenti, mit Baby Madison und Ehemann Frank \" fetchpriority=\"high\" width=\"940\" height=\"529\" decoding=\"async\" data-nimg=\"1\" class=\"Image_image__SdgLQ Picture_image__vGN9W\" style=\"color:transparent\"   src=\"https:\/\/www.europesays.com\/at\/wp-content\/uploads\/2026\/09\/neues-projekt-1.webp\"\/><\/p>\n<p>Erin Piacenti und ihr Ehemann Frank waren gerade erst Eltern einer kleinen Tochter geworden. <\/p>\n<p>GoFundMe\/Shray Gupta<\/p>\n<p class=\"AnnotatedMarkup_paragraph__IUT9l\">Dieser Tag sollte f\u00fcr Erin Piacenti ein Neuanfang werden. <br \/>F\u00fcnf Monate nach der Geburt ihrer Tochter Madison kehrt die 32-j\u00e4hrige Managerin der Bank of America in ihren Job zur\u00fcck. Doch auf dem Weg durch Manhattan wird die junge Mutter pl\u00f6tzlich mit einem Messer angegriffen \u2013 wenig sp\u00e4ter ist sie tot.<\/p>\n<p>Erin Piacenti \u00fcberlebt ersten Arbeitstag nach der Babypause nicht <\/p>\n<p class=\"AnnotatedMarkup_paragraph__IUT9l\">F\u00fcnf Monate zuvor geht f\u00fcr Erin Piacenti ihr gr\u00f6\u00dfter Wunsch in Erf\u00fcllung: Sie und ihr Ehemann Frank bekommen ihr erstes Kind. Tochter Madison sei ihr gr\u00f6\u00dftes Gl\u00fcck gewesen, schreibt die Familie sp\u00e4ter in einem Spendenaufruf. Mutter zu werden, sei Erins Lebenstraum gewesen.<\/p>\n<p class=\"AnnotatedMarkup_paragraph__IUT9l\">Am 31. August beginnt f\u00fcr Erin ein neuer Abschnitt. Nach f\u00fcnf Monaten zu Hause macht sich die 32-J\u00e4hrige erstmals wieder auf den Weg zur Arbeit bei der Bank of America. Sie ahnt nicht, dass sie an diesem Tag nicht mehr zu ihrer Familie zur\u00fcckkehren wird.<\/p>\n<p class=\"AnnotatedMarkup_paragraph__IUT9l\">Lese-Tipp: <a href=\"https:\/\/www.rtl.de\/news\/times-square-killerin-pamela-cisneros-polizei-kannte-sie-schon-id31254202.html\" target=\"_self\" rel=\"nofollow noopener\">Das wissen wir \u00fcber die Times-Square-Killerin<\/a><\/p>\n<p>Am Times Square wird Erin pl\u00f6tzlich mit einem Messer angegriffen<\/p>\n<p class=\"AnnotatedMarkup_paragraph__IUT9l\">Es ist kurz vor 16.30 Uhr, als Erin am Times Square unterwegs ist. Dort befindet sich zu diesem Zeitpunkt auch eine 49-j\u00e4hrige Frau, die laut New Yorker Polizei zwei gro\u00dfe Messer bei sich hat. Dann geht alles erschreckend schnell: Die Frau greift Erin laut Polizei offenbar v\u00f6llig unvermittelt an und sticht ihr in den Bauch. Zwischen den beiden Frauen habe es zuvor keinerlei Verbindung gegeben, berichtet People unter Berufung auf die Ermittler. Die Polizei spricht von einer zuf\u00e4lligen Attacke.<\/p>\n<p class=\"AnnotatedMarkup_paragraph__IUT9l\">Erin wird nach dem Angriff schwer verletzt in ein Krankenhaus gebracht. Doch die \u00c4rzte k\u00f6nnen die 32-J\u00e4hrige nicht mehr retten. Sie stirbt an ihren Verletzungen. Zur\u00fcck bleiben ihr Ehemann Frank und die gemeinsame f\u00fcnf Monate alte Tochter Madison.<\/p>\n<p>Anzeige:<\/p>\n<p>Empfehlungen unserer Partner<\/p>\n<p>Erin war gerade aus dem Urlaub zur\u00fcck <\/p>\n<p class=\"AnnotatedMarkup_paragraph__IUT9l\">Erin hatte Politikwissenschaft an der University of Pennsylvania studiert, wie ihre Familie mitteilt, und sp\u00e4ter ihr Jurastudium an der Fordham University mit Auszeichnung abgeschlossen. Nach mehreren Jahren bei der Kanzlei Davis Polk arbeitete sie zuletzt als Managerin bei der Bank of America. Doch f\u00fcr ihre Angeh\u00f6rigen seien diese beruflichen Erfolge nur ein kleiner Teil dessen gewesen, was Erin ausmachte. Sie erinnern sich vor allem an eine liebevolle Tochter und Schwester, treue Freundin, Partnerin \u2013 und hingebungsvolle Mutter.<\/p>\n<p class=\"AnnotatedMarkup_paragraph__IUT9l\">Lese-Tipp: <a href=\"https:\/\/www.rtl.de\/news\/videos\/new-york-anlasslose-messerattacke-am-times-square-frau-toetet-32-jaehrige-mann-verletzt-6a967d638321fd0f2f0c0d34.html\" target=\"_self\" rel=\"nofollow noopener\">Blutbad am Times Square: Frau verletzt Passanten t\u00f6dlich<\/a><\/p>\n<p class=\"AnnotatedMarkup_paragraph__IUT9l\">Erst in diesem Sommer hatten Erin und Frank ihren zweiten Hochzeitstag gefeiert. Wenige Tage vor ihrem Tod war die Familie au\u00dferdem von einem gemeinsamen Roadtrip zur\u00fcckgekehrt. Laut dem Magazin People waren die beiden erst vor Kurzem von ihrer Wohnung in New York in ein eigenes Haus in Chester im US-Bundesstaat New Jersey gezogen. Dort wollten sie sich mit Madison ein gemeinsames Leben aufbauen.<\/p>\n<p>Familie sammelt f\u00fcr die Zukunft von Erins Tochter Madison<\/p>\n<p class=\"AnnotatedMarkup_paragraph__IUT9l\">Franks Schwager Shray hat in Absprache mit Erins Angeh\u00f6rigen eine GoFundMe-Kampagne ins Leben gerufen. Gesammelt wird f\u00fcr Madison: Das Geld soll direkt an ihren Vater Frank gehen und die kleine Tochter der Get\u00f6teten auf ihrem weiteren Lebensweg unterst\u00fctzen.<\/p>\n<p class=\"AnnotatedMarkup_paragraph__IUT9l\">Umgerechnet mehr als 641.000 Euro sind bereits zusammengekommen. Die Familie schreibt, das M\u00e4dchen solle umgeben von Angeh\u00f6rigen, Freunden, Geschichten und Erinnerungen aufwachsen, durch die es erfahren k\u00f6nne, was f\u00fcr ein Mensch seine Mutter war.<\/p>\n<p><img alt=\"Punkt 12 - Das RTL-Mittagsjournal\" fetchpriority=\"auto\" loading=\"lazy\" width=\"615\" height=\"346\" decoding=\"async\" data-nimg=\"1\" class=\"Image_image__SdgLQ RtlPlusContent_image__Gbn0N\" style=\"color:transparent\"   src=\"https:\/\/www.europesays.com\/at\/wp-content\/uploads\/2026\/09\/punkt-12-das-rtl-mittagsjournal.webp\"\/>Fremde Mutter will sogar Muttermilch f\u00fcr Madison spenden<\/p>\n<p class=\"AnnotatedMarkup_paragraph__IUT9l\">Wie sehr das Schicksal der Familie auch v\u00f6llig fremde Menschen bewegt, zeigt ein Kommentar unter der GoFundMe-Kampagne. Eine Frau namens Krista, die selbst vor vier Monaten ein Kind bekommen hat, bietet an, ihre Muttermilch f\u00fcr Madison zu spenden. Sie k\u00f6nne sich nicht vorstellen, welchen Schmerz Erins Familie gerade durchmache, schreibt die Frau und spricht den Angeh\u00f6rigen ihr Mitgef\u00fchl aus.<\/p>\n<p class=\"AnnotatedMarkup_paragraph__IUT9l\">Verwendete Quellen: <a rel=\"noopener noreferrer nofollow\" href=\"https:\/\/www.gofundme.com\/f\/in-memory-of-erin-piacenti-supporting-madisons-future?cp_src=d\" target=\"_blank\">GoFundMe<\/a>, <a rel=\"noopener noreferrer nofollow\" href=\"https:\/\/people.com\/gofundme-erin-piacenti-times-square-stabbing-victim-12094587\" target=\"_blank\">People<\/a>, AFP <\/p>\n","protected":false},"excerpt":{"rendered":"Tochter Madison ist erst f\u00fcnf Monate alt Erin (32) wird an ihrem ersten Arbeitstag nach der Babypause am&hellip;\n","protected":false},"author":2,"featured_media":375397,"comment_status":"","ping_status":"","sticky":false,"template":"","format":"standard","meta":{"footnotes":"","_share_on_mastodon":"0"},"categories":[25],"tags":[46,42,34300,147,1073,37365,548,44,156,155,23939,9558,148,439],"class_list":["post-375396","post","type-post","status-publish","format-standard","has-post-thumbnail","category-serien","tag-at","tag-austria","tag-elternzeit","tag-entertainment","tag-kriminalitaet","tag-messergewalt","tag-new-york","tag-oesterreich","tag-serien","tag-series","tag-times-square","tag-trauer","tag-unterhaltung","tag-usa"],"share_on_mastodon":{"url":"https:\/\/pubeurope.com\/@at\/117213593470859400","error":""},"_links":{"self":[{"href":"https:\/\/www.europesays.com\/at\/wp-json\/wp\/v2\/posts\/375396","targetHints":{"allow":["GET"]}}],"collection":[{"href":"https:\/\/www.europesays.com\/at\/wp-json\/wp\/v2\/posts"}],"about":[{"href":"https:\/\/www.europesays.com\/at\/wp-json\/wp\/v2\/types\/post"}],"author":[{"embeddable":true,"href":"https:\/\/www.europesays.com\/at\/wp-json\/wp\/v2\/users\/2"}],"replies":[{"embeddable":true,"href":"https:\/\/www.europesays.com\/at\/wp-json\/wp\/v2\/comments?post=375396"}],"version-history":[{"count":0,"href":"https:\/\/www.europesays.com\/at\/wp-json\/wp\/v2\/posts\/375396\/revisions"}],"wp:featuredmedia":[{"embeddable":true,"href":"https:\/\/www.europesays.com\/at\/wp-json\/wp\/v2\/media\/375397"}],"wp:attachment":[{"href":"https:\/\/www.europesays.com\/at\/wp-json\/wp\/v2\/media?parent=375396"}],"wp:term":[{"taxonomy":"category","embeddable":true,"href":"https:\/\/www.europesays.com\/at\/wp-json\/wp\/v2\/categories?post=375396"},{"taxonomy":"post_tag","embeddable":true,"href":"https:\/\/www.europesays.com\/at\/wp-json\/wp\/v2\/tags?post=375396"}],"curies":[{"name":"wp","href":"https:\/\/api.w.org\/{rel}","templated":true}]}}