{"id":375400,"date":"2026-09-04T15:58:11","date_gmt":"2026-09-04T15:58:11","guid":{"rendered":"https:\/\/www.europesays.com\/at\/375400\/"},"modified":"2026-09-04T15:58:11","modified_gmt":"2026-09-04T15:58:11","slug":"streaming-statt-kino-starbesetzter-sci-fi-thriller-the-sphere-feiert-bereits-in-kuerze-deutschlandpremiere-exklusiv-bei-uns-gibts-den-deutschen-trailer-kino-news","status":"publish","type":"post","link":"https:\/\/www.europesays.com\/at\/375400\/","title":{"rendered":"Streaming statt Kino: Starbesetzter Sci-Fi-Thriller &#8222;The Sphere&#8220; feiert bereits in K\u00fcrze Deutschlandpremiere \u2013 exklusiv bei uns gibt&#8217;s den deutschen Trailer &#8211; Kino News"},"content":{"rendered":"<p>Ihr habt noch nie von \u201eThe Sphere\u201c geh\u00f6rt? Vielleicht, weil der Film international als \u201eThe Dresden Sun\u201c bekannt ist. Jetzt kommt der prominent besetzte Science-Fiction-Thriller nach Deutschland. Exklusiv bei uns gibt&#8217;s den deutschen Trailer:<\/p>\n<p class=\"bo-p\">28 Jahre nach \u201e<a href=\"https:\/\/www.filmstarts.de\/kritiken\/16650.html\" class=\"bo-link\" rel=\"nofollow noopener\" target=\"_blank\">Sphere<\/a>\u201c kommt \u201e<a href=\"https:\/\/www.filmstarts.de\/kritiken\/294090.html\" class=\"bo-link\" rel=\"nofollow noopener\" target=\"_blank\">The Sphere<\/a>\u201c \u2013 der im Original zwar \u201eThe Dresden Sun\u201c hei\u00dft und rein gar nichts mit dem Blockbuster mit Dustin Hoffman, Sharon Stone und Samuel L. Jackson zu tun hat. Eine Gemeinsamkeit teilen die beiden Filme aber irgendwie dennoch. Denn auch wenn das Ensemble der Science-Fiction-Neuheit die wirklich gro\u00dfen Hollywood-Superstars vermissen l\u00e4sst, einige bekannte Gesichter erwarten euch dennoch.<\/p>\n<p class=\"bo-p\"><a href=\"https:\/\/www.filmstarts.de\/personen\/7249.html\" class=\"bo-link\" rel=\"nofollow noopener\" target=\"_blank\">Christina Ricci<\/a> d\u00fcrften viele von euch beispielsweise sowohl im Kindesalter (u.a. in \u201eCasper\u201c) als auch als Erwachsene (etwa im Netflix-Hit \u201eWednesday\u201c) gesehen haben. <a href=\"https:\/\/www.filmstarts.de\/personen\/34375.html\" class=\"bo-link\" rel=\"nofollow noopener\" target=\"_blank\">Mena Suvari<\/a> wurde 1999 mit \u201eAmerican Pie\u201c und \u201eAmerican Beauty\u201c weltber\u00fchmt, <a href=\"https:\/\/www.filmstarts.de\/personen\/113545.html\" class=\"bo-link\" rel=\"nofollow noopener\" target=\"_blank\">Steven Ogg<\/a> kennen wir als Simon aus \u201eThe Walking Dead\u201c sowie als Trevor Philips aus dem Videospiel \u201eGTA V\u201c und <a href=\"https:\/\/www.filmstarts.de\/personen\/645440.html\" class=\"bo-link\" rel=\"nofollow noopener\" target=\"_blank\">Samantha Win<\/a> mischte bereits in zahlreichen Superhelden-Blockbustern mit \u2013 von \u201eMan Of Steel\u201c bis \u201eZack Snyder&#8217;s Justice League\u201c. <\/p>\n<p class=\"bo-p\">Dieser Cast l\u00e4sst euch neugierig werden? Dann haben wir gute Nachrichten f\u00fcr euch. Denn rund sieben Monate nach US-Kinostart erscheint \u201eThe Sphere\u201c am 18. September 2026 endlich auch in Deutschland \u2013 und zwar digital im Streaming! Hei\u00dft: Ihr m\u00fcsst euch nur noch zwei Wochen gedulden, bis ihr euch den Streifen endlich auch hierzulande \u2013 via Video-on-Demand bei Amazon Prime Video und Co. \u2013 zu Gem\u00fcte f\u00fchren k\u00f6nnt. Zur Einstimmung pr\u00e4sentieren wir euch heute exklusiv auf FILMSTARTS die Premiere des deutschen Trailers.<\/p>\n<p>Das ist &#8222;The Sphere&#8220; alias &#8222;The Dresden Sun&#8220;<\/p>\n<p class=\"bo-p\">Regisseur <a href=\"https:\/\/www.filmstarts.de\/personen\/600177.html\" class=\"bo-link\" rel=\"nofollow noopener\" target=\"_blank\">Michael Ryan<\/a> bleibt dem Science-Fiction-Sujet sieben Jahre nach seiner letzten Regiearbeit weiterhin treu und entf\u00fchrt sein Publikum mit \u201eThe Sphere\u201c in die nahe Zukunft des Jahres 2037, in der m\u00e4chtige Konzerne um die globale Vorherrschaft k\u00e4mpfen. <\/p>\n<p class=\"bo-p\">In einer Welt, in der sich jeder selbst am n\u00e4chsten ist, stellt sich das S\u00f6ldnerduo Crilenger (Steven Ogg) und Z (Samantha Win) in den Dienste jenes Auftraggebers, der ihnen am meisten bezahlt. Als es jedoch darum geht, bei einer Technologiefirma einzusteigen und ein au\u00dferirdisches Artefakt von schier unendlichem Wert und mindestens genauso gro\u00dfer Macht zu entwenden, geht der Schuss nach hinten los. Die vermeintlich perfekt geplante Mission geht schief \u2013 und pl\u00f6tzlich sieht sich das Zweiergespann einem aussichtslosen David-gegen-Goliath-Duell ausgeliefert. Im Kampf gegen bis auf die Z\u00e4hne bewaffnete Spezialeinheit und die einflussreiche Elite geht es allerdings um nicht weniger als das Geheimnis ewigen Lebens\u2026<\/p>\n<p class=\"bo-p\">Meteor Film ist \u00fcbrigens der Verleiher, der \u201eThe Sphere\u201c nach Deutschland bringt \u2013 und vor einigen Monaten auch schon f\u00fcr die hiesige Premiere von eines Sci-Fi-Streifens sorgte, der ein wenig ins Horrorfach abdriftet. Den Trailer sowie die wichtigsten Infos zu \u201e<a href=\"https:\/\/www.filmstarts.de\/kritiken\/1000004658.html\" class=\"bo-link\" rel=\"nofollow noopener\" target=\"_blank\">Somnium<\/a>\u201c findet ihr hier:<\/p>\n<p>    <a class=\"cms-see-also\" data-title=\"Auch interessant\" href=\"https:\/\/www.filmstarts.de\/nachrichten\/1000192690.html\" rel=\"nofollow noopener\" target=\"_blank\">&#8222;Total Recall&#8220; trifft &#8222;The Substance&#8220;: Im Trailer zum Sci-Fi-Horrorfilm &#8222;Somnium&#8220; verschwimmen Traum und Realit\u00e4t \u2013 exklusiv auf FILMSTARTS<\/a><\/p>\n","protected":false},"excerpt":{"rendered":"Ihr habt noch nie von \u201eThe Sphere\u201c geh\u00f6rt? Vielleicht, weil der Film international als \u201eThe Dresden Sun\u201c bekannt&hellip;\n","protected":false},"author":2,"featured_media":375401,"comment_status":"","ping_status":"","sticky":false,"template":"","format":"standard","meta":{"footnotes":"","_share_on_mastodon":"0"},"categories":[23],"tags":[46,42,151,147,152,150,44,148],"class_list":["post-375400","post","type-post","status-publish","format-standard","has-post-thumbnail","category-kino","tag-at","tag-austria","tag-cinema","tag-entertainment","tag-kino","tag-movie","tag-oesterreich","tag-unterhaltung"],"share_on_mastodon":{"url":"https:\/\/pubeurope.com\/@at\/117213600290195596","error":""},"_links":{"self":[{"href":"https:\/\/www.europesays.com\/at\/wp-json\/wp\/v2\/posts\/375400","targetHints":{"allow":["GET"]}}],"collection":[{"href":"https:\/\/www.europesays.com\/at\/wp-json\/wp\/v2\/posts"}],"about":[{"href":"https:\/\/www.europesays.com\/at\/wp-json\/wp\/v2\/types\/post"}],"author":[{"embeddable":true,"href":"https:\/\/www.europesays.com\/at\/wp-json\/wp\/v2\/users\/2"}],"replies":[{"embeddable":true,"href":"https:\/\/www.europesays.com\/at\/wp-json\/wp\/v2\/comments?post=375400"}],"version-history":[{"count":0,"href":"https:\/\/www.europesays.com\/at\/wp-json\/wp\/v2\/posts\/375400\/revisions"}],"wp:featuredmedia":[{"embeddable":true,"href":"https:\/\/www.europesays.com\/at\/wp-json\/wp\/v2\/media\/375401"}],"wp:attachment":[{"href":"https:\/\/www.europesays.com\/at\/wp-json\/wp\/v2\/media?parent=375400"}],"wp:term":[{"taxonomy":"category","embeddable":true,"href":"https:\/\/www.europesays.com\/at\/wp-json\/wp\/v2\/categories?post=375400"},{"taxonomy":"post_tag","embeddable":true,"href":"https:\/\/www.europesays.com\/at\/wp-json\/wp\/v2\/tags?post=375400"}],"curies":[{"name":"wp","href":"https:\/\/api.w.org\/{rel}","templated":true}]}}