{"id":375430,"date":"2026-09-04T16:15:14","date_gmt":"2026-09-04T16:15:14","guid":{"rendered":"https:\/\/www.europesays.com\/at\/375430\/"},"modified":"2026-09-04T16:15:14","modified_gmt":"2026-09-04T16:15:14","slug":"manuel-und-anika-neuer-ihre-aussergewoehnliche-liebe-in-bildern-kennenlernen-hochzeit-kinder","status":"publish","type":"post","link":"https:\/\/www.europesays.com\/at\/375430\/","title":{"rendered":"Manuel und Anika Neuer: ihre au\u00dfergew\u00f6hnliche Liebe in Bildern \u2013 Kennenlernen, Hochzeit, Kinder"},"content":{"rendered":"<p>Seit mehreren Jahren gehen Manuel Neuer (40) und seine Anika (26) gemeinsam durchs Leben \u2013 meistens fernab des gro\u00dfen Rampenlichts. Doch immer wieder gibt es besondere Momente, die ihre Liebe \u00f6ffentlich sichtbar machen: auf der Fu\u00dfballtrib\u00fcne, beim Handball, auf dem Oktoberfest oder bei ihrer Traumhochzeit in S\u00fcdtirol. Inzwischen sind die beiden verheiratet und Eltern von zwei Kindern. Wir zeigen ihre au\u00dfergew\u00f6hnliche Liebesgeschichte in Bildern.<\/p>\n","protected":false},"excerpt":{"rendered":"Seit mehreren Jahren gehen Manuel Neuer (40) und seine Anika (26) gemeinsam durchs Leben \u2013 meistens fernab des&hellip;\n","protected":false},"author":2,"featured_media":375431,"comment_status":"","ping_status":"","sticky":false,"template":"","format":"standard","meta":{"footnotes":"","_share_on_mastodon":"0"},"categories":[25],"tags":[46,42,175,653,147,649,44,647,652,651,39,156,155,650,148,648],"class_list":["post-375430","post","type-post","status-publish","format-standard","has-post-thumbnail","category-serien","tag-at","tag-austria","tag-celebrities","tag-ems_unterhaltung_stars","tag-entertainment","tag-klatsch-und-tratsch","tag-oesterreich","tag-promi-news","tag-promi-news-aktuell","tag-promis","tag-schlagzeilen","tag-serien","tag-series","tag-star-news","tag-unterhaltung","tag-vip-news"],"share_on_mastodon":{"url":"https:\/\/pubeurope.com\/@at\/117213667372244959","error":""},"_links":{"self":[{"href":"https:\/\/www.europesays.com\/at\/wp-json\/wp\/v2\/posts\/375430","targetHints":{"allow":["GET"]}}],"collection":[{"href":"https:\/\/www.europesays.com\/at\/wp-json\/wp\/v2\/posts"}],"about":[{"href":"https:\/\/www.europesays.com\/at\/wp-json\/wp\/v2\/types\/post"}],"author":[{"embeddable":true,"href":"https:\/\/www.europesays.com\/at\/wp-json\/wp\/v2\/users\/2"}],"replies":[{"embeddable":true,"href":"https:\/\/www.europesays.com\/at\/wp-json\/wp\/v2\/comments?post=375430"}],"version-history":[{"count":0,"href":"https:\/\/www.europesays.com\/at\/wp-json\/wp\/v2\/posts\/375430\/revisions"}],"wp:featuredmedia":[{"embeddable":true,"href":"https:\/\/www.europesays.com\/at\/wp-json\/wp\/v2\/media\/375431"}],"wp:attachment":[{"href":"https:\/\/www.europesays.com\/at\/wp-json\/wp\/v2\/media?parent=375430"}],"wp:term":[{"taxonomy":"category","embeddable":true,"href":"https:\/\/www.europesays.com\/at\/wp-json\/wp\/v2\/categories?post=375430"},{"taxonomy":"post_tag","embeddable":true,"href":"https:\/\/www.europesays.com\/at\/wp-json\/wp\/v2\/tags?post=375430"}],"curies":[{"name":"wp","href":"https:\/\/api.w.org\/{rel}","templated":true}]}}