{"id":375494,"date":"2026-09-04T16:55:08","date_gmt":"2026-09-04T16:55:08","guid":{"rendered":"https:\/\/www.europesays.com\/at\/375494\/"},"modified":"2026-09-04T16:55:08","modified_gmt":"2026-09-04T16:55:08","slug":"von-hier-an-blind-20-jahre-alter-wir-sind-helden-song-klettert-in-die-top-10-der-deutschen-charts","status":"publish","type":"post","link":"https:\/\/www.europesays.com\/at\/375494\/","title":{"rendered":"\u201eVon hier an blind\u201c: 20 Jahre alter \u201eWir sind Helden\u201c-Song klettert in die Top 10 der deutschen Charts"},"content":{"rendered":"<p>\u00dcber zwanzig Jahre nach Erscheinen steigt ein Song von \u201eWir sind Helden\u201c pl\u00f6tzlich in die deutschen Charts ein. Auf sozialen Medien machen bereits Tanzvideos und andere Kurzvideos die Runde.<\/p>\n<p class=\"c-inline-alert__description\">Klicken Sie hier, um sich Artikel von WELT in der Google-Suche bevorzugt anzeigen zu lassen.<\/p>\n<p class=\"is-first-paragraph\" data-external=\"Article.FirstParagraph\">Der Song \u201eVon hier an blind\u201c von der Band \u201eWir sind Helden\u201c erlebt dank Social-Media-Clips ein kaum zu glaubendes Revival. Seit einigen Wochen tauchen auf TikTok und Co. immer mehr Coverversionen, Tanzclips mit dem Lied auf \u2013 warum, wei\u00df niemand so genau. <\/p>\n<p>In den aktuellen offiziellen Deutschen Charts ist das Lied inzwischen in den Top Ten: \u201eDer derzeit viral gehende, 21 Jahre alte Song \u201aVon hier an blind\u2018 von \u201eWir sind Helden\u201c klettert weiter von Rang zw\u00f6lf auf sechs\u201c, hei\u00dft es am Freitag in einer Mitteilung der Chartsermittler von GfK Entertainment in Baden-Baden.<\/p>\n<p>Der Song ist damit mehr als 20 Jahre nach Erscheinen so hoch platziert wie noch nie. Die Chartsgeschichte sieht n\u00e4mlich wie folgt aus: Am 17. Oktober 2005 platzierte sich das Lied erstmals unter den Singles: damals auf Platz 43. Eine Woche sp\u00e4ter stieg das Lied um einen Platz auf Rang 42. Danach ging es bergab: auf Platz 46, dann Platz 53, Platz 58, Platz 66, Platz 70, Platz 75 und Platz 82 (am 9. Dezember 2005).<\/p>\n<p>Dann verschwand der Song fast 21 Jahre lang aus den Single-Charts. Am 21. August 2026 kam das eing\u00e4ngige Lied jetzt auf Platz 59 zur\u00fcck in die Charts, eine Woche sp\u00e4ter st\u00fcrmte es schon auf den zw\u00f6lften Platz. Nun also Platz sechs.<\/p>\n<p>Die Band \u201eWir sind Helden\u201c war in den Nullerjahren sehr erfolgreich mit Hits wie \u201eGekommen um zu bleiben\u201c, \u201eDenkmal\u201c, \u201eGuten Tag\u201c oder \u201eAur\u00e9lie\u201c. Der Wir-sind-Helden-Hit \u201eNur ein Wort\u201c ist instrumental der Titelsong der ZDF-Talkshow \u201eMarkus Lanz\u201c.<\/p>\n<p>Schon bei Platz 59 f\u00fcr den Song \u201eVon hier an blind\u201c hatte sich die ehemalige Frontfrau der Band, Judith Holofernes, ger\u00fchrt gezeigt: \u201eVielen, vielen Dank f\u00fcr die vielen wundersch\u00f6nen Cover-Versionen. Und die T\u00e4nzchen und alles, die Hommagen, es erfreut mich extrem\u201c, sagte sie in einem Beitrag auf TikTok.<\/p>\n<p>Sie erkl\u00e4rte den Song so: \u201eIch hab\u2019 den Text damals geschrieben, als ich sehr jung das Gef\u00fchl hatte, meine k\u00fchnsten Tr\u00e4ume eigentlich schon verwirklicht zu haben und sozusagen auf einer Bergspitze zu stehen und zu denken: \u201aUnd jetzt? Was passiert jetzt?\u2018 Ich wollte \u00fcber dieses Gef\u00fchl schreiben, die Zukunft wirklich \u00fcberhaupt nicht sehen zu k\u00f6nnen und trotzdem reinzuspringen.\u201c Deswegen freue sie sich, dass dieser Song jetzt offensichtlich auch eine neue Generation anspreche. In dem Lied hei\u00dft es unter anderem: \u201eIch wei\u00df nicht weiter, ich wei\u00df nicht, wo wir sind.\u201c<\/p>\n<p>Holofernes, die im November 50 wird, hatte k\u00fcrzlich berichtet, dass sie nicht mehr singen k\u00f6nne. Hintergrund sei vermutlich eine neurologische Stimmst\u00f6rung, die sie 2017 entwickelt habe. Es sei ungekl\u00e4rt, ob diese mit einer Hirnhautentz\u00fcndung zusammenh\u00e4ngt, die sie wahrscheinlich im selben Jahr gehabt habe. Holofernes ist inzwischen vor allem als Autorin t\u00e4tig.<\/p>\n<p>dpa\/lfb<\/p>\n","protected":false},"excerpt":{"rendered":"\u00dcber zwanzig Jahre nach Erscheinen steigt ein Song von \u201eWir sind Helden\u201c pl\u00f6tzlich in die deutschen Charts ein.&hellip;\n","protected":false},"author":2,"featured_media":375495,"comment_status":"","ping_status":"","sticky":false,"template":"","format":"standard","meta":{"footnotes":"","_share_on_mastodon":"0"},"categories":[24],"tags":[46,42,93922,147,153,154,78958,2256,44,13554,210,1650,148,93921],"class_list":["post-375494","post","type-post","status-publish","format-standard","has-post-thumbnail","category-musik","tag-at","tag-austria","tag-charts-ks","tag-entertainment","tag-music","tag-musik","tag-newsos-import-welt","tag-newsteam","tag-oesterreich","tag-social-media-ks","tag-texttospeech","tag-tiktok","tag-unterhaltung","tag-wir-sind-helden"],"share_on_mastodon":{"url":"https:\/\/pubeurope.com\/@at\/117213824744071312","error":""},"_links":{"self":[{"href":"https:\/\/www.europesays.com\/at\/wp-json\/wp\/v2\/posts\/375494","targetHints":{"allow":["GET"]}}],"collection":[{"href":"https:\/\/www.europesays.com\/at\/wp-json\/wp\/v2\/posts"}],"about":[{"href":"https:\/\/www.europesays.com\/at\/wp-json\/wp\/v2\/types\/post"}],"author":[{"embeddable":true,"href":"https:\/\/www.europesays.com\/at\/wp-json\/wp\/v2\/users\/2"}],"replies":[{"embeddable":true,"href":"https:\/\/www.europesays.com\/at\/wp-json\/wp\/v2\/comments?post=375494"}],"version-history":[{"count":0,"href":"https:\/\/www.europesays.com\/at\/wp-json\/wp\/v2\/posts\/375494\/revisions"}],"wp:featuredmedia":[{"embeddable":true,"href":"https:\/\/www.europesays.com\/at\/wp-json\/wp\/v2\/media\/375495"}],"wp:attachment":[{"href":"https:\/\/www.europesays.com\/at\/wp-json\/wp\/v2\/media?parent=375494"}],"wp:term":[{"taxonomy":"category","embeddable":true,"href":"https:\/\/www.europesays.com\/at\/wp-json\/wp\/v2\/categories?post=375494"},{"taxonomy":"post_tag","embeddable":true,"href":"https:\/\/www.europesays.com\/at\/wp-json\/wp\/v2\/tags?post=375494"}],"curies":[{"name":"wp","href":"https:\/\/api.w.org\/{rel}","templated":true}]}}