{"id":375496,"date":"2026-09-04T16:56:15","date_gmt":"2026-09-04T16:56:15","guid":{"rendered":"https:\/\/www.europesays.com\/at\/375496\/"},"modified":"2026-09-04T16:56:15","modified_gmt":"2026-09-04T16:56:15","slug":"von-london-nach-ludwigshafen-warum-fuer-drei-maedchen-das-filmfestival-zum-sommer-gehoert-festival-des-deutschen-films","status":"publish","type":"post","link":"https:\/\/www.europesays.com\/at\/375496\/","title":{"rendered":"Von London nach Ludwigshafen: Warum f\u00fcr drei M\u00e4dchen das Filmfestival zum Sommer geh\u00f6rt &#8211; Festival des Deutschen Films"},"content":{"rendered":"<p class=\"rhp-dpa-teaser\">Blaike, Kaia und Millie leben in London. In den Sommerferien besuchen sie ihre Gro\u00dfeltern \u2013 und dann geh\u00f6rt auch ein gemeinsamer Ausflug zum Ludwigshafener Filmfestival dazu.<\/p>\n<p>Die letzten Tage der 22. Ausgabe des Filmfestivals brechen an. Seit Mitte August laufen mehr als 70 Produktionen in der Zeltstadt: 13 Filme im Wettbewerb um den \u201eFilmkunstpreis\u201c, 50 f\u00fcr den \u201eRheingold Publikumspreis\u201c nominierte Beitr\u00e4ge sowie sechs Kinderfilme, die um den \u201eGoldenen Nils\u201c konkurrieren.<\/p>\n<p class=\"rhp-teaser\">Blaike, Kaia und Millie leben in London. In den Sommerferien besuchen sie ihre Gro\u00dfeltern \u2013 und dann geh\u00f6rt auch ein gemeinsamer Ausflug zum Ludwigshafener Filmfestival dazu.<\/p>\n","protected":false},"excerpt":{"rendered":"Blaike, Kaia und Millie leben in London. In den Sommerferien besuchen sie ihre Gro\u00dfeltern \u2013 und dann geh\u00f6rt&hellip;\n","protected":false},"author":2,"featured_media":375497,"comment_status":"","ping_status":"","sticky":false,"template":"","format":"standard","meta":{"footnotes":"","_share_on_mastodon":"0"},"categories":[23],"tags":[46,42,151,147,3328,93923,152,943,9345,1478,150,44,148,44677],"class_list":["post-375496","post","type-post","status-publish","format-standard","has-post-thumbnail","category-kino","tag-at","tag-austria","tag-cinema","tag-entertainment","tag-filmfestival","tag-filmkunstpreis","tag-kino","tag-london","tag-ludwigshafen","tag-mitte","tag-movie","tag-oesterreich","tag-unterhaltung","tag-web"],"share_on_mastodon":{"url":"https:\/\/pubeurope.com\/@at\/117213828701852298","error":""},"_links":{"self":[{"href":"https:\/\/www.europesays.com\/at\/wp-json\/wp\/v2\/posts\/375496","targetHints":{"allow":["GET"]}}],"collection":[{"href":"https:\/\/www.europesays.com\/at\/wp-json\/wp\/v2\/posts"}],"about":[{"href":"https:\/\/www.europesays.com\/at\/wp-json\/wp\/v2\/types\/post"}],"author":[{"embeddable":true,"href":"https:\/\/www.europesays.com\/at\/wp-json\/wp\/v2\/users\/2"}],"replies":[{"embeddable":true,"href":"https:\/\/www.europesays.com\/at\/wp-json\/wp\/v2\/comments?post=375496"}],"version-history":[{"count":0,"href":"https:\/\/www.europesays.com\/at\/wp-json\/wp\/v2\/posts\/375496\/revisions"}],"wp:featuredmedia":[{"embeddable":true,"href":"https:\/\/www.europesays.com\/at\/wp-json\/wp\/v2\/media\/375497"}],"wp:attachment":[{"href":"https:\/\/www.europesays.com\/at\/wp-json\/wp\/v2\/media?parent=375496"}],"wp:term":[{"taxonomy":"category","embeddable":true,"href":"https:\/\/www.europesays.com\/at\/wp-json\/wp\/v2\/categories?post=375496"},{"taxonomy":"post_tag","embeddable":true,"href":"https:\/\/www.europesays.com\/at\/wp-json\/wp\/v2\/tags?post=375496"}],"curies":[{"name":"wp","href":"https:\/\/api.w.org\/{rel}","templated":true}]}}