{"id":375548,"date":"2026-09-04T17:28:33","date_gmt":"2026-09-04T17:28:33","guid":{"rendered":"https:\/\/www.europesays.com\/at\/375548\/"},"modified":"2026-09-04T17:28:33","modified_gmt":"2026-09-04T17:28:33","slug":"der-gak-ist-wieder-da","status":"publish","type":"post","link":"https:\/\/www.europesays.com\/at\/375548\/","title":{"rendered":"Der GAK ist wieder da!"},"content":{"rendered":"<p>Nach 50 Jahren gibt es ein Comeback des GAK im Eishockey.<\/p>\n<p>Der schnellste Mannschaftssport der Welt hat beim Grazer Stadtklub eine wechselhafte Geschichte hinter sich. Nach mehreren Versuchen der Einf\u00fchrung ab 1907 wird im Dezember 1925 letztlich erstmals eine Eishockey-Sektion gegr\u00fcndet, die zun\u00e4chst bis 1935 besteht. Von 1928 bis 1932 nimmt die Mannschaft an der steirischen Liga teil, danach an der Provinzmeisterschaft 2. Klasse Ost.<\/p>\n<p>Vor allem auf Initiative von Gottfried Hauser wechseln 1953 einige Spieler vom ATUS Eggenberg (sp\u00e4ter: ATSE Graz) zum GAK, die Sektion wird wieder reaktiviert. Bis 1962 bleibt man in der Steirischen Liga und steigt dann als Meister in die 3. Spielklasse auf. 1967 gelingt der Aufstieg in die 2. Liga und letztlich 1970 jener in die Bundesliga, in der man eine Saison bleiben kann. Dort finden auch die bisher einzigen Stadtderbys auf h\u00f6chster Ebene mit dem ATSE statt.<\/p>\n<p>Ein Wiederaufstieg gelingt aber nicht mehr. Nach finanziellen Schwierigkeiten muss die Sektion 1973 wieder in der Landesliga beginnen, als Spielgemeinschaft mit der Grazer Sportvereinigung (GSV), und spielt in der Folge in der drittklassigen Oberliga bzw. Regionalliga. Als 1976 der Fortbestand mit dem Sponsoring eines Pr\u00e4servativherstellers gew\u00e4hrleistet werden k\u00f6nnte, lehnt der Vereinsvorstand dies aus moralischen Gr\u00fcnden ab und die Sektion muss daraufhin ihren Spielbetrieb einstellen. Viele rote Cracks setzen ihre Karriere bei der GSV fort.<\/p>\n<p>50 Jahre nach dieser weitreichenden Entscheidung kehrt der GAK wieder auf das Eis zur\u00fcck. Mit dem Vorstand Rudolf St\u00fcbler (Obmann), Christian Holzer (Kassier) und DI Peter Niedermaier (Schriftf\u00fchrer) sowie dem sportlichen Leiter Gilbert K\u00fchn wird zun\u00e4chst in der Nationalen Hockey Liga (NHL) Graz angetreten, einer der gr\u00f6\u00dften und aktivsten Hobby-Eishockey-Ligen Europas mit 2.500 Spielern. Spielort ist die Eishalle Hart bei Graz, gestartet wird in der spielst\u00e4rksten Gruppe A. Dort stehen sehr viele ehemalige Profis auf dem Eis, auch beim GAK werden namhafte Spieler mit Bundesliga-Erfahrung im Kader sein.<\/p>\n<p>Der Plan ist, dort einmal drei bis vier Jahre zu spielen, um den Verein in Ruhe aufbauen zu k\u00f6nnen und perspektivisch auch eine Nachwuchsarbeit aufzubauen. Danach ist ein Gang in die dritte nationale Liga denkbar, dort w\u00fcrde man auch wieder auf den alten Rivalen ATSE treffen. Mit dem GAK-Stammverein wurde nun ein entsprechender Lizenzvertrag unterzeichnet und der Verein gegr\u00fcndet.<\/p>\n<p>Neben Fu\u00dfball, Tennis, Wasserspringen und Basketball kehrt nun also Eishockey wieder in die rote Vereinsfamilie zur\u00fcck. Daneben wurde 2026 beim GAK-Tennis mit Padel bereits eine weitere, neue Sportart eingef\u00fchrt.<\/p>\n<p>Weitere Updates zum Projekt GAK-Eishockey NEU folgen in den n\u00e4chsten Wochen, auch weitere Internetkan\u00e4le werden eingerichtet:<\/p>\n<p>Homepage: <a target=\"_blank\" rel=\"noopener nofollow\" href=\"https:\/\/www.nhl-graz.com\/news\/der-gak-ist-wieder-da\">nhl-graz.com<\/a><br \/>Facebook: <a target=\"_blank\" rel=\"noopener nofollow\" href=\"https:\/\/www.facebook.com\/gakeishockey\">facebook.com\/gakeishockey<\/a><\/p>\n<p>Ein geschichtlicher \u00dcberblick zum Eishockey beim GAK:<br \/><a href=\"https:\/\/www.grazerak.at\/aktuelles\/der-gak-und-der-wintersport\" rel=\"nofollow noopener\" target=\"_blank\">Gr\u00fcndung und \u00dcberblick<\/a><br \/><a href=\"https:\/\/www.grazerak.at\/aktuelles\/geschichte-eishockey-bundesliga-saison-1970-1971\" rel=\"nofollow noopener\" target=\"_blank\">Bundesliga-Saison 1970\/71<\/a><br \/><a href=\"https:\/\/www.grazerak.at\/aktuelles\/geschichte-gak-eishockey-chronik-eines-niedergangs\" rel=\"nofollow noopener\" target=\"_blank\">Entwicklung bis 1976<\/a><\/p>\n<p>Fotos: \u00a9 GAK-Eishockey\/NHL Graz, Archiv Hansi Schilcher<br \/>Titelfoto: GAK gegen ATUS Eggenberg, dem sp\u00e4teren ATSE Graz, mit Torh\u00fcter G\u00fcnther Schilcher \u00a9 Archiv Hansi Schilcher<br \/>Anrissfoto: Das Logo des neuen GAK-Eishockey \u00a9 GAK-Eishockey\/NHL Graz<\/p>\n","protected":false},"excerpt":{"rendered":"Nach 50 Jahren gibt es ein Comeback des GAK im Eishockey. Der schnellste Mannschaftssport der Welt hat beim&hellip;\n","protected":false},"author":2,"featured_media":375549,"comment_status":"","ping_status":"","sticky":false,"template":"","format":"standard","meta":{"footnotes":"","_share_on_mastodon":"0"},"categories":[29],"tags":[46,42,115,113,110,112,183,111,114,44,116],"class_list":["post-375548","post","type-post","status-publish","format-standard","has-post-thumbnail","category-graz","tag-at","tag-austria","tag-fussball-graz","tag-gac","tag-gak","tag-gak-1902","tag-graz","tag-grazer-ak","tag-grazer-athletiksport-klub","tag-oesterreich","tag-steiermark"],"share_on_mastodon":{"url":"https:\/\/pubeurope.com\/@at\/117213954255407465","error":""},"_links":{"self":[{"href":"https:\/\/www.europesays.com\/at\/wp-json\/wp\/v2\/posts\/375548","targetHints":{"allow":["GET"]}}],"collection":[{"href":"https:\/\/www.europesays.com\/at\/wp-json\/wp\/v2\/posts"}],"about":[{"href":"https:\/\/www.europesays.com\/at\/wp-json\/wp\/v2\/types\/post"}],"author":[{"embeddable":true,"href":"https:\/\/www.europesays.com\/at\/wp-json\/wp\/v2\/users\/2"}],"replies":[{"embeddable":true,"href":"https:\/\/www.europesays.com\/at\/wp-json\/wp\/v2\/comments?post=375548"}],"version-history":[{"count":0,"href":"https:\/\/www.europesays.com\/at\/wp-json\/wp\/v2\/posts\/375548\/revisions"}],"wp:featuredmedia":[{"embeddable":true,"href":"https:\/\/www.europesays.com\/at\/wp-json\/wp\/v2\/media\/375549"}],"wp:attachment":[{"href":"https:\/\/www.europesays.com\/at\/wp-json\/wp\/v2\/media?parent=375548"}],"wp:term":[{"taxonomy":"category","embeddable":true,"href":"https:\/\/www.europesays.com\/at\/wp-json\/wp\/v2\/categories?post=375548"},{"taxonomy":"post_tag","embeddable":true,"href":"https:\/\/www.europesays.com\/at\/wp-json\/wp\/v2\/tags?post=375548"}],"curies":[{"name":"wp","href":"https:\/\/api.w.org\/{rel}","templated":true}]}}