{"id":375552,"date":"2026-09-04T17:30:14","date_gmt":"2026-09-04T17:30:14","guid":{"rendered":"https:\/\/www.europesays.com\/at\/375552\/"},"modified":"2026-09-04T17:30:14","modified_gmt":"2026-09-04T17:30:14","slug":"guy-ritchie-mit-frau-und-sohn-bei-premierenfeier","status":"publish","type":"post","link":"https:\/\/www.europesays.com\/at\/375552\/","title":{"rendered":"Guy Ritchie mit Frau und Sohn bei Premierenfeier"},"content":{"rendered":"<p>\nStars\n<\/p>\n<p>Aktualisiert am 04.09.2026, 18:29 Uhr\n<\/p>\n<p><a href=\"https:\/\/i0.web.de\/image\/358\/42684358,pd=1\/guy-ritchie-ehefrau-jacqui-ainsley-sohn-rocco-prem.jpg\" data-brain-zone=\".42684356.content.lead.1\" data-component-path=\"content.lead.1\" data-component-name=\"article-image\" rel=\"nofollow noopener\" target=\"_blank\"> <\/p>\n<p><img loading=\"lazy\" decoding=\"async\" src=\"https:\/\/www.europesays.com\/at\/wp-content\/uploads\/2026\/09\/1788543014_972_guy-ritchie-ehefrau-jacqui-ainsley-sohn-rocco-prem.jpg\" alt=\"Guy Ritchie mit Ehefrau Jacqui Ainsley und Sohn Rocco bei der Premiere der zweiten &quot;The ...\" width=\"950\" height=\"534\"\/><\/p>\n<p><\/a> <\/p>\n<p>\nGuy Ritchie mit Ehefrau Jacqui Ainsley und Sohn Rocco bei der Premiere der zweiten &#8222;The Gentlemen&#8220;-Staffel in London.<br \/>\n\u00a9\u00a0imago\/Cover-Images\n<\/p>\n<p class=\"content__description\" data-speakable=\"\">Verst\u00e4rkung f\u00fcr Guy Ritchie: Bei der Premiere der zweiten Staffel seiner Serie &#8222;The Gentlemen&#8220; ist der Regisseur von Ehefrau Jacqui Ainsley und seinem Sohn Rocco begleitet worden.<\/p>\n<p data-speakable=\"\">Regisseur <a data-component-name=\"link.semantic\" data-brain-zone=\".42684356.content.textlink_2\" data-component-path=\"content.textlink_2\" href=\"https:\/\/web.de\/magazine\/unterhaltung\/thema\/guy-ritchie\" rel=\"nofollow noopener\" target=\"_blank\">Guy Ritchie<\/a> (57) ist zur Premiere der zweiten Staffel seiner Netflix-Serie &#8222;The Gentlemen&#8220; von seiner Frau Jacqui Ainsley (44) und seinem Sohn Rocco (26) begleitet worden. Die prominente Familie sorgte f\u00fcr viel Blitzlichtgewitter, als sie am Mittwoch auf dem roten Teppich vor der Guildhall Art Gallery in London eintraf.<\/p>\n<p>Glamour\u00f6ser Auftritt von Jacqui Ainsley<\/p>\n<p data-speakable=\"\">Jacqui Ainsley, die mit Guy Ritchie drei gemeinsame Kinder hat, pr\u00e4sentierte bei dem Auftritt ein schwarz-gr\u00fcnes, gemustertes Kleid. Das kurze, hochgeschlossene Outfit kombinierte das Model mit Metallic-Stilettos. Ihre blonden Haare hatte die 44-J\u00e4hrige zu Wellen gestylt. <\/p>\n<p data-speakable=\"\">Guy Ritchies Sohn Rocco, der aus der Ehe des Regisseurs mit Popstar Madonna (68) stammt, entschied sich f\u00fcr einen grauen Anzug, zu dem er ein wei\u00dfes Hemd und eine dunkle Krawatte trug. Sein Vater erschien zu der Premierenfeier mit einer hellbraunen Jacke sowie brauner Hose und hellbraunen Schuhen.<\/p>\n<p>Erste Staffel von &#8222;The Gentlemen&#8220; war ein gro\u00dfer Erfolg<\/p>\n<p data-speakable=\"\">Die neuen Folgen von &#8222;The Gentlemen&#8220; laufen seit dem heutigen 3. September auf <a data-component-name=\"link.semantic\" data-brain-zone=\".42684356.content.textlink_3\" data-component-path=\"content.textlink_3\" href=\"https:\/\/web.de\/magazine\/wirtschaft\/thema\/netflix\" rel=\"nofollow noopener\" target=\"_blank\">Netflix<\/a>. Inspiriert vom gleichnamigen Kult-Gangsterfilm mit Matthew McConaughey (56) von 2019 erwies sich die erste Staffel als gro\u00dfer Erfolg. Etwa 100 Millionen Aufrufe erzielte die erste Staffel nach Angaben des Streamingdienstes zwischen 2024 und 2025. Da war eine Fortsetzung nur folgerichtig.<\/p>\n<p>Empfehlungen der Redaktion<\/p>\n<p data-speakable=\"\">In Season zwei f\u00e4llt alles eine Nummer gr\u00f6\u00dfer aus. Eddie (Theo James, 41), vom Duke zum Gangsterboss mutiert, sowie seine kongeniale Partnerin Susie (Kaya Scodelario, 34) weiten ihr Grasanbau-Imperium geh\u00f6rig aus. Auch in Italien sind jetzt Aristokraten f\u00fcr sie t\u00e4tig. Doch das ruft auch die lokale Mafia auf den Plan &#8211; mit m\u00f6rderischen Folgen.<\/p>\n<p data-speakable=\"\">Eine dritte Staffel von &#8222;The Gentlemen&#8220; hat Netflix bereits best\u00e4tigt. Die Aristokraten-Gangster-Serie wird also weitergehen. Zuletzt sorgten auch Ger\u00fcchte f\u00fcr Aufsehen, dass Herzogin Meghan (45) f\u00fcr die dritte Staffel im Gespr\u00e4ch sein soll. (hub\/spot)\u00a0<br \/>\n\u00a9 spot on news<\/p>\n","protected":false},"excerpt":{"rendered":"Stars Aktualisiert am 04.09.2026, 18:29 Uhr Guy Ritchie mit Ehefrau Jacqui Ainsley und Sohn Rocco bei der Premiere&hellip;\n","protected":false},"author":2,"featured_media":375553,"comment_status":"","ping_status":"","sticky":false,"template":"","format":"standard","meta":{"footnotes":"","_share_on_mastodon":"0"},"categories":[27],"tags":[46,42,175,147,14980,93761,835,44,93762,176,148,60254],"class_list":["post-375552","post","type-post","status-publish","format-standard","has-post-thumbnail","category-prominente","tag-at","tag-austria","tag-celebrities","tag-entertainment","tag-guy-ritchie","tag-jacqui-ainsley","tag-netflix","tag-oesterreich","tag-premierenfeier","tag-prominente","tag-unterhaltung","tag-verstaerkung"],"share_on_mastodon":{"url":"https:\/\/pubeurope.com\/@at\/117213962685586690","error":""},"_links":{"self":[{"href":"https:\/\/www.europesays.com\/at\/wp-json\/wp\/v2\/posts\/375552","targetHints":{"allow":["GET"]}}],"collection":[{"href":"https:\/\/www.europesays.com\/at\/wp-json\/wp\/v2\/posts"}],"about":[{"href":"https:\/\/www.europesays.com\/at\/wp-json\/wp\/v2\/types\/post"}],"author":[{"embeddable":true,"href":"https:\/\/www.europesays.com\/at\/wp-json\/wp\/v2\/users\/2"}],"replies":[{"embeddable":true,"href":"https:\/\/www.europesays.com\/at\/wp-json\/wp\/v2\/comments?post=375552"}],"version-history":[{"count":0,"href":"https:\/\/www.europesays.com\/at\/wp-json\/wp\/v2\/posts\/375552\/revisions"}],"wp:featuredmedia":[{"embeddable":true,"href":"https:\/\/www.europesays.com\/at\/wp-json\/wp\/v2\/media\/375553"}],"wp:attachment":[{"href":"https:\/\/www.europesays.com\/at\/wp-json\/wp\/v2\/media?parent=375552"}],"wp:term":[{"taxonomy":"category","embeddable":true,"href":"https:\/\/www.europesays.com\/at\/wp-json\/wp\/v2\/categories?post=375552"},{"taxonomy":"post_tag","embeddable":true,"href":"https:\/\/www.europesays.com\/at\/wp-json\/wp\/v2\/tags?post=375552"}],"curies":[{"name":"wp","href":"https:\/\/api.w.org\/{rel}","templated":true}]}}