{"id":375588,"date":"2026-09-04T17:56:12","date_gmt":"2026-09-04T17:56:12","guid":{"rendered":"https:\/\/www.europesays.com\/at\/375588\/"},"modified":"2026-09-04T17:56:12","modified_gmt":"2026-09-04T17:56:12","slug":"luxus-look-in-lagune-georgina-rodriguez-laesst-in-venedig-bh-blitzen-kronen-zeitung","status":"publish","type":"post","link":"https:\/\/www.europesays.com\/at\/375588\/","title":{"rendered":"Luxus-Look in Lagune &#8211; Georgina Rodr\u00edguez l\u00e4sst in Venedig BH blitzen &#8211; Kronen Zeitung"},"content":{"rendered":"<p><a href=\"https:\/\/news.google.com\/rss\/articles\/CBMiQkFVX3lxTE9uVjFwM2xtRDI4eGhFZTJOc01hbXEySHlNZGJmXzhPNzBxYmx5SUoyMVMyV2MtcWxKdnhKanZkNmRPdw?oc=5\" target=\"_blank\" rel=\"nofollow noopener\">Luxus-Look in Lagune &#8211; Georgina Rodr\u00edguez l\u00e4sst in Venedig BH blitzen<\/a>&nbsp;&nbsp;Kronen Zeitung<a href=\"https:\/\/news.google.com\/rss\/articles\/CBMi9gFBVV95cUxOTDVvNDZ0NlVIX18yNTkwOHgwajZyajhMZFFDRE5WZWI5ZlZ2ODFFblhWanhPZFVLU3JRTGRmZEp4VUVyRlZGV0lScjVOLTlqS1VTS2lmeDZudldGSnRaRzlyclU2cjNmYlJUUnB6M29xU0VHdDFnaEJXYXhyUS1KZDdpRG5EeTVieG9mQTI1MHlEM3N0RkZwdlRfdlZvYlZCbjhBaXJ2OFY5RDlVZmJsQlNXcDFkWWk1MVVKclhrUTN5ejFuREV1S1YtMHVUTHJkZll4NUNScmU4YWJxc1IzZ2FMTGtFMk45T2xhampzVy1Kd25DdVE?oc=5\" target=\"_blank\" rel=\"nofollow noopener\">Zur Galerie Georgina Rodr\u00edguez in Venedig: Luxus pur beim ersten offiziellen Auftritt nach der Hochzeit<\/a>&nbsp;&nbsp;GALA.de<a href=\"https:\/\/news.google.com\/rss\/articles\/CBMi3AFBVV95cUxQTUtMdUhVTUo2ZGZpY2ExMmhUZE9yTExjOS1xQzhlOE9STUJaQXlvTVdZUkc4Rjl6UVlJT2N5aFZIU2VXNXdxcXd2YnFXa0pMZnNVYW13MktPRFhobWRxN0stT1MyaER6b2tlcFE0Ym95cU80Z3FJcWdwNlZhNkNtOGtfSGMtZHRmZTJPbDZxSmpWamxvYTUwdFpENUY3S0h1S2F3TWxwZFZMZld0NmRtV0I5UUp3SnRGeXY0ekZFOC1jZVhLRFNRSTVSUjhlSUY0NkJOQkl1V3A5dW9h?oc=5\" target=\"_blank\" rel=\"nofollow noopener\">Erster Auftritt als Ehefrau: Georgina Rodr\u00edguez gl\u00e4nzt in Venedig<\/a>&nbsp;&nbsp;BUNTE.de<a href=\"https:\/\/news.google.com\/rss\/articles\/CBMi0AFBVV95cUxOaDZjNnc0X1VTVGpuenFuWERoSUhqVkxBb2RtNDZITDltZzJjUzhSaXdmZHBKQlF0Tl84R1k0eElzbjlnUldYTmFSbkMtam1oUlNaMWNIT3F6czdXVzFkS25mWGRxVE0tNFhrOXM1NHI4SWF2V2ZoT1ByWC1ZVWNTZVA4UWhqU2dzZzUwREtpOVBieE1qeFEyLWdmRk00bFFJVEY5TnctQ3NsNm9JTmU3TzhqUVJpWVF1QjhXbjJGVjAzVVFVX2xydTg4SHM1WVQ0?oc=5\" target=\"_blank\" rel=\"nofollow noopener\">Frisch verheiratet! So zeigt sich Georgina Rodr\u00edguez jetzt in Venedig<\/a>&nbsp;&nbsp;RTL.de<a href=\"https:\/\/news.google.com\/rss\/articles\/CBMikwFBVV95cUxQNndual92Rl94WWxvb2t5XzNpWDd3cFEzc1A4Uk41ejItQ29WWlVkd0lMMXBUbk00VWNQam9hMU43TGw5TVpzV2pWYVF6dHYxU29XVmN1UnhBSG1RcFlzVnFZWi00RmhGWVhOS2ZCU2s1YUJzMy1ZNFlwdGhkdHRLc2RzcFZlY2s5dF9aWmdIYldLWVk?oc=5\" target=\"_blank\" rel=\"nofollow noopener\">Glamour beim Filmfestival &#8211; Erster Auftritt als Ehefrau: Georgina Rodr\u00edguez gl\u00e4nzt in Venedig<\/a>&nbsp;&nbsp;Yahoo Nachrichten<\/p>\n","protected":false},"excerpt":{"rendered":"Luxus-Look in Lagune &#8211; Georgina Rodr\u00edguez l\u00e4sst in Venedig BH blitzen&nbsp;&nbsp;Kronen ZeitungZur Galerie Georgina Rodr\u00edguez in Venedig: Luxus&hellip;\n","protected":false},"author":2,"featured_media":375589,"comment_status":"","ping_status":"","sticky":false,"template":"","format":"standard","meta":{"footnotes":"","_share_on_mastodon":"0"},"categories":[22],"tags":[46,42,93945,7297,147,10422,33826,53444,93946,2365,73560,44,63662,93947,28940,148,8421],"class_list":["post-375588","post","type-post","status-publish","format-standard","has-post-thumbnail","category-unterhaltung","tag-at","tag-austria","tag-cascais","tag-cristiano-ronaldo","tag-entertainment","tag-george-clooney","tag-georgina","tag-georgina-rodriguez","tag-kenall-jenner","tag-madrid","tag-nina-dobrev","tag-oesterreich","tag-ronaldo","tag-ronaldos","tag-sydney-sweeney","tag-unterhaltung","tag-venedig"],"share_on_mastodon":{"url":"https:\/\/pubeurope.com\/@at\/117214064380093781","error":""},"_links":{"self":[{"href":"https:\/\/www.europesays.com\/at\/wp-json\/wp\/v2\/posts\/375588","targetHints":{"allow":["GET"]}}],"collection":[{"href":"https:\/\/www.europesays.com\/at\/wp-json\/wp\/v2\/posts"}],"about":[{"href":"https:\/\/www.europesays.com\/at\/wp-json\/wp\/v2\/types\/post"}],"author":[{"embeddable":true,"href":"https:\/\/www.europesays.com\/at\/wp-json\/wp\/v2\/users\/2"}],"replies":[{"embeddable":true,"href":"https:\/\/www.europesays.com\/at\/wp-json\/wp\/v2\/comments?post=375588"}],"version-history":[{"count":0,"href":"https:\/\/www.europesays.com\/at\/wp-json\/wp\/v2\/posts\/375588\/revisions"}],"wp:featuredmedia":[{"embeddable":true,"href":"https:\/\/www.europesays.com\/at\/wp-json\/wp\/v2\/media\/375589"}],"wp:attachment":[{"href":"https:\/\/www.europesays.com\/at\/wp-json\/wp\/v2\/media?parent=375588"}],"wp:term":[{"taxonomy":"category","embeddable":true,"href":"https:\/\/www.europesays.com\/at\/wp-json\/wp\/v2\/categories?post=375588"},{"taxonomy":"post_tag","embeddable":true,"href":"https:\/\/www.europesays.com\/at\/wp-json\/wp\/v2\/tags?post=375588"}],"curies":[{"name":"wp","href":"https:\/\/api.w.org\/{rel}","templated":true}]}}