{"id":375610,"date":"2026-09-04T18:11:13","date_gmt":"2026-09-04T18:11:13","guid":{"rendered":"https:\/\/www.europesays.com\/at\/375610\/"},"modified":"2026-09-04T18:11:13","modified_gmt":"2026-09-04T18:11:13","slug":"betroffenheit-nach-bluttat-haette-ich-mir-nie-vorstellen-koennen","status":"publish","type":"post","link":"https:\/\/www.europesays.com\/at\/375610\/","title":{"rendered":"Betroffenheit nach Bluttat: \u201eH\u00e4tte ich mir nie vorstellen k\u00f6nnen\u201c"},"content":{"rendered":"<p>Am Tag nach dem mutma\u00dflichen Mord an einer jungen Frau durch den Bruder ihres Partners bleiben noch viele Fragen offen. Nicht nur bei den Nachbarn in Graz sitzt der Schock tief.<\/p>\n<p class=\"klz-story-element-paragraph klz-text-copy\" data-testid=\"article-paragraph\">Es ist ein strahlend sch\u00f6ner Freitagvormittag in der Grazer Innenstadt, die Stra\u00dfen und Gastg\u00e4rten sind gut gef\u00fcllt. In einem Innenhof eines pr\u00e4chtigen Stadtpalais ganz in der N\u00e4he des Bischofssitzes werden von einer Reinigungsfirma Glasscherben zusammengekehrt. Es sind die Spuren einer f\u00fcrchterlichen Gewalttat, die sich am Donnerstag hier ereignet hat. <\/p>\n<p class=\"klz-story-element-paragraph klz-text-copy\" data-testid=\"article-paragraph\">Gegen 12.40 Uhr soll ein 23-J\u00e4hriger eine 24-j\u00e4hrige Frau t\u00f6dlich verletzt haben, das Opfer konnte nicht mehr gerettet werden und verstarb noch an Ort und Stelle. Der mutma\u00dfliche T\u00e4ter wurde kurz nach der Tat von Beamten der Schnellen Interventionsgruppe (SIG) im Stiegenhaus festgenommen. Wie die Polizei nach anf\u00e4nglicher Zur\u00fcckhaltung am Freitagnachmittag bekanntgab, handelte es sich bei dem Mann um den Bruder des Lebensgef\u00e4hrten des Opfers. Das Paar lebte gemeinsam in der zweist\u00f6ckigen Dachgeschosswohnung, sein Bruder wohnte nicht an dieser Adresse. <\/p>\n<p>Dachgeschossfenster im obersten Stockwerk zerst\u00f6rt<\/p>\n<p class=\"klz-story-element-paragraph klz-text-copy\" data-testid=\"article-paragraph\">Ermittler des Landeskriminalamts Steiermark (LKA) hatten noch vor Ort die weiteren Erhebungen zur Kl\u00e4rung des T\u00f6tungsdelikts \u00fcbernommen. Spezialisten sicherten am Tatort Spuren, um den genauen Ablauf des Geschehens rekonstruieren zu k\u00f6nnen. Eines der wenigen Details, die man bislang ver\u00f6ffentlichen konnte: Der Mann soll sich gewaltsam Zutritt zur Wohnung verschafft haben, w\u00e4hrend die 24-J\u00e4hrige gerade alleine zuhause war. <\/p>\n<p><img decoding=\"async\" src=\"https:\/\/www.europesays.com\/at\/wp-content\/uploads\/2026\/09\/bischpl 1.jpg\" alt=\"Ein Fenster im oberen Dachgeschoss wurde zerst\u00f6rt und notd\u00fcrftig abgedeckt, die Scherben lagen im Innenhof \" loading=\"lazy\" fetchpriority=\"low\"  class=\"inline-block max-h-[600px] max-w-full h-auto w-auto object-contain\"\/> \u00a9 Nina M\u00fcllerEin Fenster im oberen Dachgeschoss wurde zerst\u00f6rt und notd\u00fcrftig abgedeckt, die Scherben lagen im Innenhof <\/p>\n<p class=\"klz-story-element-paragraph klz-text-copy\" data-testid=\"article-paragraph\">Hinter dem ganz offenbar zerst\u00f6rten Dachgeschossfenster im obersten Stockwerk, von dem die Scherben im Innenhof stammen d\u00fcrften, haben sich wohl unbeschreibliche Szenen abgespielt. Was die Tatortarbeit und Spurensicherung zum Tathergang ergeben haben, das wollte die Polizei <a href=\"https:\/\/www.kleinezeitung.at\/artikel\/41230715\/24-jaehrige-in-graz-getoetet-warum-details-unter-verschluss-sind\" target=\"_self\" rel=\"nofollow noopener\">aus ermittlungstaktischen Gr\u00fcnden<\/a> bewusst nicht ver\u00f6ffentlichen. Zudem wollte man so eine weitere Traumatisierung der Angeh\u00f6rigen vermeiden.<\/p>\n<p>Nachbarn \u00fcber Gewalttat im Grazer Innenstadt-Haus best\u00fcrzt<\/p>\n<p class=\"klz-story-element-paragraph klz-text-copy\" data-testid=\"article-paragraph\">Das junge Paar, das seit etwa zweieinhalb Jahren hier wohnte, habe er immer wieder einmal im Stiegenhaus getroffen, sagt ein Nachbar, der T\u00fcr an T\u00fcr mit dem Opfer wohnte. \u201eEs ist einfach f\u00fcrchterlich, dass so etwas Grausames direkt hier passiert \u2013 das h\u00e4tte ich mir niemals vorstellen k\u00f6nnen.\u201c Mitbekommen habe er aber kaum etwas, obwohl er zum Tatzeitpunkt direkt nebenan im Homeoffice in seiner Wohnung arbeitete. \u201eIch hatte mein Headset auf, gerade einmal die Rettungssirene habe ich kurz geh\u00f6rt, aber das auch nur kurz\u201c, erz\u00e4hlt er. Umso gr\u00f6\u00dfer die Best\u00fcrzung, als er erfuhr, <a href=\"https:\/\/www.kleinezeitung.at\/artikel\/41231809\/24-jaehrige-grazerin-vom-bruder-ihres-lebensgefaehrten-getoetet\" target=\"_self\" rel=\"nofollow noopener\">dass die junge Frau gewaltsam sterben musste<\/a>. <\/p>\n<p><img decoding=\"async\" src=\"https:\/\/www.europesays.com\/at\/wp-content\/uploads\/2026\/09\/bischpl 2.jpg\" alt=\"Die amtliche Versiegelung an der T\u00fcr weist darauf hin, dass dahinter etwas Schreckliches passiert ist\" loading=\"lazy\" fetchpriority=\"low\"  class=\"inline-block max-h-[600px] max-w-full h-auto w-auto object-contain\"\/> \u00a9 Nina M\u00fcllerDie amtliche Versiegelung an der T\u00fcr weist darauf hin, dass dahinter etwas Schreckliches passiert ist<\/p>\n<p class=\"klz-story-element-paragraph klz-text-copy\" data-testid=\"article-paragraph\">\u201eEs ist furchtbar und macht mich sehr betroffen\u201c, sagt eine andere Nachbarin, die schon seit mehr als 20 Jahren hier in einer der ausgebauten Wohnungen im Innenhof des Palais wohnt. \u201eIch habe nicht einmal ein Gesicht vor mir, aber wir sind uns bestimmt immer wieder einmal beim Briefkasten oder beim M\u00fcllausleeren begegnet.\u201c Sie selbst war zum Tatzeitpunkt gerade nicht in ihrer Wohnung, sondern in einem Gastgarten ganz in der N\u00e4he \u2013 dort war die schreckliche Tat am Donnerstag, die durch das hohe Polizeiaufkommen nicht unbemerkt geblieben war, das einzige Gespr\u00e4chsthema.<\/p>\n<p><img decoding=\"async\" src=\"https:\/\/www.europesays.com\/at\/wp-content\/uploads\/2026\/09\/bischpl 3.JPG\" alt=\"Das Haus liegt in unmittelbarer N\u00e4he zum Bischofssitz und zur Grazer Stadtpfarrkirche\" loading=\"lazy\" fetchpriority=\"low\"  class=\"inline-block max-h-[600px] max-w-full h-auto w-auto object-contain\"\/> \u00a9 Nina M\u00fcllerDas Haus liegt in unmittelbarer N\u00e4he zum Bischofssitz und zur Grazer Stadtpfarrkirche<\/p>\n<p class=\"klz-story-element-paragraph klz-text-copy\" data-testid=\"article-paragraph\">Die Frage nach dem Warum stellt sich am Tag nach der Tat weiterhin. Und weiterhin gibt es aber keine Antwort darauf. Denn der mutma\u00dfliche T\u00e4ter hat jegliche Angaben zum Tatgeschehen sowie zum Motiv verweigert und damit von seinem Recht auf Aussageverweigerung Gebrauch gemacht. \u00dcber Anordnung der Staatsanwaltschaft Graz sollte der Mann im Laufe des Freitags in die Justizanstalt Graz-Jakomini eingeliefert werden, hie\u00df es. Dort wird am Wochenende \u00fcber die Untersuchungshaft entschieden.<\/p>\n<p class=\"klz-story-element-paragraph klz-text-copy\" data-testid=\"article-paragraph\">Die Obduktion des Leichnams der 24-J\u00e4hrigen hat ebenfalls am Freitag auf Anordnung der Staatsanwaltschaft Graz stattgefunden, auch zu m\u00f6glichen Erkenntnissen daraus hielt sich die Polizei nach wie vor bedeckt. <\/p>\n<p class=\"klz-story-element-paragraph klz-text-copy\" data-testid=\"article-paragraph\">Die Ermittlungen zur genauen Rekonstruktion des Tathergangs und der Hintergr\u00fcnde w\u00fcrden jedenfalls andauern, hie\u00df es von der Polizei. Ermittelt wird gegen den 23-J\u00e4hrigen wegen Mordverdachts.<\/p>\n<p>Rasche Hilfe in Krisensituationen<\/p>\n<p class=\"klz-story-element-paragraph klz-text-copy\" data-testid=\"article-paragraph\">In Krisensituationen gibt es mehrere Anlaufstellen, an die man sich wenden kann:\u00a0<br \/>PsyNot Steiermark:\u00a0die kostenfreie Hotline ist 24 Stunden am Tag unter 0800 \/ 44 99 33 zu erreichen<br \/>Rat auf Draht:\u00a0unter der Telefonnummer 147 ist ein Notruf f\u00fcr Kinder, Jugendliche und deren Bezugspersonen eingerichtet &#8211; kostenlos und ebenfalls rund um die Uhr\u00a0<br \/>Telefonseelsorge\u00a0ist unter der Nummer 142 zu erreichen. <\/p>\n","protected":false},"excerpt":{"rendered":"Am Tag nach dem mutma\u00dflichen Mord an einer jungen Frau durch den Bruder ihres Partners bleiben noch viele&hellip;\n","protected":false},"author":2,"featured_media":375611,"comment_status":"","ping_status":"","sticky":false,"template":"","format":"standard","meta":{"footnotes":"","_share_on_mastodon":"0"},"categories":[29],"tags":[46,42,56550,183,1990,44,63238,26716,2609,5481],"class_list":["post-375610","post","type-post","status-publish","format-standard","has-post-thumbnail","category-graz","tag-at","tag-austria","tag-gewalttat","tag-graz","tag-mord","tag-oesterreich","tag-tat","tag-taeter","tag-tatort","tag-toetungsdelikt"],"share_on_mastodon":{"url":"https:\/\/pubeurope.com\/@at\/117214123906131897","error":""},"_links":{"self":[{"href":"https:\/\/www.europesays.com\/at\/wp-json\/wp\/v2\/posts\/375610","targetHints":{"allow":["GET"]}}],"collection":[{"href":"https:\/\/www.europesays.com\/at\/wp-json\/wp\/v2\/posts"}],"about":[{"href":"https:\/\/www.europesays.com\/at\/wp-json\/wp\/v2\/types\/post"}],"author":[{"embeddable":true,"href":"https:\/\/www.europesays.com\/at\/wp-json\/wp\/v2\/users\/2"}],"replies":[{"embeddable":true,"href":"https:\/\/www.europesays.com\/at\/wp-json\/wp\/v2\/comments?post=375610"}],"version-history":[{"count":0,"href":"https:\/\/www.europesays.com\/at\/wp-json\/wp\/v2\/posts\/375610\/revisions"}],"wp:featuredmedia":[{"embeddable":true,"href":"https:\/\/www.europesays.com\/at\/wp-json\/wp\/v2\/media\/375611"}],"wp:attachment":[{"href":"https:\/\/www.europesays.com\/at\/wp-json\/wp\/v2\/media?parent=375610"}],"wp:term":[{"taxonomy":"category","embeddable":true,"href":"https:\/\/www.europesays.com\/at\/wp-json\/wp\/v2\/categories?post=375610"},{"taxonomy":"post_tag","embeddable":true,"href":"https:\/\/www.europesays.com\/at\/wp-json\/wp\/v2\/tags?post=375610"}],"curies":[{"name":"wp","href":"https:\/\/api.w.org\/{rel}","templated":true}]}}