{"id":375642,"date":"2026-09-04T18:30:11","date_gmt":"2026-09-04T18:30:11","guid":{"rendered":"https:\/\/www.europesays.com\/at\/375642\/"},"modified":"2026-09-04T18:30:11","modified_gmt":"2026-09-04T18:30:11","slug":"fest-vor-park-umgestaltung-am-samstag-wird-aufgefroebelt","status":"publish","type":"post","link":"https:\/\/www.europesays.com\/at\/375642\/","title":{"rendered":"Fest vor Park-Umgestaltung: Am Samstag wird \u201eaufgefr\u00f6belt\u201c"},"content":{"rendered":"<p>Das Lendwirbel-Team l\u00e4dt am Samstag ab 11 Uhr erstmals zum Fr\u00f6belpark-Fest ein. Ab dem 17. September wird der Park dann umgestaltet.<\/p>\n<p class=\"klz-story-element-paragraph klz-text-copy\" data-testid=\"article-paragraph\">Gemeinsames Picknick im Park, Aktiv-Angebote zum Basteln oder Sporteln oder miteinander Singen und Musizieren: Der Grazer Fr\u00f6belpark l\u00e4dt morgen, Samstag, erstmals zum Parkfest. Erarbeitet wurde das Programm vom Team des Lendwirbel, das sich ja als \u201eVerein f\u00fcr nachbarschaftliche Stadtentwicklung\u201c neu gegr\u00fcndet hat und sich neben dem gro\u00dfen Stra\u00dfenfest im Mai um weitere Veranstaltungen und Initiativen k\u00fcmmert. Das niederschwellige Nachbarschaftsfest startet um 11 Uhr, der Eintritt ist frei. <\/p>\n<p class=\"klz-story-element-paragraph klz-text-copy\" data-testid=\"article-paragraph\">Der Zeitpunkt wurde nicht von ungef\u00e4hr gew\u00e4hlt \u2013 denn der Park erf\u00e4hrt ab 17. September eine Neugestaltung. Hintergrund daf\u00fcr ist das Stadtteilleitbild, das vor einem Jahr erarbeitet wurde. Die Menschen w\u00fcnschten sich dabei unter anderem mehr Gr\u00fcn, sichere Wege, lebendige Nachbarschaften, eine starke Identit\u00e4t und einen besseren Zugang zum Wasser im Stadtteil, unter anderem dem M\u00fchlgang. <\/p>\n<p class=\"klz-story-element-paragraph klz-text-copy\" data-testid=\"article-paragraph\">Schon im Oktober 2025 wurde am Spielplatz ein zentraler Wunsch aus der Bev\u00f6lkerung umgesetzt: Die neue rollstuhlgerechte \u201eRitterburg\u201c am Spielplatz erfreut sich gleich gro\u00dfer Beliebtheit. <\/p>\n<p><img decoding=\"async\" src=\"https:\/\/www.europesays.com\/at\/wp-content\/uploads\/2026\/09\/lendwirbelfest.jpg\" alt=\"Parkfest im Fr\u00f6belpark\" loading=\"lazy\" fetchpriority=\"low\"  class=\"inline-block max-h-[600px] max-w-full h-auto w-auto object-contain\"\/>Parkfest im Fr\u00f6belparkMehr zum Thema<a href=\"https:\/\/www.kleinezeitung.at\/artikel\/20393598\/fast-2-5-hektar-neue-gruenflaechen-stadt-graz-beschliesst-park-paket\" class=\"shrink-0 relative\" rel=\"nofollow noopener\" target=\"_blank\"><img decoding=\"async\" src=\"https:\/\/www.europesays.com\/at\/wp-content\/uploads\/2026\/09\/ParkLandschaftsarchitekturWettbewerb30.jpg\" alt=\"Foto vom Wettbewerb zum Ivanka Gruber Park, den zwoPK Landschaftsarchitektur f\u00fcr sich entschieden hat (Judith Schwentner, Juryvorsitzender Josef Knappinger, Stadtbaudirektor Bertram Werle)\" loading=\"lazy\" fetchpriority=\"auto\"  class=\"size-32 @[380px]:size-36 aspect-square object-cover object-top rounded-l-xl overflow-hidden\"\/><\/a><a href=\"https:\/\/www.kleinezeitung.at\/artikel\/20200984\/ritterburg-als-erste-vorschau-auf-die-vielfalt-am-wasser-in-lend-mitte\" class=\"shrink-0 relative\" rel=\"nofollow noopener\" target=\"_blank\"><img decoding=\"async\" src=\"https:\/\/www.europesays.com\/at\/wp-content\/uploads\/2026\/09\/FroebelparkSpielplatz23.jpg\" alt=\"Der neue Spielbereich inklusive Ritterburg im Fr\u00f6belpark ist fertig. Leander &amp; Levi haben ihn gleich getestet. Mit im Bild: Vizeb\u00fcrgermeisterin Judith Schwentner, Abteilungsleiter Gr\u00fcnraum und Gew\u00e4sser Robert Wiener, Projektleiter Matthias Preinknoll\" loading=\"lazy\" fetchpriority=\"auto\"  class=\"size-32 @[380px]:size-36 aspect-square object-cover object-top rounded-l-xl overflow-hidden\"\/><\/a><\/p>\n","protected":false},"excerpt":{"rendered":"Das Lendwirbel-Team l\u00e4dt am Samstag ab 11 Uhr erstmals zum Fr\u00f6belpark-Fest ein. Ab dem 17. September wird der&hellip;\n","protected":false},"author":2,"featured_media":375643,"comment_status":"","ping_status":"","sticky":false,"template":"","format":"standard","meta":{"footnotes":"","_share_on_mastodon":"0"},"categories":[29],"tags":[46,42,18931,183,93958,44,93957,93959,7649],"class_list":["post-375642","post","type-post","status-publish","format-standard","has-post-thumbnail","category-graz","tag-at","tag-austria","tag-froebelpark","tag-graz","tag-lendwirbel","tag-oesterreich","tag-parkfest","tag-ritterburg","tag-spielplatz"],"share_on_mastodon":{"url":"https:\/\/pubeurope.com\/@at\/117214198853455067","error":""},"_links":{"self":[{"href":"https:\/\/www.europesays.com\/at\/wp-json\/wp\/v2\/posts\/375642","targetHints":{"allow":["GET"]}}],"collection":[{"href":"https:\/\/www.europesays.com\/at\/wp-json\/wp\/v2\/posts"}],"about":[{"href":"https:\/\/www.europesays.com\/at\/wp-json\/wp\/v2\/types\/post"}],"author":[{"embeddable":true,"href":"https:\/\/www.europesays.com\/at\/wp-json\/wp\/v2\/users\/2"}],"replies":[{"embeddable":true,"href":"https:\/\/www.europesays.com\/at\/wp-json\/wp\/v2\/comments?post=375642"}],"version-history":[{"count":0,"href":"https:\/\/www.europesays.com\/at\/wp-json\/wp\/v2\/posts\/375642\/revisions"}],"wp:featuredmedia":[{"embeddable":true,"href":"https:\/\/www.europesays.com\/at\/wp-json\/wp\/v2\/media\/375643"}],"wp:attachment":[{"href":"https:\/\/www.europesays.com\/at\/wp-json\/wp\/v2\/media?parent=375642"}],"wp:term":[{"taxonomy":"category","embeddable":true,"href":"https:\/\/www.europesays.com\/at\/wp-json\/wp\/v2\/categories?post=375642"},{"taxonomy":"post_tag","embeddable":true,"href":"https:\/\/www.europesays.com\/at\/wp-json\/wp\/v2\/tags?post=375642"}],"curies":[{"name":"wp","href":"https:\/\/api.w.org\/{rel}","templated":true}]}}